{"id":73148,"date":"2026-09-04T06:38:51","date_gmt":"2026-09-04T09:38:51","guid":{"rendered":"https:\/\/g1.globo.com\/pb\/paraiba\/noticia\/2026\/09\/04\/marinha-abre-visitacao-ao-navio-patrulha-grauna-no-porto-de-cabedelo-neste-domingo.ghtml"},"modified":"2026-09-04T06:38:51","modified_gmt":"2026-09-04T09:38:51","slug":"marinha-abre-visitacao-ao-navio-patrulha-grauna-no-porto-de-cabedelo-neste-domingo","status":"publish","type":"post","link":"https:\/\/sindaopcpb.org.br\/index.php\/2026\/09\/04\/marinha-abre-visitacao-ao-navio-patrulha-grauna-no-porto-de-cabedelo-neste-domingo\/","title":{"rendered":"Marinha abre visita\u00e7\u00e3o ao navio-patrulha Gra\u00fana no Porto de Cabedelo neste domingo"},"content":{"rendered":"   <img src=\"https:\/\/s2-g1.glbimg.com\/bezo_r-U4Rzy7sKNjz9R7ARu-co=\/i.s3.glbimg.com\/v1\/AUTH_59edd422c0c84a879bd37670ae4f538a\/internal_photos\/bs\/2026\/n\/B\/fG5xrNTQCm2ak51Nherw\/grauna.jpg\" \/><br \/>     Navio Gra\u00fana da Marinha do Brasil\nDivulga\u00e7\u00e3o\/Marinha\nA Marinha do Brasil abre, neste domingo (6), a visita\u00e7\u00e3o ao navio-patrulha Gra\u00fana. O acesso do p\u00fablico ocorre das 10h \u00e0s 16h, no Porto de Cabedelo, por ordem de chegada.\nO evento tem como objetivo proporcionar a experi\u00eancia de conhecer de perto uma das embarca\u00e7\u00f5es empregadas pela institui\u00e7\u00e3o em a\u00e7\u00f5es de apoio, salvamento, patrulhamento e inspe\u00e7\u00e3o naval.\n\u2705 Clique aqui para seguir o canal do g1 PB no WhatsApp\nO navio integra a \u00e1rea de responsabilidade do Comando do 3\u00ba Distrito Naval. A jurisdi\u00e7\u00e3o contempla os estados do Cear\u00e1, Rio Grande do Norte, Para\u00edba, Pernambuco e Alagoas, abrangendo tamb\u00e9m os arquip\u00e9lagos de Fernando de Noronha e de S\u00e3o Pedro e S\u00e3o Paulo, al\u00e9m da Reserva Biol\u00f3gica do Atol das Rocas.\nA entrada ser\u00e1 pelo port\u00e3o localizado em frente ao Porto de Cabedelo. Por motivos de seguran\u00e7a, a recomenda\u00e7\u00e3o \u00e9 usar cal\u00e7ados fechados e sem salto.\nAgora no g1\nComo parte da programa\u00e7\u00e3o, haver\u00e1 um ponto de coleta de alimentos n\u00e3o perec\u00edveis. Os donativos arrecadados ser\u00e3o destinados a institui\u00e7\u00f5es sociais da regi\u00e3o.\nV\u00eddeos mais assistidos do g1 Para\u00edba  ","protected":false},"excerpt":{"rendered":"<p>        Navio Gra\u00fana da Marinha do Brasil<br \/>\nDivulga\u00e7\u00e3o\/Marinha<br \/>\nA Marinha do Brasil abre, neste domingo (6), a visita\u00e7\u00e3o ao navio-patrulha Gra\u00fana. O acesso do p\u00fablico ocorre das 10h \u00e0s 16h, no Porto de Cabedelo, por ordem de chegada.<br \/>\nO evento tem como obj&#8230;<\/p>\n","protected":false},"author":2,"featured_media":0,"comment_status":"closed","ping_status":"closed","sticky":false,"template":"","format":"standard","meta":{"advgb_blocks_editor_width":"","advgb_blocks_columns_visual_guide":"","footnotes":""},"categories":[34],"tags":[35],"class_list":["post-73148","post","type-post","status-publish","format-standard","hentry","category-g1","tag-g1"],"author_meta":{"display_name":"g1 &gt; Para\u00edba","author_link":"https:\/\/sindaopcpb.org.br\/author\/g1-paraiba\/"},"featured_img":null,"coauthors":[],"tax_additional":{"categories":{"linked":["<a href=\"https:\/\/sindaopcpb.org.br\/g1\/\" class=\"advgb-post-tax-term\">G1<\/a>"],"unlinked":["<span class=\"advgb-post-tax-term\">G1<\/span>"]},"tags":{"linked":["<a href=\"https:\/\/sindaopcpb.org.br\/g1\/\" class=\"advgb-post-tax-term\">g1<\/a>"],"unlinked":["<span class=\"advgb-post-tax-term\">g1<\/span>"]}},"comment_count":"0","relative_dates":{"created":"Publicado 6 horas atr\u00e1s","modified":"Atualizado 6 horas atr\u00e1s"},"absolute_dates":{"created":"Publicado em 4 de setembro de 2026","modified":"Atualizado em 4 de setembro de 2026"},"absolute_dates_time":{"created":"Publicado em 4 de setembro de 2026 06:38","modified":"Atualizado em 4 de setembro de 2026 06:38"},"featured_img_caption":"","series_order":"","_links":{"self":[{"href":"https:\/\/sindaopcpb.org.br\/index.php\/wp-json\/wp\/v2\/posts\/73148","targetHints":{"allow":["GET"]}}],"collection":[{"href":"https:\/\/sindaopcpb.org.br\/index.php\/wp-json\/wp\/v2\/posts"}],"about":[{"href":"https:\/\/sindaopcpb.org.br\/index.php\/wp-json\/wp\/v2\/types\/post"}],"author":[{"embeddable":true,"href":"https:\/\/sindaopcpb.org.br\/index.php\/wp-json\/wp\/v2\/users\/2"}],"replies":[{"embeddable":true,"href":"https:\/\/sindaopcpb.org.br\/index.php\/wp-json\/wp\/v2\/comments?post=73148"}],"version-history":[{"count":1,"href":"https:\/\/sindaopcpb.org.br\/index.php\/wp-json\/wp\/v2\/posts\/73148\/revisions"}],"predecessor-version":[{"id":73149,"href":"https:\/\/sindaopcpb.org.br\/index.php\/wp-json\/wp\/v2\/posts\/73148\/revisions\/73149"}],"wp:attachment":[{"href":"https:\/\/sindaopcpb.org.br\/index.php\/wp-json\/wp\/v2\/media?parent=73148"}],"wp:term":[{"taxonomy":"category","embeddable":true,"href":"https:\/\/sindaopcpb.org.br\/index.php\/wp-json\/wp\/v2\/categories?post=73148"},{"taxonomy":"post_tag","embeddable":true,"href":"https:\/\/sindaopcpb.org.br\/index.php\/wp-json\/wp\/v2\/tags?post=73148"}],"curies":[{"name":"wp","href":"https:\/\/api.w.org\/{rel}","templated":true}]}}