{"id":73144,"date":"2026-09-04T06:43:56","date_gmt":"2026-09-04T09:43:56","guid":{"rendered":"https:\/\/www.pbagora.com.br\/?p=969089"},"modified":"2026-09-04T06:43:56","modified_gmt":"2026-09-04T09:43:56","slug":"acidente-entre-carro-forte-e-veiculo-de-escolta-deixa-motorista-ferido-na-capital","status":"publish","type":"post","link":"https:\/\/sindaopcpb.org.br\/index.php\/2026\/09\/04\/acidente-entre-carro-forte-e-veiculo-de-escolta-deixa-motorista-ferido-na-capital\/","title":{"rendered":"Acidente entre carro-forte e ve\u00edculo de escolta deixa motorista ferido, na capital"},"content":{"rendered":"<p><img width=\"742\" height=\"416\" src=\"https:\/\/www.pbagora.com.br\/storage\/2026\/09\/Sem-titulo.jpg\" class=\"attachment-large size-large wp-post-image\" alt=\"\" style=\"margin-bottom: 20px;\" decoding=\"async\" srcset=\"https:\/\/www.pbagora.com.br\/storage\/2026\/09\/Sem-titulo.jpg 742w, https:\/\/www.pbagora.com.br\/storage\/2026\/09\/Sem-titulo-300x168.jpg 300w, https:\/\/www.pbagora.com.br\/storage\/2026\/09\/Sem-titulo-150x84.jpg 150w, https:\/\/www.pbagora.com.br\/storage\/2026\/09\/Sem-titulo-380x213.jpg 380w, https:\/\/www.pbagora.com.br\/storage\/2026\/09\/Sem-titulo-80x46.jpg 80w\" sizes=\"(max-width: 742px) 100vw, 742px\" \/><\/p>\n<p class=\"wp-block-paragraph\">Uma colis\u00e3o envolvendo um carro-forte e um ve\u00edculo de escolta deixou um motorista ferido e preso nas ferragens momentaneamente, em um cruzamento no Bairro dos Estados, na noite de ontem (3), na capital paraibana.<\/p>\n\n\n\n<p class=\"wp-block-paragraph\">Segundo o Corpo de Bombeiros, o motorista foi retirado posteriormente de dentro do ve\u00edculo ap\u00f3s trabalho da equipe no local. Com o impacto, esse motorista ficou ferido e encaminhado para o Hospital de Trauma da capital. O estado de sa\u00fade n\u00e3o foi divulgado.<\/p>\n\n\n\n<p class=\"wp-block-paragraph\">Al\u00e9m do Corpo de Bombeiros, tamb\u00e9m foram acionados para o local a Pol\u00edcia Militar e tamb\u00e9m agentes da Superintend\u00eancia Executiva de Mobilidade Urbana (Semob-JP) para coordenar o tr\u00e2nsito ap\u00f3s o acidente.<\/p>\n\n\n\n<p class=\"wp-block-paragraph\">Reda\u00e7\u00e3o<\/p>\n","protected":false},"excerpt":{"rendered":"<p><img loading=\"lazy\" decoding=\"async\" width=\"742\" height=\"416\" src=\"https:\/\/www.pbagora.com.br\/storage\/2026\/09\/Sem-titulo.jpg\" class=\"attachment-large size-large wp-post-image\" alt=\"\" srcset=\"https:\/\/www.pbagora.com.br\/storage\/2026\/09\/Sem-titulo.jpg 742w, https:\/\/www.pbagora.com.br\/storage\/2026\/09\/Sem-titulo-300x168.jpg 300w, https:\/\/www.pbagora.com.br\/storage\/2026\/09\/Sem-titulo-150x84.jpg 150w, https:\/\/www.pbagora.com.br\/storage\/2026\/09\/Sem-titulo-380x213.jpg 380w, https:\/\/www.pbagora.com.br\/storage\/2026\/09\/Sem-titulo-80x46.jpg 80w\" sizes=\"auto, (max-width: 742px) 100vw, 742px\"><\/p>\n<p>Uma colis\u00e3o envolvendo um carro-forte e um ve\u00edculo de escolta deixou um motorista ferido e preso nas ferragens\u2026<\/p>\n","protected":false},"author":123457,"featured_media":0,"comment_status":"closed","ping_status":"closed","sticky":false,"template":"","format":"standard","meta":{"advgb_blocks_editor_width":"","advgb_blocks_columns_visual_guide":"","footnotes":""},"categories":[34],"tags":[35,10839,10842],"class_list":["post-73144","post","type-post","status-publish","format-standard","hentry","category-g1","tag-g1","tag-policial","tag-principal3"],"author_meta":{"display_name":"Reda\u00e7\u00e3o","author_link":"https:\/\/sindaopcpb.org.br\/author\/redacao\/"},"featured_img":null,"coauthors":[],"tax_additional":{"categories":{"linked":["<a href=\"https:\/\/sindaopcpb.org.br\/g1\/\" class=\"advgb-post-tax-term\">G1<\/a>"],"unlinked":["<span class=\"advgb-post-tax-term\">G1<\/span>"]},"tags":{"linked":["<a href=\"https:\/\/sindaopcpb.org.br\/g1\/\" class=\"advgb-post-tax-term\">g1<\/a>","<a href=\"https:\/\/sindaopcpb.org.br\/g1\/\" class=\"advgb-post-tax-term\">Policial<\/a>","<a href=\"https:\/\/sindaopcpb.org.br\/g1\/\" class=\"advgb-post-tax-term\">Principal3<\/a>"],"unlinked":["<span class=\"advgb-post-tax-term\">g1<\/span>","<span class=\"advgb-post-tax-term\">Policial<\/span>","<span class=\"advgb-post-tax-term\">Principal3<\/span>"]}},"comment_count":"0","relative_dates":{"created":"Publicado 6 horas atr\u00e1s","modified":"Atualizado 6 horas atr\u00e1s"},"absolute_dates":{"created":"Publicado em 4 de setembro de 2026","modified":"Atualizado em 4 de setembro de 2026"},"absolute_dates_time":{"created":"Publicado em 4 de setembro de 2026 06:43","modified":"Atualizado em 4 de setembro de 2026 06:43"},"featured_img_caption":"","series_order":"","_links":{"self":[{"href":"https:\/\/sindaopcpb.org.br\/index.php\/wp-json\/wp\/v2\/posts\/73144","targetHints":{"allow":["GET"]}}],"collection":[{"href":"https:\/\/sindaopcpb.org.br\/index.php\/wp-json\/wp\/v2\/posts"}],"about":[{"href":"https:\/\/sindaopcpb.org.br\/index.php\/wp-json\/wp\/v2\/types\/post"}],"author":[{"embeddable":true,"href":"https:\/\/sindaopcpb.org.br\/index.php\/wp-json\/wp\/v2\/users\/123457"}],"replies":[{"embeddable":true,"href":"https:\/\/sindaopcpb.org.br\/index.php\/wp-json\/wp\/v2\/comments?post=73144"}],"version-history":[{"count":1,"href":"https:\/\/sindaopcpb.org.br\/index.php\/wp-json\/wp\/v2\/posts\/73144\/revisions"}],"predecessor-version":[{"id":73145,"href":"https:\/\/sindaopcpb.org.br\/index.php\/wp-json\/wp\/v2\/posts\/73144\/revisions\/73145"}],"wp:attachment":[{"href":"https:\/\/sindaopcpb.org.br\/index.php\/wp-json\/wp\/v2\/media?parent=73144"}],"wp:term":[{"taxonomy":"category","embeddable":true,"href":"https:\/\/sindaopcpb.org.br\/index.php\/wp-json\/wp\/v2\/categories?post=73144"},{"taxonomy":"post_tag","embeddable":true,"href":"https:\/\/sindaopcpb.org.br\/index.php\/wp-json\/wp\/v2\/tags?post=73144"}],"curies":[{"name":"wp","href":"https:\/\/api.w.org\/{rel}","templated":true}]}}