{"id":73136,"date":"2026-09-03T18:50:46","date_gmt":"2026-09-03T21:50:46","guid":{"rendered":"https:\/\/www.pbagora.com.br\/?p=969035"},"modified":"2026-09-03T18:50:46","modified_gmt":"2026-09-03T21:50:46","slug":"homofobia-homem-e-preso-suspeito-de-torturar-sequestrar-e-agredir-vitima-na-paraiba","status":"publish","type":"post","link":"https:\/\/sindaopcpb.org.br\/index.php\/2026\/09\/03\/homofobia-homem-e-preso-suspeito-de-torturar-sequestrar-e-agredir-vitima-na-paraiba\/","title":{"rendered":"Homofobia: homem \u00e9 preso suspeito de torturar, sequestrar e agredir v\u00edtima na Para\u00edba"},"content":{"rendered":"<p><img width=\"227\" height=\"253\" src=\"https:\/\/www.pbagora.com.br\/storage\/2026\/09\/Captura-de-tela-2026-09-03-145655.png\" class=\"attachment-large size-large wp-post-image\" alt=\"\" style=\"margin-bottom: 20px;\" decoding=\"async\" srcset=\"https:\/\/www.pbagora.com.br\/storage\/2026\/09\/Captura-de-tela-2026-09-03-145655.png 227w, https:\/\/www.pbagora.com.br\/storage\/2026\/09\/Captura-de-tela-2026-09-03-145655-135x150.png 135w, https:\/\/www.pbagora.com.br\/storage\/2026\/09\/Captura-de-tela-2026-09-03-145655-80x89.png 80w, https:\/\/www.pbagora.com.br\/storage\/2026\/09\/Captura-de-tela-2026-09-03-145655-72x80.png 72w\" sizes=\"(max-width: 227px) 100vw, 227px\" \/><\/p>\n<p class=\"wp-block-paragraph\">A Pol\u00edcia Civil da Para\u00edba, por meio do Grupo T\u00e1tico Especial da 14\u00aa Delegacia Seccional de Pol\u00edcia Civil (DSPC) e da Delegacia de Pol\u00edcia Civil de Serra Branca, cumpriu, nesta quinta-feira (3), um mandado de pris\u00e3o preventiva contra um homem investigado pela pr\u00e1tica dos crimes de tortura, sequestro e les\u00f5es corporais, em contexto de viol\u00eancia motivada por homofobia, no munic\u00edpio de Serra Branca, no Cariri paraibano.<\/p>\n\n\n\n<p class=\"wp-block-paragraph\">De acordo com as informa\u00e7\u00f5es, os fatos ocorreram em fevereiro de 2020, quando um professor, \u00e0 \u00e9poca com 45 anos, foi retirado da pr\u00f3pria resid\u00eancia e levado, contra a vontade, para uma \u00e1rea rural do munic\u00edpio. No local, a v\u00edtima teria sido submetida, por quatro homens, a intenso sofrimento f\u00edsico e mental, mediante agress\u00f5es e outras formas de viol\u00eancia, em raz\u00e3o de discrimina\u00e7\u00e3o relacionada \u00e0 sua orienta\u00e7\u00e3o sexual. As agress\u00f5es provocaram les\u00f5es que exigiram atendimento hospitalar e procedimento cir\u00fargico.<\/p>\n\n\n\n<p class=\"wp-block-paragraph\">Conforme apurado durante as investiga\u00e7\u00f5es, o crime teria sido planejado como forma de repres\u00e1lia ap\u00f3s a divulga\u00e7\u00e3o, em redes sociais, de um v\u00eddeo relacionado \u00e0 vida \u00edntima da v\u00edtima. A motiva\u00e7\u00e3o discriminat\u00f3ria foi considerada no curso das investiga\u00e7\u00f5es e poder\u00e1 repercutir na responsabiliza\u00e7\u00e3o penal, conforme a an\u00e1lise dos elementos reunidos no procedimento.<\/p>\n\n\n\n<p class=\"wp-block-paragraph\">Ap\u00f3s as medidas investigativas e judiciais cab\u00edveis, foi expedido mandado de pris\u00e3o preventiva contra um dos investigados. Com a localiza\u00e7\u00e3o do alvo, as equipes da Pol\u00edcia Civil realizaram o cumprimento da ordem judicial. O preso foi conduzido \u00e0 unidade policial para a formaliza\u00e7\u00e3o dos procedimentos legais e, posteriormente, ficar\u00e1 \u00e0 disposi\u00e7\u00e3o da Justi\u00e7a. As investiga\u00e7\u00f5es prosseguem sob responsabilidade da Pol\u00edcia Civil da Para\u00edba, com preserva\u00e7\u00e3o da identidade da v\u00edtima e das demais informa\u00e7\u00f5es submetidas a sigilo. A tipifica\u00e7\u00e3o apresentada \u00e9 provis\u00f3ria e poder\u00e1 ser ajustada conforme o avan\u00e7o das investiga\u00e7\u00f5es e a an\u00e1lise do Minist\u00e9rio P\u00fablico e do Poder Judici\u00e1rio.<\/p>\n","protected":false},"excerpt":{"rendered":"<p><img loading=\"lazy\" decoding=\"async\" width=\"227\" height=\"253\" src=\"https:\/\/www.pbagora.com.br\/storage\/2026\/09\/Captura-de-tela-2026-09-03-145655.png\" class=\"attachment-large size-large wp-post-image\" alt=\"\" srcset=\"https:\/\/www.pbagora.com.br\/storage\/2026\/09\/Captura-de-tela-2026-09-03-145655.png 227w, https:\/\/www.pbagora.com.br\/storage\/2026\/09\/Captura-de-tela-2026-09-03-145655-135x150.png 135w, https:\/\/www.pbagora.com.br\/storage\/2026\/09\/Captura-de-tela-2026-09-03-145655-80x89.png 80w, https:\/\/www.pbagora.com.br\/storage\/2026\/09\/Captura-de-tela-2026-09-03-145655-72x80.png 72w\" sizes=\"auto, (max-width: 227px) 100vw, 227px\"><\/p>\n<p>A Pol\u00edcia Civil da Para\u00edba, por meio do Grupo T\u00e1tico Especial da 14\u00aa Delegacia Seccional de Pol\u00edcia Civil\u2026<\/p>\n","protected":false},"author":123457,"featured_media":0,"comment_status":"closed","ping_status":"closed","sticky":false,"template":"","format":"standard","meta":{"advgb_blocks_editor_width":"","advgb_blocks_columns_visual_guide":"","footnotes":""},"categories":[34],"tags":[10841,35,10839],"class_list":["post-73136","post","type-post","status-publish","format-standard","hentry","category-g1","tag-destaque-centro-02","tag-g1","tag-policial"],"author_meta":{"display_name":"Reda\u00e7\u00e3o","author_link":"https:\/\/sindaopcpb.org.br\/author\/redacao\/"},"featured_img":null,"coauthors":[],"tax_additional":{"categories":{"linked":["<a href=\"https:\/\/sindaopcpb.org.br\/g1\/\" class=\"advgb-post-tax-term\">G1<\/a>"],"unlinked":["<span class=\"advgb-post-tax-term\">G1<\/span>"]},"tags":{"linked":["<a href=\"https:\/\/sindaopcpb.org.br\/g1\/\" class=\"advgb-post-tax-term\">Destaque Centro 02<\/a>","<a href=\"https:\/\/sindaopcpb.org.br\/g1\/\" class=\"advgb-post-tax-term\">g1<\/a>","<a href=\"https:\/\/sindaopcpb.org.br\/g1\/\" class=\"advgb-post-tax-term\">Policial<\/a>"],"unlinked":["<span class=\"advgb-post-tax-term\">Destaque Centro 02<\/span>","<span class=\"advgb-post-tax-term\">g1<\/span>","<span class=\"advgb-post-tax-term\">Policial<\/span>"]}},"comment_count":"0","relative_dates":{"created":"Publicado 15 horas atr\u00e1s","modified":"Atualizado 15 horas atr\u00e1s"},"absolute_dates":{"created":"Publicado em 3 de setembro de 2026","modified":"Atualizado em 3 de setembro de 2026"},"absolute_dates_time":{"created":"Publicado em 3 de setembro de 2026 18:50","modified":"Atualizado em 3 de setembro de 2026 18:50"},"featured_img_caption":"","series_order":"","_links":{"self":[{"href":"https:\/\/sindaopcpb.org.br\/index.php\/wp-json\/wp\/v2\/posts\/73136","targetHints":{"allow":["GET"]}}],"collection":[{"href":"https:\/\/sindaopcpb.org.br\/index.php\/wp-json\/wp\/v2\/posts"}],"about":[{"href":"https:\/\/sindaopcpb.org.br\/index.php\/wp-json\/wp\/v2\/types\/post"}],"author":[{"embeddable":true,"href":"https:\/\/sindaopcpb.org.br\/index.php\/wp-json\/wp\/v2\/users\/123457"}],"replies":[{"embeddable":true,"href":"https:\/\/sindaopcpb.org.br\/index.php\/wp-json\/wp\/v2\/comments?post=73136"}],"version-history":[{"count":1,"href":"https:\/\/sindaopcpb.org.br\/index.php\/wp-json\/wp\/v2\/posts\/73136\/revisions"}],"predecessor-version":[{"id":73140,"href":"https:\/\/sindaopcpb.org.br\/index.php\/wp-json\/wp\/v2\/posts\/73136\/revisions\/73140"}],"wp:attachment":[{"href":"https:\/\/sindaopcpb.org.br\/index.php\/wp-json\/wp\/v2\/media?parent=73136"}],"wp:term":[{"taxonomy":"category","embeddable":true,"href":"https:\/\/sindaopcpb.org.br\/index.php\/wp-json\/wp\/v2\/categories?post=73136"},{"taxonomy":"post_tag","embeddable":true,"href":"https:\/\/sindaopcpb.org.br\/index.php\/wp-json\/wp\/v2\/tags?post=73136"}],"curies":[{"name":"wp","href":"https:\/\/api.w.org\/{rel}","templated":true}]}}