{"id":73134,"date":"2026-09-03T18:57:55","date_gmt":"2026-09-03T21:57:55","guid":{"rendered":"https:\/\/g1.globo.com\/pb\/paraiba\/noticia\/2026\/09\/03\/homem-e-preso-suspeito-de-estupro-de-vulneravel-contra-crianca-no-sertao-da-paraiba.ghtml"},"modified":"2026-09-03T18:57:55","modified_gmt":"2026-09-03T21:57:55","slug":"homem-e-preso-suspeito-de-estuprar-crianca-de-11-anos-que-engravidou-apos-violencia-na-paraiba","status":"publish","type":"post","link":"https:\/\/sindaopcpb.org.br\/index.php\/2026\/09\/03\/homem-e-preso-suspeito-de-estuprar-crianca-de-11-anos-que-engravidou-apos-violencia-na-paraiba\/","title":{"rendered":"Homem \u00e9 preso suspeito de estuprar crian\u00e7a de 11 anos que engravidou ap\u00f3s viol\u00eancia, na Para\u00edba"},"content":{"rendered":"   <img src=\"https:\/\/s2-g1.glbimg.com\/RZq5PZT3h-0Evmbe-Huq6VxgziA=\/i.s3.glbimg.com\/v1\/AUTH_59edd422c0c84a879bd37670ae4f538a\/internal_photos\/bs\/2026\/9\/5\/FXmenKT8SdcdXBBcBkAA\/prisaoaaa.png\" \/><br \/>     Homem \u00e9 preso suspeito de estupro de vulner\u00e1vel contra adolescente, no Sert\u00e3o da Para\u00edba\nPol\u00edcia Civil da Para\u00edba\nUm homem de 24 anos, que n\u00e3o teve a identidade divulgada, foi preso suspeito pelo crime de estupro de vulner\u00e1vel contra uma crian\u00e7a de 11 anos na cidade de Santa Luzia, no interior da Para\u00edba, nesta quinta-feira (3). A jovem, inclusive, engravidou do suspeito ap\u00f3s a viol\u00eancia sofrida. \n\u2705 Clique aqui para seguir o canal do g1 PB no WhatsApp\nO suspeito investigado no caso foi localizado trabalhando em uma cer\u00e2mica no munic\u00edpio de S\u00e3o Jos\u00e9 do Sabugi, tamb\u00e9m na regi\u00e3o de Santa Luzia. O homem j\u00e1 havia sido alvo de outras investiga\u00e7\u00f5es anteriormente por outros crimes.\nDe acordo com a Pol\u00edcia Civil, a v\u00edtima do caso  j\u00e1 deu a luz e o beb\u00ea tem aproximadamente 20 dias de vida.\nAp\u00f3s a pris\u00e3o, o suspeito foi encaminhado para a Delegacia Seccional de Pol\u00edcia Civil da cidade de Patos, no Sert\u00e3o e est\u00e1 \u00e0 disposi\u00e7\u00e3o da Justi\u00e7a.\nAgora no g1\nV\u00eddeos mais assistidos do g1 Para\u00edba  ","protected":false},"excerpt":{"rendered":"<p>        Homem \u00e9 preso suspeito de estupro de vulner\u00e1vel contra adolescente, no Sert\u00e3o da Para\u00edba<br \/>\nPol\u00edcia Civil da Para\u00edba<br \/>\nUm homem de 24 anos, que n\u00e3o teve a identidade divulgada, foi preso suspeito pelo crime de estupro de vulner\u00e1vel contra uma crian\u00e7&#8230;<\/p>\n","protected":false},"author":2,"featured_media":0,"comment_status":"closed","ping_status":"closed","sticky":false,"template":"","format":"standard","meta":{"advgb_blocks_editor_width":"","advgb_blocks_columns_visual_guide":"","footnotes":""},"categories":[34],"tags":[35],"class_list":["post-73134","post","type-post","status-publish","format-standard","hentry","category-g1","tag-g1"],"author_meta":{"display_name":"g1 &gt; Para\u00edba","author_link":"https:\/\/sindaopcpb.org.br\/author\/g1-paraiba\/"},"featured_img":null,"coauthors":[],"tax_additional":{"categories":{"linked":["<a href=\"https:\/\/sindaopcpb.org.br\/g1\/\" class=\"advgb-post-tax-term\">G1<\/a>"],"unlinked":["<span class=\"advgb-post-tax-term\">G1<\/span>"]},"tags":{"linked":["<a href=\"https:\/\/sindaopcpb.org.br\/g1\/\" class=\"advgb-post-tax-term\">g1<\/a>"],"unlinked":["<span class=\"advgb-post-tax-term\">g1<\/span>"]}},"comment_count":"0","relative_dates":{"created":"Publicado 15 horas atr\u00e1s","modified":"Atualizado 15 horas atr\u00e1s"},"absolute_dates":{"created":"Publicado em 3 de setembro de 2026","modified":"Atualizado em 3 de setembro de 2026"},"absolute_dates_time":{"created":"Publicado em 3 de setembro de 2026 18:57","modified":"Atualizado em 3 de setembro de 2026 18:57"},"featured_img_caption":"","series_order":"","_links":{"self":[{"href":"https:\/\/sindaopcpb.org.br\/index.php\/wp-json\/wp\/v2\/posts\/73134","targetHints":{"allow":["GET"]}}],"collection":[{"href":"https:\/\/sindaopcpb.org.br\/index.php\/wp-json\/wp\/v2\/posts"}],"about":[{"href":"https:\/\/sindaopcpb.org.br\/index.php\/wp-json\/wp\/v2\/types\/post"}],"author":[{"embeddable":true,"href":"https:\/\/sindaopcpb.org.br\/index.php\/wp-json\/wp\/v2\/users\/2"}],"replies":[{"embeddable":true,"href":"https:\/\/sindaopcpb.org.br\/index.php\/wp-json\/wp\/v2\/comments?post=73134"}],"version-history":[{"count":1,"href":"https:\/\/sindaopcpb.org.br\/index.php\/wp-json\/wp\/v2\/posts\/73134\/revisions"}],"predecessor-version":[{"id":73135,"href":"https:\/\/sindaopcpb.org.br\/index.php\/wp-json\/wp\/v2\/posts\/73134\/revisions\/73135"}],"wp:attachment":[{"href":"https:\/\/sindaopcpb.org.br\/index.php\/wp-json\/wp\/v2\/media?parent=73134"}],"wp:term":[{"taxonomy":"category","embeddable":true,"href":"https:\/\/sindaopcpb.org.br\/index.php\/wp-json\/wp\/v2\/categories?post=73134"},{"taxonomy":"post_tag","embeddable":true,"href":"https:\/\/sindaopcpb.org.br\/index.php\/wp-json\/wp\/v2\/tags?post=73134"}],"curies":[{"name":"wp","href":"https:\/\/api.w.org\/{rel}","templated":true}]}}