{"id":73132,"date":"2026-09-03T19:16:11","date_gmt":"2026-09-03T22:16:11","guid":{"rendered":"https:\/\/g1.globo.com\/pb\/paraiba\/noticia\/2026\/09\/03\/centro-comercial-de-passagem-vai-reabrir-na-sexta-feira-4-apos-incendio-em-joao-pessoa.ghtml"},"modified":"2026-09-03T19:16:11","modified_gmt":"2026-09-03T22:16:11","slug":"centro-comercial-de-passagem-vai-reabrir-na-sexta-feira-4-apos-incendio-em-joao-pessoa","status":"publish","type":"post","link":"https:\/\/sindaopcpb.org.br\/index.php\/2026\/09\/03\/centro-comercial-de-passagem-vai-reabrir-na-sexta-feira-4-apos-incendio-em-joao-pessoa\/","title":{"rendered":"Centro Comercial de Passagem vai reabrir na sexta-feira (4) ap\u00f3s inc\u00eandio, em Jo\u00e3o Pessoa"},"content":{"rendered":"   <img src=\"https:\/\/s2-g1.glbimg.com\/5VuEyfiZa5jp2k60rPsc4A3JPa4=\/i.s3.glbimg.com\/v1\/AUTH_59edd422c0c84a879bd37670ae4f538a\/internal_photos\/bs\/2026\/s\/Z\/28sCb2Tla7H4l0kIAThg\/montagem-g1-incendio.jpg\" \/><br \/>     Inc\u00eandio \u00e9 registrado em centro comercial de Jo\u00e3o Pessoa\nO Centro Comercial de Passagem, onde aconteceu um inc\u00eandio de grandes propor\u00e7\u00f5es em agosto, vai reabrir nesta sexta-feira (4). As informa\u00e7\u00f5es foram confirmadas pela TV Cabo Branco. O local vai funcionar das 7h \u00e0s 16h, sem energia, por uma quest\u00e3o de seguran\u00e7a. \n\u2705 Clique aqui para seguir o canal do g1 PB no WhatsApp\nO inc\u00eandio atingiu a \u00e1rea da pra\u00e7a de alimenta\u00e7\u00e3o e destruiu completamente quatro boxes, segundo os comerciantes. Outros pontos tamb\u00e9m foram danificados. O Corpo de Bombeiros realizou a per\u00edcia no im\u00f3vel, mas o laudo ainda n\u00e3o foi conclu\u00eddo. A previs\u00e3o informada \u00e9 de que o documento fique pronto em at\u00e9 30 dias.\nSem poder utilizar os estabelecimentos, os comerciantes passaram a ocupar a lateral da Rua Desembargador Souto Maior com estruturas improvisadas. A inten\u00e7\u00e3o \u00e9 garantir, ao menos parcialmente, a continuidade das vendas e gerar renda para manter despesas como aluguel, sal\u00e1rios e outras obriga\u00e7\u00f5es.\nLEIA TAMB\u00c9M:\nQuatro lojas foram totalmente destru\u00eddas em inc\u00eandio no Centro de Passagem\nLaudo deve apontar em 30 dias causa do inc\u00eandio no Centro Comercial de Passagem\nO inc\u00eandio \nInc\u00eandio atinge Centro Comercial de Passagem, em Jo\u00e3o Pessoa\nMontagem\/g1\nUm inc\u00eandio atingiu o Centro Comercial de Passagem, localizado no Parque S\u00f3lon de Lucena, no Centro de Jo\u00e3o Pessoa, na tarde do dia 27 de agosto. O Corpo de Bombeiros informou, no come\u00e7o da noite, que pelo menos sete pessoas precisaram ser atendidas por inala\u00e7\u00e3o de fuma\u00e7a, sem queimaduras ou gravidades.\nComerciantes relataram \u00e0 equipe da TV Cabo Branco que os extintores do centro comercial estavam funcionando, mas que os hidrantes n\u00e3o teriam funcionado durante o inc\u00eandio. Segundo Sabrina, a Diretoria de Atividades T\u00e9cnicas do Corpo de Bombeiros vai verificar a situa\u00e7\u00e3o.\nO fogo foi controlado pelas equipes do Corpo de Bombeiros por volta das 18h15. No entanto, um novo foco de inc\u00eandio foi registrado por volta das 19h20 e tamb\u00e9m foi controlado.\nO Centro Comercial de Passagem (CCP) foi inaugurado em 2006. Localizado no Parque S\u00f3lon de Lucena, o espa\u00e7o possui 297 pontos comerciais, que vendem produtos como pe\u00e7as de vestu\u00e1rio, eletr\u00f4nicos e alimentos.\nV\u00eddeos mais assistidos do g1 Para\u00edba  ","protected":false},"excerpt":{"rendered":"<p>        Inc\u00eandio \u00e9 registrado em centro comercial de Jo\u00e3o Pessoa<br \/>\nO Centro Comercial de Passagem, onde aconteceu um inc\u00eandio de grandes propor\u00e7\u00f5es em agosto, vai reabrir nesta sexta-feira (4). As informa\u00e7\u00f5es foram confirmadas pela TV Cabo Branco. O loca&#8230;<\/p>\n","protected":false},"author":2,"featured_media":0,"comment_status":"closed","ping_status":"closed","sticky":false,"template":"","format":"standard","meta":{"advgb_blocks_editor_width":"","advgb_blocks_columns_visual_guide":"","footnotes":""},"categories":[34],"tags":[35],"class_list":["post-73132","post","type-post","status-publish","format-standard","hentry","category-g1","tag-g1"],"author_meta":{"display_name":"g1 &gt; Para\u00edba","author_link":"https:\/\/sindaopcpb.org.br\/author\/g1-paraiba\/"},"featured_img":null,"coauthors":[],"tax_additional":{"categories":{"linked":["<a href=\"https:\/\/sindaopcpb.org.br\/g1\/\" class=\"advgb-post-tax-term\">G1<\/a>"],"unlinked":["<span class=\"advgb-post-tax-term\">G1<\/span>"]},"tags":{"linked":["<a href=\"https:\/\/sindaopcpb.org.br\/g1\/\" class=\"advgb-post-tax-term\">g1<\/a>"],"unlinked":["<span class=\"advgb-post-tax-term\">g1<\/span>"]}},"comment_count":"0","relative_dates":{"created":"Publicado 15 horas atr\u00e1s","modified":"Atualizado 15 horas atr\u00e1s"},"absolute_dates":{"created":"Publicado em 3 de setembro de 2026","modified":"Atualizado em 3 de setembro de 2026"},"absolute_dates_time":{"created":"Publicado em 3 de setembro de 2026 19:16","modified":"Atualizado em 3 de setembro de 2026 19:16"},"featured_img_caption":"","series_order":"","_links":{"self":[{"href":"https:\/\/sindaopcpb.org.br\/index.php\/wp-json\/wp\/v2\/posts\/73132","targetHints":{"allow":["GET"]}}],"collection":[{"href":"https:\/\/sindaopcpb.org.br\/index.php\/wp-json\/wp\/v2\/posts"}],"about":[{"href":"https:\/\/sindaopcpb.org.br\/index.php\/wp-json\/wp\/v2\/types\/post"}],"author":[{"embeddable":true,"href":"https:\/\/sindaopcpb.org.br\/index.php\/wp-json\/wp\/v2\/users\/2"}],"replies":[{"embeddable":true,"href":"https:\/\/sindaopcpb.org.br\/index.php\/wp-json\/wp\/v2\/comments?post=73132"}],"version-history":[{"count":1,"href":"https:\/\/sindaopcpb.org.br\/index.php\/wp-json\/wp\/v2\/posts\/73132\/revisions"}],"predecessor-version":[{"id":73133,"href":"https:\/\/sindaopcpb.org.br\/index.php\/wp-json\/wp\/v2\/posts\/73132\/revisions\/73133"}],"wp:attachment":[{"href":"https:\/\/sindaopcpb.org.br\/index.php\/wp-json\/wp\/v2\/media?parent=73132"}],"wp:term":[{"taxonomy":"category","embeddable":true,"href":"https:\/\/sindaopcpb.org.br\/index.php\/wp-json\/wp\/v2\/categories?post=73132"},{"taxonomy":"post_tag","embeddable":true,"href":"https:\/\/sindaopcpb.org.br\/index.php\/wp-json\/wp\/v2\/tags?post=73132"}],"curies":[{"name":"wp","href":"https:\/\/api.w.org\/{rel}","templated":true}]}}