{"id":73130,"date":"2026-09-03T19:41:16","date_gmt":"2026-09-03T22:41:16","guid":{"rendered":"https:\/\/g1.globo.com\/pb\/paraiba\/eleicoes\/2026\/noticia\/2026\/09\/03\/veja-como-foi-agenda-candidatos-governo-pb-3-setembro.ghtml"},"modified":"2026-09-03T19:41:16","modified_gmt":"2026-09-03T22:41:16","slug":"sabatinas-caminhadas-com-apoiadores-e-panfletagem-veja-como-foi-o-dia-dos-candidatos-ao-governo-da-paraiba","status":"publish","type":"post","link":"https:\/\/sindaopcpb.org.br\/index.php\/2026\/09\/03\/sabatinas-caminhadas-com-apoiadores-e-panfletagem-veja-como-foi-o-dia-dos-candidatos-ao-governo-da-paraiba\/","title":{"rendered":"Sabatinas, caminhadas com apoiadores e panfletagem: veja como foi o dia dos candidatos ao governo da Para\u00edba"},"content":{"rendered":"   <img src=\"https:\/\/s2-g1.glbimg.com\/-ox06up9hoRH73WFF2p7sgD_uVw=\/i.s3.glbimg.com\/v1\/AUTH_59edd422c0c84a879bd37670ae4f538a\/internal_photos\/bs\/2026\/Z\/i\/NOXACUSpyad45KTSgsbw\/candidatos-ao-governo-da-paraiba.png\" \/><br \/>     Candidatos ao governo da Para\u00edba: Camilo Duarte (PCO), C\u00edcero Lucena (MDB), Efraim Filho (PL), Lucas Ribeiro (PP), Pedro Coutinho (DC) e Yuri Ezequiel (UP)\nReprodu\u00e7\u00e3o\nOs candidatos ao governo da Para\u00edba realizaram mais um dia de campanha nesta quinta-feira (3) em diferentes locais. Entre os compromissos dos candidatos estiveram sabatinas, caminhadas com apoiadores e tamb\u00e9m panfletagem.\nO primeiro turno de vota\u00e7\u00e3o ser\u00e1 em 4 de outubro. O segundo est\u00e1 marcado para o dia 25 do mesmo m\u00eas.\n\u2705 Clique aqui para seguir o canal do g1 PB no WhatsApp\nVeja, abaixo, como foi o dia de campanha de cada candidato:\nAgora no g1\nC\u00edcero Lucena (MDB)\nPela manh\u00e3, na cidade de Guarabira, no Brejo, o candidato C\u00edcero Lucena cumpriu agenda de campanha se encontrando com lideran\u00e7as pol\u00edticas. Em seguida, participou de uma sabatina com um ve\u00edculo de comunica\u00e7\u00e3o local. No encerramento da manh\u00e3, teve outro encontro com lideran\u00e7as pol\u00edticas. \nDurante a noite, estava prevista a participa\u00e7\u00e3o do candidato ainda em outra sabatina, de uma associa\u00e7\u00e3o comercial de Campina Grande e, posteriormente, a realiza\u00e7\u00e3o de uma plen\u00e1ria, tamb\u00e9m em Campina Grande. \nEfraim Filho (PL)\nEfraim Filho, candidato ao governo da Para\u00edba, participou pela manh\u00e3 de grava\u00e7\u00e3o do guia eleitoral. Durante a tarde, ele fez uma reuni\u00e3o com a equipe de campanha. \nNo in\u00edcio da noite, ele tamb\u00e9m divulgou que participaria da Inaugura\u00e7\u00e3o do Comit\u00ea de Campanha, na cidade de Bayeux, na Regi\u00e3o Metropolitana de Jo\u00e3o Pessoa. \nLucas Ribeiro (PP)\nO governador e candidato \u00e0 reelei\u00e7\u00e3o, Lucas Ribeiro, teve pela manh\u00e3 apenas agenda administrativa. Durante o per\u00edodo da tarde, ele participou de uma caminhada com apoiadores no bairro Cidade dos Colibris, em Jo\u00e3o Pessoa.\nDurante a noite, uma outra caminhada com apoiadores, desta vez no bairro do Valentina, tamb\u00e9m em Jo\u00e3o Pessoa, estava prevista para acontecer. \nCamilo Duarte (PCO)\nO g1 entrou em contato com Camilo Duarte para saber da agenda do candidato nesta quinta-feira (3), mas ele n\u00e3o informou at\u00e9 a \u00faltima atualiza\u00e7\u00e3o desta reportagem. \nPedro Coutinho (DC)\nA agenda do candidato ao governo come\u00e7ou pela manh\u00e3 com uma caminhada com apoiadores na orla do Seixas, em Jo\u00e3o Pessoa. Em seguida, ele participou de um caf\u00e9 da manh\u00e3 e fez visitas a moradores  na Praia da Penha, tamb\u00e9m na capital. Ao meio-dia, ele participou de um encontro apoiadores no Centro de Cabedelo.\nDurante a tarde, ele fez uma visita ao Porto de Cabedelo e concedeu uma entrevista. Na sequ\u00eancia, ele tamb\u00e9m fez visitas no Bairro de Intermares, tamb\u00e9m em Cabedelo.\nYuri Ezequiel (UP)\nO candidato Yuri Ezequiel come\u00e7ou a agenda pela manh\u00e3, com uma panfletagem, \u00e0s 7h, no bairro da Torre, em Jo\u00e3o Pessoa. Na sequ\u00eancia, ele participou de uma reuni\u00e3o interna de campanha. \nDurante o meio da tarde at\u00e9 \u00e0s 19h, ele fez panfletagem no Parque Solon de Lucena, em Jo\u00e3o Pessoa. \nV\u00eddeos mais assistidos do g1 Para\u00edba  ","protected":false},"excerpt":{"rendered":"<p>        Candidatos ao governo da Para\u00edba: Camilo Duarte (PCO), C\u00edcero Lucena (MDB), Efraim Filho (PL), Lucas Ribeiro (PP), Pedro Coutinho (DC) e Yuri Ezequiel (UP)<br \/>\nReprodu\u00e7\u00e3o<br \/>\nOs candidatos ao governo da Para\u00edba realizaram mais um dia de campanha nesta &#8230;<\/p>\n","protected":false},"author":2,"featured_media":0,"comment_status":"closed","ping_status":"closed","sticky":false,"template":"","format":"standard","meta":{"advgb_blocks_editor_width":"","advgb_blocks_columns_visual_guide":"","footnotes":""},"categories":[34],"tags":[35],"class_list":["post-73130","post","type-post","status-publish","format-standard","hentry","category-g1","tag-g1"],"author_meta":{"display_name":"g1 &gt; Para\u00edba","author_link":"https:\/\/sindaopcpb.org.br\/author\/g1-paraiba\/"},"featured_img":null,"coauthors":[],"tax_additional":{"categories":{"linked":["<a href=\"https:\/\/sindaopcpb.org.br\/g1\/\" class=\"advgb-post-tax-term\">G1<\/a>"],"unlinked":["<span class=\"advgb-post-tax-term\">G1<\/span>"]},"tags":{"linked":["<a href=\"https:\/\/sindaopcpb.org.br\/g1\/\" class=\"advgb-post-tax-term\">g1<\/a>"],"unlinked":["<span class=\"advgb-post-tax-term\">g1<\/span>"]}},"comment_count":"0","relative_dates":{"created":"Publicado 14 horas atr\u00e1s","modified":"Atualizado 14 horas atr\u00e1s"},"absolute_dates":{"created":"Publicado em 3 de setembro de 2026","modified":"Atualizado em 3 de setembro de 2026"},"absolute_dates_time":{"created":"Publicado em 3 de setembro de 2026 19:41","modified":"Atualizado em 3 de setembro de 2026 19:41"},"featured_img_caption":"","series_order":"","_links":{"self":[{"href":"https:\/\/sindaopcpb.org.br\/index.php\/wp-json\/wp\/v2\/posts\/73130","targetHints":{"allow":["GET"]}}],"collection":[{"href":"https:\/\/sindaopcpb.org.br\/index.php\/wp-json\/wp\/v2\/posts"}],"about":[{"href":"https:\/\/sindaopcpb.org.br\/index.php\/wp-json\/wp\/v2\/types\/post"}],"author":[{"embeddable":true,"href":"https:\/\/sindaopcpb.org.br\/index.php\/wp-json\/wp\/v2\/users\/2"}],"replies":[{"embeddable":true,"href":"https:\/\/sindaopcpb.org.br\/index.php\/wp-json\/wp\/v2\/comments?post=73130"}],"version-history":[{"count":1,"href":"https:\/\/sindaopcpb.org.br\/index.php\/wp-json\/wp\/v2\/posts\/73130\/revisions"}],"predecessor-version":[{"id":73131,"href":"https:\/\/sindaopcpb.org.br\/index.php\/wp-json\/wp\/v2\/posts\/73130\/revisions\/73131"}],"wp:attachment":[{"href":"https:\/\/sindaopcpb.org.br\/index.php\/wp-json\/wp\/v2\/media?parent=73130"}],"wp:term":[{"taxonomy":"category","embeddable":true,"href":"https:\/\/sindaopcpb.org.br\/index.php\/wp-json\/wp\/v2\/categories?post=73130"},{"taxonomy":"post_tag","embeddable":true,"href":"https:\/\/sindaopcpb.org.br\/index.php\/wp-json\/wp\/v2\/tags?post=73130"}],"curies":[{"name":"wp","href":"https:\/\/api.w.org\/{rel}","templated":true}]}}