{"id":73128,"date":"2026-09-03T19:58:12","date_gmt":"2026-09-03T22:58:12","guid":{"rendered":"https:\/\/g1.globo.com\/pb\/paraiba\/noticia\/2026\/09\/03\/acidente-entre-carro-forte-e-veiculo-de-escolta-deixa-motorista-ferido-em-joao-pessoa.ghtml"},"modified":"2026-09-03T19:58:12","modified_gmt":"2026-09-03T22:58:12","slug":"acidente-entre-carro-forte-e-veiculo-de-escolta-deixa-motorista-ferido-em-joao-pessoa","status":"publish","type":"post","link":"https:\/\/sindaopcpb.org.br\/index.php\/2026\/09\/03\/acidente-entre-carro-forte-e-veiculo-de-escolta-deixa-motorista-ferido-em-joao-pessoa\/","title":{"rendered":"Acidente entre carro-forte e ve\u00edculo de escolta deixa motorista ferido, em Jo\u00e3o Pessoa"},"content":{"rendered":"   <img src=\"https:\/\/s2-g1.glbimg.com\/nTMSiOblWN1HJ-IzqMLXeV98LNs=\/i.s3.glbimg.com\/v1\/AUTH_59edd422c0c84a879bd37670ae4f538a\/internal_photos\/bs\/2026\/n\/0\/RgO3ubRCiNObVxc1BmRw\/whatsapp-image-2026-09-03-at-19.33.55.jpeg\" \/><br \/>     Acidente entre carro-forte e ve\u00edculo de escolta deixa motorista ferido, em Jo\u00e3o Pessoa\nYanka Oliveira\/TV Cabo Branco\nUm acidente envolvendo um carro-forte e um ve\u00edculo de escolta deixou um motorista ferido e preso nas ferragens momentaneamente, em um cruzamento no Bairro dos Estados, na noite desta quinta-feira (3), em Jo\u00e3o Pessoa. \n\u2705 Clique aqui para seguir o canal do g1 PB no WhatsApp\nDe acordo com o Corpo de Bombeiros, o motorista foi retirado posteriormente de dentro do ve\u00edculo ap\u00f3s trabalho da equipe no local. Com o impacto, esse motorista ficou ferido e encaminhado para o Hospital de Trauma da capital. O estado de sa\u00fade n\u00e3o foi divulgado. \nAl\u00e9m do Corpo de Bombeiros, tamb\u00e9m foram acionados para o local a Pol\u00edcia Militar e tamb\u00e9m agentes da Superintend\u00eancia Executiva de Mobilidade Urbana (Semob-JP) para coordenar o tr\u00e2nsito ap\u00f3s o acidente. \nAinda n\u00e3o se sabe a din\u00e2mica que levou \u00e0 colis\u00e3o dos dois ve\u00edculos. N\u00e3o h\u00e1 registros de outros feridos. \nAgora no g1\nV\u00eddeos mais assistidos do g1 Para\u00edba  ","protected":false},"excerpt":{"rendered":"<p>        Acidente entre carro-forte e ve\u00edculo de escolta deixa motorista ferido, em Jo\u00e3o Pessoa<br \/>\nYanka Oliveira\/TV Cabo Branco<br \/>\nUm acidente envolvendo um carro-forte e um ve\u00edculo de escolta deixou um motorista ferido e preso nas ferragens momentaneamente,&#8230;<\/p>\n","protected":false},"author":2,"featured_media":0,"comment_status":"closed","ping_status":"closed","sticky":false,"template":"","format":"standard","meta":{"advgb_blocks_editor_width":"","advgb_blocks_columns_visual_guide":"","footnotes":""},"categories":[34],"tags":[35],"class_list":["post-73128","post","type-post","status-publish","format-standard","hentry","category-g1","tag-g1"],"author_meta":{"display_name":"g1 &gt; Para\u00edba","author_link":"https:\/\/sindaopcpb.org.br\/author\/g1-paraiba\/"},"featured_img":null,"coauthors":[],"tax_additional":{"categories":{"linked":["<a href=\"https:\/\/sindaopcpb.org.br\/g1\/\" class=\"advgb-post-tax-term\">G1<\/a>"],"unlinked":["<span class=\"advgb-post-tax-term\">G1<\/span>"]},"tags":{"linked":["<a href=\"https:\/\/sindaopcpb.org.br\/g1\/\" class=\"advgb-post-tax-term\">g1<\/a>"],"unlinked":["<span class=\"advgb-post-tax-term\">g1<\/span>"]}},"comment_count":"0","relative_dates":{"created":"Publicado 14 horas atr\u00e1s","modified":"Atualizado 14 horas atr\u00e1s"},"absolute_dates":{"created":"Publicado em 3 de setembro de 2026","modified":"Atualizado em 3 de setembro de 2026"},"absolute_dates_time":{"created":"Publicado em 3 de setembro de 2026 19:58","modified":"Atualizado em 3 de setembro de 2026 19:58"},"featured_img_caption":"","series_order":"","_links":{"self":[{"href":"https:\/\/sindaopcpb.org.br\/index.php\/wp-json\/wp\/v2\/posts\/73128","targetHints":{"allow":["GET"]}}],"collection":[{"href":"https:\/\/sindaopcpb.org.br\/index.php\/wp-json\/wp\/v2\/posts"}],"about":[{"href":"https:\/\/sindaopcpb.org.br\/index.php\/wp-json\/wp\/v2\/types\/post"}],"author":[{"embeddable":true,"href":"https:\/\/sindaopcpb.org.br\/index.php\/wp-json\/wp\/v2\/users\/2"}],"replies":[{"embeddable":true,"href":"https:\/\/sindaopcpb.org.br\/index.php\/wp-json\/wp\/v2\/comments?post=73128"}],"version-history":[{"count":1,"href":"https:\/\/sindaopcpb.org.br\/index.php\/wp-json\/wp\/v2\/posts\/73128\/revisions"}],"predecessor-version":[{"id":73129,"href":"https:\/\/sindaopcpb.org.br\/index.php\/wp-json\/wp\/v2\/posts\/73128\/revisions\/73129"}],"wp:attachment":[{"href":"https:\/\/sindaopcpb.org.br\/index.php\/wp-json\/wp\/v2\/media?parent=73128"}],"wp:term":[{"taxonomy":"category","embeddable":true,"href":"https:\/\/sindaopcpb.org.br\/index.php\/wp-json\/wp\/v2\/categories?post=73128"},{"taxonomy":"post_tag","embeddable":true,"href":"https:\/\/sindaopcpb.org.br\/index.php\/wp-json\/wp\/v2\/tags?post=73128"}],"curies":[{"name":"wp","href":"https:\/\/api.w.org\/{rel}","templated":true}]}}