{"id":73126,"date":"2026-09-03T16:14:02","date_gmt":"2026-09-03T19:14:02","guid":{"rendered":"https:\/\/g1.globo.com\/pb\/paraiba\/noticia\/2026\/09\/03\/homem-e-preso-suspeito-de-sequestrar-torturar-e-agredir-professor-no-cariri-da-paraiba.ghtml"},"modified":"2026-09-03T16:14:02","modified_gmt":"2026-09-03T19:14:02","slug":"homem-e-preso-suspeito-de-sequestrar-torturar-e-agredir-professor-no-cariri-da-paraiba","status":"publish","type":"post","link":"https:\/\/sindaopcpb.org.br\/index.php\/2026\/09\/03\/homem-e-preso-suspeito-de-sequestrar-torturar-e-agredir-professor-no-cariri-da-paraiba\/","title":{"rendered":"Homem \u00e9 preso suspeito de sequestrar, torturar e agredir professor no Cariri da Para\u00edba"},"content":{"rendered":"   <img src=\"https:\/\/s2-g1.glbimg.com\/wwPujtZKWweI1-W1PSBBwOYpeD8=\/i.s3.glbimg.com\/v1\/AUTH_59edd422c0c84a879bd37670ae4f538a\/internal_photos\/bs\/2025\/a\/X\/ERMSuPQs6NrK17gzBG5Q\/img-8621.jpg\" \/><br \/>     Homem \u00e9 preso suspeito de sequestrar, torturar e agredir professor no Cariri da Para\u00edba \nPol\u00edcia Civil\/Divulga\u00e7\u00e3o\nUm homem, que n\u00e3o teve a identidade divulgada, foi preso suspeito de sequestrar, torturar e agredir um professor no Cariri da Para\u00edba por conta da orienta\u00e7\u00e3o sexual da v\u00edtima. A Pol\u00edcia Civil trata o caso como homofobia. A pris\u00e3o do suspeito aconteceu nesta quinta-feira (3), na cidade de Serra Branca. \n\u2705 Clique aqui para seguir o canal do g1 PB no WhatsApp\nDe acordo com as investiga\u00e7\u00f5es, os crimes aconteceram em fevereiro de 2020, quando o professor foi retirado da pr\u00f3pria resid\u00eancia e levado, contra \u00e0 vontade, para uma \u00e1rea rural de Serra Branca. No local, ele foi agredido f\u00edsica e mentalmente. Segundo as investiga\u00e7\u00f5es da pol\u00edcia, quatro homens participaram da a\u00e7\u00e3o. \nAs agress\u00f5es provocaram les\u00f5es na v\u00edtima, que teve que passar por atendimento hospitalar e procedimento cir\u00fargico posteriormente.  A Pol\u00edcia Civil informou que o crime foi planejado como forma de repres\u00e1lia ap\u00f3s a divulga\u00e7\u00e3o, nas redes sociais, de um v\u00eddeo relacionado \u00e0 vida \u00edntima da v\u00edtima.\nO suspeito foi preso com o cumprimento de uma mandado de pris\u00e3o preventiva. Ele foi encaminhado para delegacia de pol\u00edcia e est\u00e1 \u00e0 disposi\u00e7\u00e3o da Justi\u00e7a. De acordo com a Pol\u00edcia Civil, as investiga\u00e7\u00f5es seguem. \nV\u00eddeos mais assistidos do g1 Para\u00edba  ","protected":false},"excerpt":{"rendered":"<p>        Homem \u00e9 preso suspeito de sequestrar, torturar e agredir professor no Cariri da Para\u00edba<br \/>\nPol\u00edcia Civil\/Divulga\u00e7\u00e3o<br \/>\nUm homem, que n\u00e3o teve a identidade divulgada, foi preso suspeito de sequestrar, torturar e agredir um professor no Cariri da Para&#8230;<\/p>\n","protected":false},"author":2,"featured_media":0,"comment_status":"closed","ping_status":"closed","sticky":false,"template":"","format":"standard","meta":{"advgb_blocks_editor_width":"","advgb_blocks_columns_visual_guide":"","footnotes":""},"categories":[34],"tags":[35],"class_list":["post-73126","post","type-post","status-publish","format-standard","hentry","category-g1","tag-g1"],"author_meta":{"display_name":"g1 &gt; Para\u00edba","author_link":"https:\/\/sindaopcpb.org.br\/author\/g1-paraiba\/"},"featured_img":null,"coauthors":[],"tax_additional":{"categories":{"linked":["<a href=\"https:\/\/sindaopcpb.org.br\/g1\/\" class=\"advgb-post-tax-term\">G1<\/a>"],"unlinked":["<span class=\"advgb-post-tax-term\">G1<\/span>"]},"tags":{"linked":["<a href=\"https:\/\/sindaopcpb.org.br\/g1\/\" class=\"advgb-post-tax-term\">g1<\/a>"],"unlinked":["<span class=\"advgb-post-tax-term\">g1<\/span>"]}},"comment_count":"0","relative_dates":{"created":"Publicado 5 horas atr\u00e1s","modified":"Atualizado 5 horas atr\u00e1s"},"absolute_dates":{"created":"Publicado em 3 de setembro de 2026","modified":"Atualizado em 3 de setembro de 2026"},"absolute_dates_time":{"created":"Publicado em 3 de setembro de 2026 16:14","modified":"Atualizado em 3 de setembro de 2026 16:14"},"featured_img_caption":"","series_order":"","_links":{"self":[{"href":"https:\/\/sindaopcpb.org.br\/index.php\/wp-json\/wp\/v2\/posts\/73126","targetHints":{"allow":["GET"]}}],"collection":[{"href":"https:\/\/sindaopcpb.org.br\/index.php\/wp-json\/wp\/v2\/posts"}],"about":[{"href":"https:\/\/sindaopcpb.org.br\/index.php\/wp-json\/wp\/v2\/types\/post"}],"author":[{"embeddable":true,"href":"https:\/\/sindaopcpb.org.br\/index.php\/wp-json\/wp\/v2\/users\/2"}],"replies":[{"embeddable":true,"href":"https:\/\/sindaopcpb.org.br\/index.php\/wp-json\/wp\/v2\/comments?post=73126"}],"version-history":[{"count":1,"href":"https:\/\/sindaopcpb.org.br\/index.php\/wp-json\/wp\/v2\/posts\/73126\/revisions"}],"predecessor-version":[{"id":73127,"href":"https:\/\/sindaopcpb.org.br\/index.php\/wp-json\/wp\/v2\/posts\/73126\/revisions\/73127"}],"wp:attachment":[{"href":"https:\/\/sindaopcpb.org.br\/index.php\/wp-json\/wp\/v2\/media?parent=73126"}],"wp:term":[{"taxonomy":"category","embeddable":true,"href":"https:\/\/sindaopcpb.org.br\/index.php\/wp-json\/wp\/v2\/categories?post=73126"},{"taxonomy":"post_tag","embeddable":true,"href":"https:\/\/sindaopcpb.org.br\/index.php\/wp-json\/wp\/v2\/tags?post=73126"}],"curies":[{"name":"wp","href":"https:\/\/api.w.org\/{rel}","templated":true}]}}