{"id":73116,"date":"2026-09-03T13:38:08","date_gmt":"2026-09-03T16:38:08","guid":{"rendered":"https:\/\/g1.globo.com\/pb\/paraiba\/noticia\/2026\/09\/03\/mp-pede-paralisacao-de-obra-por-possiveis-danos-a-mata-atlantica-na-pb.ghtml"},"modified":"2026-09-03T13:38:08","modified_gmt":"2026-09-03T16:38:08","slug":"mp-pede-paralisacao-de-obra-por-possiveis-danos-a-mata-atlantica-e-investiga-construtora-na-pb","status":"publish","type":"post","link":"https:\/\/sindaopcpb.org.br\/index.php\/2026\/09\/03\/mp-pede-paralisacao-de-obra-por-possiveis-danos-a-mata-atlantica-e-investiga-construtora-na-pb\/","title":{"rendered":"MP pede paralisa\u00e7\u00e3o de obra por poss\u00edveis danos \u00e0 Mata Atl\u00e2ntica e investiga construtora na PB"},"content":{"rendered":"   <img src=\"https:\/\/s2-g1.glbimg.com\/ZWnJkziezHzXz_EpdD0I4quLd7c=\/i.s3.glbimg.com\/v1\/AUTH_59edd422c0c84a879bd37670ae4f538a\/internal_photos\/bs\/2025\/n\/w\/qQY0IZSqSlejUSJnmOMg\/area-reflorestada.jpg\" \/><br \/>     MP pede paralisa\u00e7\u00e3o de obra em \u00e1rea por poss\u00edveis danos \u00e0 Mata Atl\u00e2ntica e investiga construtora na PB\nJo\u00e3o Carlos da Cruz Abra\u00e3o Filho\nO Minist\u00e9rio P\u00fablico da Para\u00edba (MPPB) recomendou a paralisa\u00e7\u00e3o imediata de uma obra na cidade de Bananeiras, na Para\u00edba, por supostos danos \u00e0 vegeta\u00e7\u00e3o de mata atl\u00e2ntica. O \u00f3rg\u00e3o tamb\u00e9m requisitou \u00e0 Superintend\u00eancia de Administra\u00e7\u00e3o do Meio Ambiente (Sudema) apresenta\u00e7\u00e3o integral do processo de licenciamento. A recomenda\u00e7\u00e3o \u00e9 desta quinta-feira (3). \n\u2705 Clique aqui para seguir o canal do g1 PB no WhatsApp\nDe acordo com o MP, o empreendimento \"Bananeiras Country Club\", da empresa OCA Constru\u00e7\u00e3o, que conforme informa\u00e7\u00f5es encaminhadas pela Sudema a atual licen\u00e7a de instala\u00e7\u00e3o do projeto \u00e9 limitada  \u00e0 pavimenta\u00e7\u00e3o de vias de acesso, mas n\u00e3o h\u00e1 nenhuma informa\u00e7\u00e3o oficial sobre expedi\u00e7\u00e3o de autoriza\u00e7\u00e3o de supress\u00e3o vegetal. \nA Rede Para\u00edba entrou em contato com a construtora sobre a recomenda\u00e7\u00e3o, que informou por meio de nota que est\u00e1 \" \u00e0 disposi\u00e7\u00e3o para prestar todos os esclarecimentos e apresentar a documenta\u00e7\u00e3o necess\u00e1ria aos \u00f3rg\u00e3os competentes\" e que \"o empreendimento segue todas as normas legais e ambientais aplic\u00e1veis\".\nSobre a quest\u00e3o ambiental, a construtora disse que \"a interven\u00e7\u00e3o prevista para a \u00e1rea est\u00e1 devidamente autorizada pelos \u00f3rg\u00e3os competentes e ser\u00e1 realizada em conformidade com as exig\u00eancias estabelecidas nas licen\u00e7as\". Al\u00e9m disso, o \u00f3rg\u00e3o informou que o \"licenciamento tamb\u00e9m contempla medida de compensa\u00e7\u00e3o ambiental, com a destina\u00e7\u00e3o de uma \u00e1rea de vegeta\u00e7\u00e3o nativa j\u00e1 existente\".\nO Minist\u00e9rio P\u00fablico tamb\u00e9m informou que em julho, a pr\u00f3pria incorporadora admitiu que ainda aguardava autoriza\u00e7\u00f5es para supress\u00e3o florestal e uso do solo na regi\u00e3o. Al\u00e9m disso, o \u00f3rg\u00e3o quer obter relat\u00f3rio t\u00e9cnico que comprove o tipo da vegeta\u00e7\u00e3o no local. \nEsse pedido acontece porque a vegeta\u00e7\u00e3o for considera prim\u00e1ria ou em transi\u00e7\u00e3o para secund\u00e1ria, n\u00e3o poderia haver autoriza\u00e7\u00e3o de instala\u00e7\u00e3o de empreendimento desse tipo.\nAgora no g1\nV\u00eddeos mais assistidos do g1 Para\u00edba  ","protected":false},"excerpt":{"rendered":"<p>        MP pede paralisa\u00e7\u00e3o de obra em \u00e1rea por poss\u00edveis danos \u00e0 Mata Atl\u00e2ntica e investiga construtora na PB<br \/>\nJo\u00e3o Carlos da Cruz Abra\u00e3o Filho<br \/>\nO Minist\u00e9rio P\u00fablico da Para\u00edba (MPPB) recomendou a paralisa\u00e7\u00e3o imediata de uma obra na cidade de Bananeiras&#8230;<\/p>\n","protected":false},"author":2,"featured_media":0,"comment_status":"closed","ping_status":"closed","sticky":false,"template":"","format":"standard","meta":{"advgb_blocks_editor_width":"","advgb_blocks_columns_visual_guide":"","footnotes":""},"categories":[34],"tags":[35],"class_list":["post-73116","post","type-post","status-publish","format-standard","hentry","category-g1","tag-g1"],"author_meta":{"display_name":"g1 &gt; Para\u00edba","author_link":"https:\/\/sindaopcpb.org.br\/author\/g1-paraiba\/"},"featured_img":null,"coauthors":[],"tax_additional":{"categories":{"linked":["<a href=\"https:\/\/sindaopcpb.org.br\/g1\/\" class=\"advgb-post-tax-term\">G1<\/a>"],"unlinked":["<span class=\"advgb-post-tax-term\">G1<\/span>"]},"tags":{"linked":["<a href=\"https:\/\/sindaopcpb.org.br\/g1\/\" class=\"advgb-post-tax-term\">g1<\/a>"],"unlinked":["<span class=\"advgb-post-tax-term\">g1<\/span>"]}},"comment_count":"0","relative_dates":{"created":"Publicado 6 horas atr\u00e1s","modified":"Atualizado 6 horas atr\u00e1s"},"absolute_dates":{"created":"Publicado em 3 de setembro de 2026","modified":"Atualizado em 3 de setembro de 2026"},"absolute_dates_time":{"created":"Publicado em 3 de setembro de 2026 13:38","modified":"Atualizado em 3 de setembro de 2026 13:38"},"featured_img_caption":"","series_order":"","_links":{"self":[{"href":"https:\/\/sindaopcpb.org.br\/index.php\/wp-json\/wp\/v2\/posts\/73116","targetHints":{"allow":["GET"]}}],"collection":[{"href":"https:\/\/sindaopcpb.org.br\/index.php\/wp-json\/wp\/v2\/posts"}],"about":[{"href":"https:\/\/sindaopcpb.org.br\/index.php\/wp-json\/wp\/v2\/types\/post"}],"author":[{"embeddable":true,"href":"https:\/\/sindaopcpb.org.br\/index.php\/wp-json\/wp\/v2\/users\/2"}],"replies":[{"embeddable":true,"href":"https:\/\/sindaopcpb.org.br\/index.php\/wp-json\/wp\/v2\/comments?post=73116"}],"version-history":[{"count":1,"href":"https:\/\/sindaopcpb.org.br\/index.php\/wp-json\/wp\/v2\/posts\/73116\/revisions"}],"predecessor-version":[{"id":73117,"href":"https:\/\/sindaopcpb.org.br\/index.php\/wp-json\/wp\/v2\/posts\/73116\/revisions\/73117"}],"wp:attachment":[{"href":"https:\/\/sindaopcpb.org.br\/index.php\/wp-json\/wp\/v2\/media?parent=73116"}],"wp:term":[{"taxonomy":"category","embeddable":true,"href":"https:\/\/sindaopcpb.org.br\/index.php\/wp-json\/wp\/v2\/categories?post=73116"},{"taxonomy":"post_tag","embeddable":true,"href":"https:\/\/sindaopcpb.org.br\/index.php\/wp-json\/wp\/v2\/tags?post=73116"}],"curies":[{"name":"wp","href":"https:\/\/api.w.org\/{rel}","templated":true}]}}