{"id":73110,"date":"2026-09-03T13:15:55","date_gmt":"2026-09-03T16:15:55","guid":{"rendered":"https:\/\/www.pbagora.com.br\/?p=969009"},"modified":"2026-09-03T13:15:55","modified_gmt":"2026-09-03T16:15:55","slug":"adolescente-assume-autoria-de-crime-apos-pm-localizar-carro-ligado-a-morte-de-menor-no-sertao","status":"publish","type":"post","link":"https:\/\/sindaopcpb.org.br\/index.php\/2026\/09\/03\/adolescente-assume-autoria-de-crime-apos-pm-localizar-carro-ligado-a-morte-de-menor-no-sertao\/","title":{"rendered":"Adolescente assume autoria de crime ap\u00f3s PM localizar carro ligado \u00e0 morte de menor no Sert\u00e3o"},"content":{"rendered":"<p><img width=\"984\" height=\"590\" src=\"https:\/\/www.pbagora.com.br\/storage\/2026\/09\/image-25.png\" class=\"attachment-large size-large wp-post-image\" alt=\"\" style=\"margin-bottom: 20px;\" decoding=\"async\" loading=\"lazy\" srcset=\"https:\/\/www.pbagora.com.br\/storage\/2026\/09\/image-25.png 984w, https:\/\/www.pbagora.com.br\/storage\/2026\/09\/image-25-150x90.png 150w, https:\/\/www.pbagora.com.br\/storage\/2026\/09\/image-25-300x180.png 300w, https:\/\/www.pbagora.com.br\/storage\/2026\/09\/image-25-767x460.png 767w, https:\/\/www.pbagora.com.br\/storage\/2026\/09\/image-25-379x227.png 379w, https:\/\/www.pbagora.com.br\/storage\/2026\/09\/image-25-80x48-1.png 80w, https:\/\/www.pbagora.com.br\/storage\/2026\/09\/image-25-800x479.png 800w\" sizes=\"auto, (max-width: 984px) 100vw, 984px\" \/><\/p>\n<p class=\"wp-block-paragraph\">A Pol\u00edcia Militar identificou um ve\u00edculo que pode ter sido utilizado para transportar o corpo da adolescente Daniela Lima de Ara\u00fajo, de 17 anos, encontrado dentro de sacos pl\u00e1sticos \u00e0s margens da PB-394, entre os munic\u00edpios de Carrapateira e Nazarezinho, no Sert\u00e3o da Para\u00edba. O corpo foi localizado na manh\u00e3 da \u00faltima ter\u00e7a-feira (1\u00ba).<\/p>\n\n\n\n<p class=\"wp-block-paragraph\">Imagens de c\u00e2meras de seguran\u00e7a instaladas em Carrapateira registraram um ve\u00edculo circulando pela cidade por volta das 2h da madrugada, hor\u00e1rio que chamou a aten\u00e7\u00e3o dos investigadores durante a apura\u00e7\u00e3o do crime.<\/p>\n\n\n\n<p class=\"wp-block-paragraph\">Segundo o comandante do 6\u00ba Batalh\u00e3o da Pol\u00edcia Militar, tenente-coronel Eug\u00eanio, o carro foi reconhecido pelos policiais por estar relacionado a um traficante de S\u00e3o Jos\u00e9 de Piranhas.<\/p>\n\n\n\n<p class=\"wp-block-paragraph\">Ainda na ter\u00e7a-feira, equipes da Pol\u00edcia Militar localizaram o ve\u00edculo estacionado em uma rua de S\u00e3o Jos\u00e9 de Piranhas. O quarteir\u00e3o foi isolado para a realiza\u00e7\u00e3o de uma per\u00edcia no autom\u00f3vel.<\/p>\n\n\n\n<p class=\"wp-block-paragraph\">Durante a an\u00e1lise, os policiais constataram que o carro havia sido lavado. A partir dessa informa\u00e7\u00e3o, as equipes passaram a buscar o estabelecimento onde a limpeza teria sido feita e descobriram que um adolescente havia deixado o ve\u00edculo em um lava-jato.<\/p>\n\n\n\n<p class=\"wp-block-paragraph\">Na quarta-feira (02), um adolescente de 17 anos compareceu \u00e0 delegacia da Pol\u00edcia Civil acompanhado dos pais. Conforme a Pol\u00edcia Militar, ele assumiu individualmente a responsabilidade pelo carro e declarou ser o autor do crime.<\/p>\n\n\n\n<p class=\"wp-block-paragraph\">O adolescente foi ouvido pelas autoridades e liberado, j\u00e1 que o per\u00edodo de flagrante havia terminado.<\/p>\n\n\n\n<p class=\"wp-block-paragraph\">A Pol\u00edcia Civil continua investigando o caso e trabalha com a possibilidade de que outras pessoas tenham participado do crime. A investiga\u00e7\u00e3o dever\u00e1 esclarecer as circunst\u00e2ncias da morte da adolescente e a eventual participa\u00e7\u00e3o de terceiros.<\/p>\n\n\n\n<p class=\"wp-block-paragraph\"><strong><em>PB Agora<\/em><\/strong><\/p>\n\n\n\n<p class=\"wp-block-paragraph\"><\/p>\n","protected":false},"excerpt":{"rendered":"<p><img loading=\"lazy\" decoding=\"async\" width=\"984\" height=\"590\" src=\"https:\/\/www.pbagora.com.br\/storage\/2026\/09\/image-25.png\" class=\"attachment-large size-large wp-post-image\" alt=\"\" srcset=\"https:\/\/www.pbagora.com.br\/storage\/2026\/09\/image-25.png 984w, https:\/\/www.pbagora.com.br\/storage\/2026\/09\/image-25-150x90.png 150w, https:\/\/www.pbagora.com.br\/storage\/2026\/09\/image-25-300x180.png 300w, https:\/\/www.pbagora.com.br\/storage\/2026\/09\/image-25-767x460.png 767w, https:\/\/www.pbagora.com.br\/storage\/2026\/09\/image-25-379x227.png 379w, https:\/\/www.pbagora.com.br\/storage\/2026\/09\/image-25-80x48-1.png 80w, https:\/\/www.pbagora.com.br\/storage\/2026\/09\/image-25-800x479.png 800w\" sizes=\"auto, (max-width: 984px) 100vw, 984px\"><\/p>\n<p>A Pol\u00edcia Militar identificou um ve\u00edculo que pode ter sido utilizado para transportar o corpo da adolescente Daniela\u2026<\/p>\n","protected":false},"author":123457,"featured_media":0,"comment_status":"closed","ping_status":"closed","sticky":false,"template":"","format":"standard","meta":{"advgb_blocks_editor_width":"","advgb_blocks_columns_visual_guide":"","footnotes":""},"categories":[34],"tags":[10845,35,10839],"class_list":["post-73110","post","type-post","status-publish","format-standard","hentry","category-g1","tag-destaque-centro-01","tag-g1","tag-policial"],"author_meta":{"display_name":"Reda\u00e7\u00e3o","author_link":"https:\/\/sindaopcpb.org.br\/author\/redacao\/"},"featured_img":null,"coauthors":[],"tax_additional":{"categories":{"linked":["<a href=\"https:\/\/sindaopcpb.org.br\/g1\/\" class=\"advgb-post-tax-term\">G1<\/a>"],"unlinked":["<span class=\"advgb-post-tax-term\">G1<\/span>"]},"tags":{"linked":["<a href=\"https:\/\/sindaopcpb.org.br\/g1\/\" class=\"advgb-post-tax-term\">Destaque Centro 01<\/a>","<a href=\"https:\/\/sindaopcpb.org.br\/g1\/\" class=\"advgb-post-tax-term\">g1<\/a>","<a href=\"https:\/\/sindaopcpb.org.br\/g1\/\" class=\"advgb-post-tax-term\">Policial<\/a>"],"unlinked":["<span class=\"advgb-post-tax-term\">Destaque Centro 01<\/span>","<span class=\"advgb-post-tax-term\">g1<\/span>","<span class=\"advgb-post-tax-term\">Policial<\/span>"]}},"comment_count":"0","relative_dates":{"created":"Publicado 6 horas atr\u00e1s","modified":"Atualizado 6 horas atr\u00e1s"},"absolute_dates":{"created":"Publicado em 3 de setembro de 2026","modified":"Atualizado em 3 de setembro de 2026"},"absolute_dates_time":{"created":"Publicado em 3 de setembro de 2026 13:15","modified":"Atualizado em 3 de setembro de 2026 13:15"},"featured_img_caption":"","series_order":"","_links":{"self":[{"href":"https:\/\/sindaopcpb.org.br\/index.php\/wp-json\/wp\/v2\/posts\/73110","targetHints":{"allow":["GET"]}}],"collection":[{"href":"https:\/\/sindaopcpb.org.br\/index.php\/wp-json\/wp\/v2\/posts"}],"about":[{"href":"https:\/\/sindaopcpb.org.br\/index.php\/wp-json\/wp\/v2\/types\/post"}],"author":[{"embeddable":true,"href":"https:\/\/sindaopcpb.org.br\/index.php\/wp-json\/wp\/v2\/users\/123457"}],"replies":[{"embeddable":true,"href":"https:\/\/sindaopcpb.org.br\/index.php\/wp-json\/wp\/v2\/comments?post=73110"}],"version-history":[{"count":2,"href":"https:\/\/sindaopcpb.org.br\/index.php\/wp-json\/wp\/v2\/posts\/73110\/revisions"}],"predecessor-version":[{"id":73120,"href":"https:\/\/sindaopcpb.org.br\/index.php\/wp-json\/wp\/v2\/posts\/73110\/revisions\/73120"}],"wp:attachment":[{"href":"https:\/\/sindaopcpb.org.br\/index.php\/wp-json\/wp\/v2\/media?parent=73110"}],"wp:term":[{"taxonomy":"category","embeddable":true,"href":"https:\/\/sindaopcpb.org.br\/index.php\/wp-json\/wp\/v2\/categories?post=73110"},{"taxonomy":"post_tag","embeddable":true,"href":"https:\/\/sindaopcpb.org.br\/index.php\/wp-json\/wp\/v2\/tags?post=73110"}],"curies":[{"name":"wp","href":"https:\/\/api.w.org\/{rel}","templated":true}]}}