{"id":73095,"date":"2026-09-03T11:15:58","date_gmt":"2026-09-03T14:15:58","guid":{"rendered":"https:\/\/g1.globo.com\/pb\/paraiba\/noticia\/2026\/09\/03\/carro-suspeito-de-transportar-corpo-de-adolescente-encontrada-morta-e-identificado-e-jovem-assume-crime-no-sertao-da-paraiba.ghtml"},"modified":"2026-09-03T11:15:58","modified_gmt":"2026-09-03T14:15:58","slug":"carro-suspeito-de-transportar-corpo-de-adolescente-encontrada-morta-e-identificado-e-jovem-assume-crime-no-sertao-da-paraiba","status":"publish","type":"post","link":"https:\/\/sindaopcpb.org.br\/index.php\/2026\/09\/03\/carro-suspeito-de-transportar-corpo-de-adolescente-encontrada-morta-e-identificado-e-jovem-assume-crime-no-sertao-da-paraiba\/","title":{"rendered":"Carro suspeito de transportar corpo de adolescente encontrada morta \u00e9 identificado e jovem assume crime, no Sert\u00e3o da Para\u00edba"},"content":{"rendered":"   <img src=\"https:\/\/s2-g1.glbimg.com\/QzzzoNKtl6wSGE8T_3oKsx6O9zs=\/i.s3.glbimg.com\/v1\/AUTH_59edd422c0c84a879bd37670ae4f538a\/internal_photos\/bs\/2026\/e\/W\/Bt4GOqTQA0lXi57081SQ\/carro-caso-pb394.jpg\" \/><br \/>     Carro suspeito de transportar adolescente encontrada morta \u00e0s margens da PB-394 \u00e9 identificado\nReprodu\u00e7\u00e3o\/Pol\u00edcia Militar\nA Pol\u00edcia Militar identificou um carro que pode ter sido utilizado para transportar o corpo da adolescente Daniela Lima de Ara\u00fajo, de 17 anos, encontrado em sacos pl\u00e1sticos \u00e0s margens da PB-394, entre os munic\u00edpios de Carrapateira e Nazarezinho, no Sert\u00e3o da Para\u00edba, na manh\u00e3 da ter\u00e7a-feira (1\u00ba). Imagens de c\u00e2meras de seguran\u00e7a em Carrapateira registraram o ve\u00edculo trafegando por volta das 2h da madrugada no dia do crime.\n\u2705 Clique aqui para seguir o canal do g1 PB no WhatsApp\nDe acordo com a Pol\u00edcia Militar, um adolescente de 17 anos se apresentou na delegacia de Pol\u00edcia Civil, na quarta-feira (2), acompanhado dos pais. Ele assumiu sozinho a responsabilidade pelo carro e pela autoria do crime.\nImagens de c\u00e2meras de seguran\u00e7a em Carrapateira registraram o ve\u00edculo trafegando por volta das 2h da madrugada no dia do crime.\nReprodu\u00e7\u00e3o\/Pol\u00edcia Militar\nO tenente-coronel Eug\u00eanio, comandante do 6\u00ba BPM, informou ao g1, que o carro que aparece nos registros dos circuitos de seguran\u00e7a, foi reconhecido pelos policiais por estar relacionado a um traficante da cidade de S\u00e3o Jos\u00e9 de Piranhas.\nAp\u00f3s buscas, ainda na ter\u00e7a-feira (1\u00ba), o carro foi encontrado em uma rua de S\u00e3o Jos\u00e9 de Piranhas. O quarteir\u00e3o foi isolado e uma per\u00edcia realizada no ve\u00edculo.\nAinda segundo o tenente-coronel Eug\u00eanio, foi constatado que o ve\u00edculo havia sido lavado. As guarni\u00e7\u00f5es iniciaram novas buscas para identificar o lava jato usado na limpeza e os policiais obtiveram a informa\u00e7\u00e3o de que um adolescente deixou o carro no estabelecimento.\nO adolescente foi ouvido e liberado, pois j\u00e1 havia passado o per\u00edodo de flagrante. A Pol\u00edcia Civil segue investigando o caso e acredita na participa\u00e7\u00e3o de outras pessoas no crime.\nV\u00eddeos em alta no g1\nV\u00eddeos mais assistidos do g1 Para\u00edba  ","protected":false},"excerpt":{"rendered":"<p>        Carro suspeito de transportar adolescente encontrada morta \u00e0s margens da PB-394 \u00e9 identificado<br \/>\nReprodu\u00e7\u00e3o\/Pol\u00edcia Militar<br \/>\nA Pol\u00edcia Militar identificou um carro que pode ter sido utilizado para transportar o corpo da adolescente Daniela Lima de&#8230;<\/p>\n","protected":false},"author":2,"featured_media":0,"comment_status":"closed","ping_status":"closed","sticky":false,"template":"","format":"standard","meta":{"advgb_blocks_editor_width":"","advgb_blocks_columns_visual_guide":"","footnotes":""},"categories":[34],"tags":[35],"class_list":["post-73095","post","type-post","status-publish","format-standard","hentry","category-g1","tag-g1"],"author_meta":{"display_name":"g1 &gt; Para\u00edba","author_link":"https:\/\/sindaopcpb.org.br\/author\/g1-paraiba\/"},"featured_img":null,"coauthors":[],"tax_additional":{"categories":{"linked":["<a href=\"https:\/\/sindaopcpb.org.br\/g1\/\" class=\"advgb-post-tax-term\">G1<\/a>"],"unlinked":["<span class=\"advgb-post-tax-term\">G1<\/span>"]},"tags":{"linked":["<a href=\"https:\/\/sindaopcpb.org.br\/g1\/\" class=\"advgb-post-tax-term\">g1<\/a>"],"unlinked":["<span class=\"advgb-post-tax-term\">g1<\/span>"]}},"comment_count":"0","relative_dates":{"created":"Publicado 5 horas atr\u00e1s","modified":"Atualizado 5 horas atr\u00e1s"},"absolute_dates":{"created":"Publicado em 3 de setembro de 2026","modified":"Atualizado em 3 de setembro de 2026"},"absolute_dates_time":{"created":"Publicado em 3 de setembro de 2026 11:15","modified":"Atualizado em 3 de setembro de 2026 11:15"},"featured_img_caption":"","series_order":"","_links":{"self":[{"href":"https:\/\/sindaopcpb.org.br\/index.php\/wp-json\/wp\/v2\/posts\/73095","targetHints":{"allow":["GET"]}}],"collection":[{"href":"https:\/\/sindaopcpb.org.br\/index.php\/wp-json\/wp\/v2\/posts"}],"about":[{"href":"https:\/\/sindaopcpb.org.br\/index.php\/wp-json\/wp\/v2\/types\/post"}],"author":[{"embeddable":true,"href":"https:\/\/sindaopcpb.org.br\/index.php\/wp-json\/wp\/v2\/users\/2"}],"replies":[{"embeddable":true,"href":"https:\/\/sindaopcpb.org.br\/index.php\/wp-json\/wp\/v2\/comments?post=73095"}],"version-history":[{"count":1,"href":"https:\/\/sindaopcpb.org.br\/index.php\/wp-json\/wp\/v2\/posts\/73095\/revisions"}],"predecessor-version":[{"id":73096,"href":"https:\/\/sindaopcpb.org.br\/index.php\/wp-json\/wp\/v2\/posts\/73095\/revisions\/73096"}],"wp:attachment":[{"href":"https:\/\/sindaopcpb.org.br\/index.php\/wp-json\/wp\/v2\/media?parent=73095"}],"wp:term":[{"taxonomy":"category","embeddable":true,"href":"https:\/\/sindaopcpb.org.br\/index.php\/wp-json\/wp\/v2\/categories?post=73095"},{"taxonomy":"post_tag","embeddable":true,"href":"https:\/\/sindaopcpb.org.br\/index.php\/wp-json\/wp\/v2\/tags?post=73095"}],"curies":[{"name":"wp","href":"https:\/\/api.w.org\/{rel}","templated":true}]}}