{"id":73093,"date":"2026-09-03T11:17:14","date_gmt":"2026-09-03T14:17:14","guid":{"rendered":"https:\/\/g1.globo.com\/pb\/paraiba\/noticia\/2026\/09\/03\/expo-favela-paraiba-2026-comeca-nesta-sexta-feira-4-em-joao-pessoa-veja-programacao.ghtml"},"modified":"2026-09-03T11:17:14","modified_gmt":"2026-09-03T14:17:14","slug":"expo-favela-paraiba-2026-comeca-nesta-sexta-feira-4-em-joao-pessoa-veja-programacao","status":"publish","type":"post","link":"https:\/\/sindaopcpb.org.br\/index.php\/2026\/09\/03\/expo-favela-paraiba-2026-comeca-nesta-sexta-feira-4-em-joao-pessoa-veja-programacao\/","title":{"rendered":"Expo Favela Para\u00edba 2026 come\u00e7a nesta sexta-feira (4) em Jo\u00e3o Pessoa; veja programa\u00e7\u00e3o"},"content":{"rendered":"   <img src=\"https:\/\/s2-g1.glbimg.com\/b_CEjzHwGLQoXW9WpeQ7_7Unkgw=\/i.s3.glbimg.com\/v1\/AUTH_59edd422c0c84a879bd37670ae4f538a\/internal_photos\/bs\/2026\/I\/Z\/QPLd7GQLSYHS2u6PFX0Q\/expo-favela-2026.jpeg\" \/><br \/>     Expo Favela Para\u00edba come\u00e7a nesta sexta-feira (4)\nDivulga\u00e7\u00e3o\/Expo Favela Para\u00edba\nA programa\u00e7\u00e3o da Expo Favela Para\u00edba 2026 foi divulgada. O evento ocorre nesta sexta-feira (4), s\u00e1bado (5) e domingo (7), na Usina Cultural Energisa, em Jo\u00e3o Pessoa, com entrada gratuita para o p\u00fablico.\n\u2705 Clique aqui para seguir o canal do g1 PB no WhatsApp\nA feira re\u00fane diversas atividades, incluindo shows, workshops, estandes de neg\u00f3cios, concursos, oficinas e pain\u00e9is. O palco contar\u00e1 com grandes nomes da Para\u00edba e artistas nacionais da cena rap e hip hop, como GOG, Kmilla CDD e Edi Rock.\nAl\u00e9m das atra\u00e7\u00f5es culturais, o evento tem foco no empreendedorismo. Mais de 60 empreendedores da periferia participar\u00e3o da feira e concorrer\u00e3o \u00e0 premia\u00e7\u00e3o do TOP 20.\nVeja programa\u00e7\u00e3o completa \n4 de setembro \u2013 sexta-feira\nPalco Quebrada\n9h \u2013 Grava\u00e7\u00e3o do programa Festival Baile de Favela \u2013 apresenta\u00e7\u00e3o Mike Rodrigues (TV Cidade Jo\u00e3o Pessoa)\nAtra\u00e7\u00f5es:\nMC\u2019 Hirlla\nBonyeva\nLay Luz (CG)\nPreta Langy\nRobson (CG)\nCerty MC\nSide\nViveira\nVulto\nRank\nKeyla Kaya\nMina Oriente (Cabedelo)\nTuckmantel\nFavela na Tela \u2013 Sala Multiuso\n9h \u2013 Grava\u00e7\u00e3o do programa de TV Cena Preta\nAtra\u00e7\u00f5es:\nPreta Langy\nMC\u2019 Hirlla\nSide\nFavela Prospera \u2013 Caf\u00e9 da Usina\n14h \u2013 Balc\u00e3o de oportunidades \u2013 apresenta\u00e7\u00e3o da Favela Seguros com cadastro para gera\u00e7\u00e3o de trabalho e renda\n16h \u2013 Gest\u00e3o de carreira \u2013 workshop para artistas perif\u00e9ricos \u2013 Toroh M\u00fasica e Cultura\nAgora no g1\nPalco Quebrada \u2013 Sala Vladimir Carvalho\nAbertura oficial da Expo Favela Innovation Para\u00edba 2026\nAtra\u00e7\u00f5es:\n19h \u2013 Apresenta\u00e7\u00e3o Grupo Kair\u00f3s\n19h40 \u2013 Solenidade de abertura\n20h10 \u2013 Apresenta\u00e7\u00e3o musical de Pretta (RN)\n20h25 \u2013 Concurso de tran\u00e7ado afro\n22h \u2013 Encerramento com Pretta (RN)\n5 de setembro \u2013 s\u00e1bado\nPalco Bonde \u2013 Cultura Popular Perif\u00e9rica Brasileira\nAtra\u00e7\u00f5es:\n14h \u2013 Cortejo Maracatu Na\u00e7\u00e3o P\u00e9 de Elefante\n14h30 \u2013 Tribo Ind\u00edgena Patax\u00f3s\n15h \u2013 Urso Gorila Louco \u2013 Bateria Explos\u00e3o da Zona Oeste\n15h30 \u2013 DJ Lane D\u2019Oy\u00e1\n17h \u2013 Menestr\u00e9is MCs\nFavela Prospera \u2013 Sala Multiuso\n15h \u2013 Oficina de tran\u00e7ado afro\n17h \u2013 Oficina de bombs e tags\nPalco Quebrada \u2013 Constru\u00e7\u00e3o de Ideias\nApresenta\u00e7\u00e3o Miguel Carcar\u00e1 (RN)\n14h30 \u2013 Painel: Papo de Vinil \u2013 Gog, Kmila CDD, Edi Rock \u2013 media\u00e7\u00e3o de Mike Rodrigues\n16h \u2013 Pocket show com Edi Rock (Racionais MCs)\n17h \u2013 Desfile competitivo de cosplay\nBeco de Cria\n15h \u2013 Grupo Xaxado Infantil do Renascer\n15h30 \u2013 Palha\u00e7o Malukinho\n16h \u2013 Quatro For\u00e7as que Dan\u00e7am\n16h30 \u2013 Duo Prisma\n17h \u2013 Slam da Favela\nPalco Favela \u2013 Tenda da M\u00fasica\nAtra\u00e7\u00f5es:\n15h30 \u2013 Mestra Nalva de Rita de Chic\u00f3 (Alagoa Grande)\n17h \u2013 Lau Capym\n18h \u2013 A F\u00faria Negra\n19h \u2013 MC\u2019 Hirlla\n20h \u2013 Bonyeva\n21h \u2013 Kmila CDD (RJ)\n6 de setembro \u2013 domingo\nPalco Bonde \u2013 Cultura Popular Perif\u00e9rica Brasileira\nAtra\u00e7\u00f5es:\n14h \u2013 Cortejo Maracatu Raio de Sonhos (Citex)\n15h30 \u2013 Batalha de Rima do Greenpeace \u2013 Corre de Quebrada\n16h \u2013 B7OOCK\n17h \u2013 Blakk Mania\nFavela Prospera \u2013 Sala Multiuso\n15h \u2013 Oficina de macram\u00ea\n17h \u2013 Oficina de bombs e tags\nCaf\u00e9 da Usina\n15h \u2013 Balc\u00e3o de oportunidades \u2013 apresenta\u00e7\u00e3o da Favela Seguros com cadastro para gera\u00e7\u00e3o de trabalho e renda\nPalco Quebrada \u2013 Constru\u00e7\u00e3o de Ideias\nPainel 1\n14h30 \u2013 Executivos sociais \u2013 desafios na atua\u00e7\u00e3o de lideran\u00e7as perif\u00e9ricas:\nPaulo Alves (presidente da CUFA Jo\u00e3o Pessoa e lideran\u00e7a na Favela S\u00e3o Jos\u00e9)\nLusiv\u00e2nia da Silva (coordenadora de Mulheres da CUFA e lideran\u00e7a na Ilha do Bispo)\nVitor Rodrigues (presidente da ACAM e lideran\u00e7a da comunidade Mu\u00e7umagro)\nJosenilson Jhou (diretor de Cultura da CUFA e lideran\u00e7a na Favela Rua da Mata)\nAlexandre Ara\u00fajo (diretor de Comunica\u00e7\u00e3o da CUFA Jo\u00e3o Pessoa e lideran\u00e7a na Favela S\u00e3o Luiz)\nAndrezza Ribeiro (lideran\u00e7a na Favela da Citex)\nBruna Fernandes (Escola de Neg\u00f3cios da Favela)\nPainel 2\n17h \u2013 Ta\u00e7a das Favelas \u2013 o maior campeonato de favelas do mundo\nInstitui\u00e7\u00f5es: CUFA PB e TV Cabo Branco \u2013 media\u00e7\u00e3o: Emerson Silva (presidente da CUFA Para\u00edba)\nBeco de Cria\n15h \u2013 Para\u00edba em versos de cordel\n17h30 \u2013 Espet\u00e1culo Naquela Mesa\nPalco Favela \u2013 Tenda da M\u00fasica\nAtra\u00e7\u00f5es:\n15h \u2013 Zendo (PE)\n16h30 \u2013 Desfile Haus of Chic\n17h \u2013 Desfile Of\u00e1meji (Top 15 2025)\n18h \u2013 Michael Jackson Cover\n18h40 \u2013 Vulto MC\n19h30 \u2013 An\u00fancio Top 20 2026\n20h10 \u2013 Encerramento com o show do Gog (BSB)\nV\u00eddeos mais assistidos do g1 Para\u00edba  ","protected":false},"excerpt":{"rendered":"<p>        Expo Favela Para\u00edba come\u00e7a nesta sexta-feira (4)<br \/>\nDivulga\u00e7\u00e3o\/Expo Favela Para\u00edba<br \/>\nA programa\u00e7\u00e3o da Expo Favela Para\u00edba 2026 foi divulgada. O evento ocorre nesta sexta-feira (4), s\u00e1bado (5) e domingo (7), na Usina Cultural Energisa, em Jo\u00e3o Pessoa&#8230;<\/p>\n","protected":false},"author":2,"featured_media":0,"comment_status":"closed","ping_status":"closed","sticky":false,"template":"","format":"standard","meta":{"advgb_blocks_editor_width":"","advgb_blocks_columns_visual_guide":"","footnotes":""},"categories":[34],"tags":[35],"class_list":["post-73093","post","type-post","status-publish","format-standard","hentry","category-g1","tag-g1"],"author_meta":{"display_name":"g1 &gt; Para\u00edba","author_link":"https:\/\/sindaopcpb.org.br\/author\/g1-paraiba\/"},"featured_img":null,"coauthors":[],"tax_additional":{"categories":{"linked":["<a href=\"https:\/\/sindaopcpb.org.br\/g1\/\" class=\"advgb-post-tax-term\">G1<\/a>"],"unlinked":["<span class=\"advgb-post-tax-term\">G1<\/span>"]},"tags":{"linked":["<a href=\"https:\/\/sindaopcpb.org.br\/g1\/\" class=\"advgb-post-tax-term\">g1<\/a>"],"unlinked":["<span class=\"advgb-post-tax-term\">g1<\/span>"]}},"comment_count":"0","relative_dates":{"created":"Publicado 5 horas atr\u00e1s","modified":"Atualizado 5 horas atr\u00e1s"},"absolute_dates":{"created":"Publicado em 3 de setembro de 2026","modified":"Atualizado em 3 de setembro de 2026"},"absolute_dates_time":{"created":"Publicado em 3 de setembro de 2026 11:17","modified":"Atualizado em 3 de setembro de 2026 11:17"},"featured_img_caption":"","series_order":"","_links":{"self":[{"href":"https:\/\/sindaopcpb.org.br\/index.php\/wp-json\/wp\/v2\/posts\/73093","targetHints":{"allow":["GET"]}}],"collection":[{"href":"https:\/\/sindaopcpb.org.br\/index.php\/wp-json\/wp\/v2\/posts"}],"about":[{"href":"https:\/\/sindaopcpb.org.br\/index.php\/wp-json\/wp\/v2\/types\/post"}],"author":[{"embeddable":true,"href":"https:\/\/sindaopcpb.org.br\/index.php\/wp-json\/wp\/v2\/users\/2"}],"replies":[{"embeddable":true,"href":"https:\/\/sindaopcpb.org.br\/index.php\/wp-json\/wp\/v2\/comments?post=73093"}],"version-history":[{"count":1,"href":"https:\/\/sindaopcpb.org.br\/index.php\/wp-json\/wp\/v2\/posts\/73093\/revisions"}],"predecessor-version":[{"id":73094,"href":"https:\/\/sindaopcpb.org.br\/index.php\/wp-json\/wp\/v2\/posts\/73093\/revisions\/73094"}],"wp:attachment":[{"href":"https:\/\/sindaopcpb.org.br\/index.php\/wp-json\/wp\/v2\/media?parent=73093"}],"wp:term":[{"taxonomy":"category","embeddable":true,"href":"https:\/\/sindaopcpb.org.br\/index.php\/wp-json\/wp\/v2\/categories?post=73093"},{"taxonomy":"post_tag","embeddable":true,"href":"https:\/\/sindaopcpb.org.br\/index.php\/wp-json\/wp\/v2\/tags?post=73093"}],"curies":[{"name":"wp","href":"https:\/\/api.w.org\/{rel}","templated":true}]}}