{"id":73091,"date":"2026-09-03T11:23:59","date_gmt":"2026-09-03T14:23:59","guid":{"rendered":"https:\/\/g1.globo.com\/pb\/paraiba\/noticia\/2026\/09\/03\/avo-e-presa-suspeita-de-tentar-matar-neto-afogado-durante-aniversario-na-pb.ghtml"},"modified":"2026-09-03T11:23:59","modified_gmt":"2026-09-03T14:23:59","slug":"avo-e-presa-suspeita-de-tentar-matar-neto-afogado-durante-aniversario-na-pb","status":"publish","type":"post","link":"https:\/\/sindaopcpb.org.br\/index.php\/2026\/09\/03\/avo-e-presa-suspeita-de-tentar-matar-neto-afogado-durante-aniversario-na-pb\/","title":{"rendered":"Av\u00f3 \u00e9 presa suspeita de tentar matar neto afogado durante anivers\u00e1rio, na PB"},"content":{"rendered":"   <img src=\"https:\/\/s2-g1.glbimg.com\/Qqdd-Y3KZskNzLXNstSonZHtKUg=\/i.s3.glbimg.com\/v1\/AUTH_59edd422c0c84a879bd37670ae4f538a\/internal_photos\/bs\/2026\/5\/q\/sBNteyQbKLMJFe4SzUpA\/sirene-policia-1-.jpeg\" \/><br \/>     Av\u00f3 \u00e9 presa suspeita de tentar matar neto afogado durante anivers\u00e1rio, na PB\nReprodu\u00e7\u00e3o\/Google\nUma mulher foi presa suspeita de tentar matar o pr\u00f3prio neto, de cinco anos, durante uma festa de anivers\u00e1rio em Sum\u00e9, no Cariri da Para\u00edba. O caso aconteceu no \u00faltimo s\u00e1bado (29).\nDe acordo com o delegado da Pol\u00edcia Civil Jo\u00e1s Barros, respons\u00e1vel pelo caso, a mulher arremessou a crian\u00e7a em uma piscina durante a festa. Pessoas que estavam no local intervieram e retiraram o menino da \u00e1gua.\n\u2705 Clique aqui para seguir o canal do g1 PB no WhatsApp\nAinda conforme o delegado, policiais e testemunhas foram ouvidos na Delegacia de Pol\u00edcia de Monteiro e confirmaram a vers\u00e3o inicial sobre o caso.\nDurante o interrogat\u00f3rio, a suspeita afirmou que n\u00e3o se lembrava do ocorrido porque estava sob efeito de bebida alco\u00f3lica.\nV\u00eddeos em alta no g1\nA mulher foi autuada em flagrante por tentativa de homic\u00eddio. No dia seguinte, durante audi\u00eancia de cust\u00f3dia, a Justi\u00e7a converteu a pris\u00e3o em flagrante em preventiva.\nA suspeita foi encaminhada para o Pres\u00eddio Feminino de Campina Grande, onde permanece presa.\nSegundo o delegado, o inqu\u00e9rito foi conclu\u00eddo nesta quarta-feira (2) e encaminhado \u00e0 Justi\u00e7a.\nO Conselho Tutelar de Sum\u00e9 tamb\u00e9m acompanhou o caso. A identidade da crian\u00e7a foi preservada em respeito \u00e0s normas de prote\u00e7\u00e3o de crian\u00e7as e adolescentes.\nV\u00eddeos mais assistidos do g1 Para\u00edba  ","protected":false},"excerpt":{"rendered":"<p>        Av\u00f3 \u00e9 presa suspeita de tentar matar neto afogado durante anivers\u00e1rio, na PB<br \/>\nReprodu\u00e7\u00e3o\/Google<br \/>\nUma mulher foi presa suspeita de tentar matar o pr\u00f3prio neto, de cinco anos, durante uma festa de anivers\u00e1rio em Sum\u00e9, no Cariri da Para\u00edba. O caso a&#8230;<\/p>\n","protected":false},"author":2,"featured_media":0,"comment_status":"closed","ping_status":"closed","sticky":false,"template":"","format":"standard","meta":{"advgb_blocks_editor_width":"","advgb_blocks_columns_visual_guide":"","footnotes":""},"categories":[34],"tags":[35],"class_list":["post-73091","post","type-post","status-publish","format-standard","hentry","category-g1","tag-g1"],"author_meta":{"display_name":"g1 &gt; Para\u00edba","author_link":"https:\/\/sindaopcpb.org.br\/author\/g1-paraiba\/"},"featured_img":null,"coauthors":[],"tax_additional":{"categories":{"linked":["<a href=\"https:\/\/sindaopcpb.org.br\/g1\/\" class=\"advgb-post-tax-term\">G1<\/a>"],"unlinked":["<span class=\"advgb-post-tax-term\">G1<\/span>"]},"tags":{"linked":["<a href=\"https:\/\/sindaopcpb.org.br\/g1\/\" class=\"advgb-post-tax-term\">g1<\/a>"],"unlinked":["<span class=\"advgb-post-tax-term\">g1<\/span>"]}},"comment_count":"0","relative_dates":{"created":"Publicado 5 horas atr\u00e1s","modified":"Atualizado 5 horas atr\u00e1s"},"absolute_dates":{"created":"Publicado em 3 de setembro de 2026","modified":"Atualizado em 3 de setembro de 2026"},"absolute_dates_time":{"created":"Publicado em 3 de setembro de 2026 11:23","modified":"Atualizado em 3 de setembro de 2026 11:23"},"featured_img_caption":"","series_order":"","_links":{"self":[{"href":"https:\/\/sindaopcpb.org.br\/index.php\/wp-json\/wp\/v2\/posts\/73091","targetHints":{"allow":["GET"]}}],"collection":[{"href":"https:\/\/sindaopcpb.org.br\/index.php\/wp-json\/wp\/v2\/posts"}],"about":[{"href":"https:\/\/sindaopcpb.org.br\/index.php\/wp-json\/wp\/v2\/types\/post"}],"author":[{"embeddable":true,"href":"https:\/\/sindaopcpb.org.br\/index.php\/wp-json\/wp\/v2\/users\/2"}],"replies":[{"embeddable":true,"href":"https:\/\/sindaopcpb.org.br\/index.php\/wp-json\/wp\/v2\/comments?post=73091"}],"version-history":[{"count":2,"href":"https:\/\/sindaopcpb.org.br\/index.php\/wp-json\/wp\/v2\/posts\/73091\/revisions"}],"predecessor-version":[{"id":73103,"href":"https:\/\/sindaopcpb.org.br\/index.php\/wp-json\/wp\/v2\/posts\/73091\/revisions\/73103"}],"wp:attachment":[{"href":"https:\/\/sindaopcpb.org.br\/index.php\/wp-json\/wp\/v2\/media?parent=73091"}],"wp:term":[{"taxonomy":"category","embeddable":true,"href":"https:\/\/sindaopcpb.org.br\/index.php\/wp-json\/wp\/v2\/categories?post=73091"},{"taxonomy":"post_tag","embeddable":true,"href":"https:\/\/sindaopcpb.org.br\/index.php\/wp-json\/wp\/v2\/tags?post=73091"}],"curies":[{"name":"wp","href":"https:\/\/api.w.org\/{rel}","templated":true}]}}