{"id":73087,"date":"2026-09-03T09:39:59","date_gmt":"2026-09-03T12:39:59","guid":{"rendered":"https:\/\/www.pbagora.com.br\/?p=968963"},"modified":"2026-09-03T09:39:59","modified_gmt":"2026-09-03T12:39:59","slug":"homem-e-alvo-de-operacao-por-ameacar-meninas-e-exigir-videos-intimos-em-santa-rita","status":"publish","type":"post","link":"https:\/\/sindaopcpb.org.br\/index.php\/2026\/09\/03\/homem-e-alvo-de-operacao-por-ameacar-meninas-e-exigir-videos-intimos-em-santa-rita\/","title":{"rendered":"Homem \u00e9 alvo de opera\u00e7\u00e3o por amea\u00e7ar meninas e exigir v\u00eddeos \u00edntimos em Santa Rita"},"content":{"rendered":"<p><img width=\"984\" height=\"656\" src=\"https:\/\/www.pbagora.com.br\/storage\/2026\/06\/image-123.png\" class=\"attachment-large size-large wp-post-image\" alt=\"\" style=\"margin-bottom: 20px;\" decoding=\"async\" srcset=\"https:\/\/www.pbagora.com.br\/storage\/2026\/06\/image-123.png 984w, https:\/\/www.pbagora.com.br\/storage\/2026\/06\/image-123-300x200.png 300w, https:\/\/www.pbagora.com.br\/storage\/2026\/06\/image-123-150x100.png 150w, https:\/\/www.pbagora.com.br\/storage\/2026\/06\/image-123-768x512.png 768w, https:\/\/www.pbagora.com.br\/storage\/2026\/06\/image-123-380x253.png 380w, https:\/\/www.pbagora.com.br\/storage\/2026\/06\/image-123-800x533.png 800w, https:\/\/www.pbagora.com.br\/storage\/2026\/06\/image-123-80x53.png 80w, https:\/\/www.pbagora.com.br\/storage\/2026\/06\/image-123-760x507.png 760w, https:\/\/www.pbagora.com.br\/storage\/2026\/06\/image-123-600x400.png 600w\" sizes=\"(max-width: 984px) 100vw, 984px\" \/><\/p>\n<p class=\"wp-block-paragraph\">Um homem de 31 anos foi alvo, na manh\u00e3 desta quinta-feira (03), de uma a\u00e7\u00e3o da Opera\u00e7\u00e3o Rede Limpa II, deflagrada pela Pol\u00edcia Civil em Santa Rita, na Grande Jo\u00e3o Pessoa. Ele \u00e9 investigado por criar perfis falsos nas redes sociais para abordar meninas, adulterar conversas e, posteriormente, utilizar o material para chantagear as v\u00edtimas e exigir fotos e v\u00eddeos de conte\u00fado \u00edntimo.<\/p>\n\n\n\n<p class=\"wp-block-paragraph\">Durante a opera\u00e7\u00e3o, a Pol\u00edcia Civil cumpriu um mandado de busca e apreens\u00e3o na resid\u00eancia do suspeito para recolher o celular utilizado nas abordagens. O homem n\u00e3o foi preso nesta fase porque, durante a an\u00e1lise inicial do aparelho, n\u00e3o foram encontradas conversas com as supostas v\u00edtimas.<\/p>\n\n\n\n<p class=\"wp-block-paragraph\">O celular, no entanto, ser\u00e1 submetido a uma per\u00edcia especializada. Segundo a Pol\u00edcia Civil, mesmo conte\u00fados que tenham sido apagados poder\u00e3o ser recuperados pelos peritos e auxiliar no avan\u00e7o das investiga\u00e7\u00f5es.<\/p>\n\n\n\n<p class=\"wp-block-paragraph\">As apura\u00e7\u00f5es apontam ainda que o suspeito teria produzido e enviado v\u00eddeos de conte\u00fado sexual \u00e0s v\u00edtimas durante as abordagens.<\/p>\n\n\n\n<p class=\"wp-block-paragraph\">De acordo com o delegado Jo\u00e3o Ricardo, da Delegacia de Crimes Cibern\u00e9ticos, algumas das v\u00edtimas identificadas em Santa Rita s\u00e3o alunas de uma mesma escola. A principal suspeita da pol\u00edcia \u00e9 de que o homem tenha localizado as adolescentes a partir do perfil da pr\u00f3pria institui\u00e7\u00e3o de ensino nas redes sociais.<\/p>\n\n\n\n<p class=\"wp-block-paragraph\">O alcance da investiga\u00e7\u00e3o, entretanto, pode ser maior. Segundo o delegado, as dilig\u00eancias j\u00e1 indicaram que o suspeito teria feito v\u00edtimas em diferentes estados brasileiros. At\u00e9 o momento, tr\u00eas v\u00edtimas foram identificadas, mas a Pol\u00edcia Civil acredita que outras pessoas possam ter sido abordadas.<\/p>\n\n\n\n<p class=\"wp-block-paragraph\">Ainda segundo o delegado, o investigado utilizava uma estrat\u00e9gia para ganhar a confian\u00e7a das v\u00edtimas e criar uma situa\u00e7\u00e3o que posteriormente pudesse ser usada como instrumento de chantagem. Ele adulterava as conversas para dar a entender que as pr\u00f3prias meninas teriam demonstrado interesse em receber ou trocar imagens \u00edntimas com ele.<\/p>\n\n\n\n<p class=\"wp-block-paragraph\">A partir do material manipulado, o suspeito passava a exigir que as v\u00edtimas enviassem fotos e v\u00eddeos de conte\u00fado er\u00f3tico. Caso elas se recusassem, eram amea\u00e7adas com a possibilidade de exposi\u00e7\u00e3o das imagens.<\/p>\n\n\n\n<p class=\"wp-block-paragraph\"><strong><em>PB Agora<\/em><\/strong><\/p>\n","protected":false},"excerpt":{"rendered":"<p><img loading=\"lazy\" decoding=\"async\" width=\"984\" height=\"656\" src=\"https:\/\/www.pbagora.com.br\/storage\/2026\/06\/image-123.png\" class=\"attachment-large size-large wp-post-image\" alt=\"\" srcset=\"https:\/\/www.pbagora.com.br\/storage\/2026\/06\/image-123.png 984w, https:\/\/www.pbagora.com.br\/storage\/2026\/06\/image-123-300x200.png 300w, https:\/\/www.pbagora.com.br\/storage\/2026\/06\/image-123-150x100.png 150w, https:\/\/www.pbagora.com.br\/storage\/2026\/06\/image-123-768x512.png 768w, https:\/\/www.pbagora.com.br\/storage\/2026\/06\/image-123-380x253.png 380w, https:\/\/www.pbagora.com.br\/storage\/2026\/06\/image-123-800x533.png 800w, https:\/\/www.pbagora.com.br\/storage\/2026\/06\/image-123-80x53.png 80w, https:\/\/www.pbagora.com.br\/storage\/2026\/06\/image-123-760x507.png 760w, https:\/\/www.pbagora.com.br\/storage\/2026\/06\/image-123-600x400.png 600w\" sizes=\"auto, (max-width: 984px) 100vw, 984px\"><\/p>\n<p>Um homem de 31 anos foi alvo, na manh\u00e3 desta quinta-feira (03), de uma a\u00e7\u00e3o da Opera\u00e7\u00e3o Rede\u2026<\/p>\n","protected":false},"author":123457,"featured_media":0,"comment_status":"closed","ping_status":"closed","sticky":false,"template":"","format":"standard","meta":{"advgb_blocks_editor_width":"","advgb_blocks_columns_visual_guide":"","footnotes":""},"categories":[34],"tags":[35,10839,10842],"class_list":["post-73087","post","type-post","status-publish","format-standard","hentry","category-g1","tag-g1","tag-policial","tag-principal3"],"author_meta":{"display_name":"Reda\u00e7\u00e3o","author_link":"https:\/\/sindaopcpb.org.br\/author\/redacao\/"},"featured_img":null,"coauthors":[],"tax_additional":{"categories":{"linked":["<a href=\"https:\/\/sindaopcpb.org.br\/g1\/\" class=\"advgb-post-tax-term\">G1<\/a>"],"unlinked":["<span class=\"advgb-post-tax-term\">G1<\/span>"]},"tags":{"linked":["<a href=\"https:\/\/sindaopcpb.org.br\/g1\/\" class=\"advgb-post-tax-term\">g1<\/a>","<a href=\"https:\/\/sindaopcpb.org.br\/g1\/\" class=\"advgb-post-tax-term\">Policial<\/a>","<a href=\"https:\/\/sindaopcpb.org.br\/g1\/\" class=\"advgb-post-tax-term\">Principal3<\/a>"],"unlinked":["<span class=\"advgb-post-tax-term\">g1<\/span>","<span class=\"advgb-post-tax-term\">Policial<\/span>","<span class=\"advgb-post-tax-term\">Principal3<\/span>"]}},"comment_count":"0","relative_dates":{"created":"Publicado 6 horas atr\u00e1s","modified":"Atualizado 6 horas atr\u00e1s"},"absolute_dates":{"created":"Publicado em 3 de setembro de 2026","modified":"Atualizado em 3 de setembro de 2026"},"absolute_dates_time":{"created":"Publicado em 3 de setembro de 2026 09:39","modified":"Atualizado em 3 de setembro de 2026 09:39"},"featured_img_caption":"","series_order":"","_links":{"self":[{"href":"https:\/\/sindaopcpb.org.br\/index.php\/wp-json\/wp\/v2\/posts\/73087","targetHints":{"allow":["GET"]}}],"collection":[{"href":"https:\/\/sindaopcpb.org.br\/index.php\/wp-json\/wp\/v2\/posts"}],"about":[{"href":"https:\/\/sindaopcpb.org.br\/index.php\/wp-json\/wp\/v2\/types\/post"}],"author":[{"embeddable":true,"href":"https:\/\/sindaopcpb.org.br\/index.php\/wp-json\/wp\/v2\/users\/123457"}],"replies":[{"embeddable":true,"href":"https:\/\/sindaopcpb.org.br\/index.php\/wp-json\/wp\/v2\/comments?post=73087"}],"version-history":[{"count":2,"href":"https:\/\/sindaopcpb.org.br\/index.php\/wp-json\/wp\/v2\/posts\/73087\/revisions"}],"predecessor-version":[{"id":73101,"href":"https:\/\/sindaopcpb.org.br\/index.php\/wp-json\/wp\/v2\/posts\/73087\/revisions\/73101"}],"wp:attachment":[{"href":"https:\/\/sindaopcpb.org.br\/index.php\/wp-json\/wp\/v2\/media?parent=73087"}],"wp:term":[{"taxonomy":"category","embeddable":true,"href":"https:\/\/sindaopcpb.org.br\/index.php\/wp-json\/wp\/v2\/categories?post=73087"},{"taxonomy":"post_tag","embeddable":true,"href":"https:\/\/sindaopcpb.org.br\/index.php\/wp-json\/wp\/v2\/tags?post=73087"}],"curies":[{"name":"wp","href":"https:\/\/api.w.org\/{rel}","templated":true}]}}