{"id":73085,"date":"2026-09-03T10:22:51","date_gmt":"2026-09-03T13:22:51","guid":{"rendered":"https:\/\/g1.globo.com\/pb\/paraiba\/noticia\/2026\/09\/03\/suspeito-de-assalto-a-casa-de-prefeito-de-boqueirao-na-pb-e-preso.ghtml"},"modified":"2026-09-03T10:22:51","modified_gmt":"2026-09-03T13:22:51","slug":"suspeito-de-envolvimento-no-assalto-a-casa-do-prefeito-de-boqueirao-na-pb-e-preso","status":"publish","type":"post","link":"https:\/\/sindaopcpb.org.br\/index.php\/2026\/09\/03\/suspeito-de-envolvimento-no-assalto-a-casa-do-prefeito-de-boqueirao-na-pb-e-preso\/","title":{"rendered":"Suspeito de envolvimento no assalto \u00e0 casa do prefeito de Boqueir\u00e3o, na PB, \u00e9 preso"},"content":{"rendered":"   <img src=\"https:\/\/s2-g1.glbimg.com\/465AsLgiaXS9C_8rFnGegiRIZZs=\/i.s3.glbimg.com\/v1\/AUTH_59edd422c0c84a879bd37670ae4f538a\/internal_photos\/bs\/2026\/d\/V\/jUNOTtS7KcdMfvwCSw9A\/whatsapp-image-2026-09-02-at-10.50.11.jpeg\" \/><br \/>     POL\u00cdCIA CIVIL INVESTIGA ASSALTO A CASA DE PREFEITO NA PB\nReprodu\u00e7\u00e3o \/ TV Para\u00edba\nUm homem, que n\u00e3o teve a identifica\u00e7\u00e3o divulgada, suspeito de assaltar a casa do prefeito de Boqueir\u00e3o, foi preso em Campina Grande ap\u00f3s uma abordagem da Pol\u00edcia Militar na tarde da quarta-feira (2). O suspeito estava em uma motocicleta com outro homem no bairro Portal Sudoeste quando foi abordado pelos policiais.\n\u2705 Clique aqui para seguir o canal do g1 PB no WhatsApp\nSegundo a Pol\u00edcia Militar, os dois homens estavam sem capacete e circulavam de forma irregular. Ao perceberem a presen\u00e7a da equipe, eles fugiram, desobedeceram \u00e0 ordem de parada e seguiram pela contram\u00e3o. \nAgora no g1\nDurante a ocorr\u00eancia, a Pol\u00edcia Militar recebeu informa\u00e7\u00f5es sobre a poss\u00edvel participa\u00e7\u00e3o de um dos homens no assalto \u00e0 casa do prefeito de Boqueir\u00e3o, Jo\u00e3o Marcos de Freitas, ocorrido na ter\u00e7a-feira (1\u00ba). Os dois foram detidos e encaminhados para a Central de Pol\u00edcia de Campina Grande.\nCom os suspeitos, os policiais encontraram uma pequena quantidade de uma subst\u00e2ncia an\u00e1loga a skank e um celular, que foram apreendidos. A motocicleta tamb\u00e9m foi recolhida ao p\u00e1tio do \u00f3rg\u00e3o de tr\u00e2nsito respons\u00e1vel por causa das infra\u00e7\u00f5es verificadas.\nOs dois homens foram ouvidos ap\u00f3s serem conduzidos para os procedimentos legais. Um deles foi solto ainda na quarta-feira (2). O outro permanece preso e deve passar por audi\u00eancia de cust\u00f3dia nesta quinta-feira (3).\nSegundo as informa\u00e7\u00f5es repassadas \u00e0 Pol\u00edcia Militar, o homem que permanece preso \u00e9 suspeito de participa\u00e7\u00e3o no assalto \u00e0 casa do prefeito de Boqueir\u00e3o. \nEntenda o caso\nA Pol\u00edcia Civil investiga o assalto \u00e0 casa do prefeito de Boqueir\u00e3o, Jo\u00e3o Marcos de Freitas, ocorrido na manh\u00e3 da ter\u00e7a-feira (1\u00ba). Segundo a pol\u00edcia, cinco homens participaram da a\u00e7\u00e3o. Eles chegaram \u00e0 resid\u00eancia em um carro e uma motocicleta.\nNo local estavam o prefeito, a esposa, a filha do casal e o motorista da fam\u00edlia. Durante o assalto, foram levados joias, celulares e outros pertences pessoais. O motorista tamb\u00e9m foi agredido, e as v\u00edtimas tiveram a liberdade restringida.\nAs investiga\u00e7\u00f5es j\u00e1 resultaram na pris\u00e3o de dois suspeitos na ter\u00e7a-feira (1\u00b0). Um deles \u00e9 apontado como o motociclista que aparece em imagens de monitoramento acompanhando o carro usado no crime.\nA Pol\u00edcia Civil continua investigando o caso para identificar e localizar os demais suspeitos.\nPol\u00edcia Civil investiga assalto \u00e0 casa de prefeito de Boqueir\u00e3o, na Para\u00edba\nReprodu\u00e7\u00e3o \/ Pol\u00edcia Civil\nV\u00eddeos mais assistidos do g1 Para\u00edba  ","protected":false},"excerpt":{"rendered":"<p>        POL\u00cdCIA CIVIL INVESTIGA ASSALTO A CASA DE PREFEITO NA PB<br \/>\nReprodu\u00e7\u00e3o \/ TV Para\u00edba<br \/>\nUm homem, que n\u00e3o teve a identifica\u00e7\u00e3o divulgada, suspeito de assaltar a casa do prefeito de Boqueir\u00e3o, foi preso em Campina Grande ap\u00f3s uma abordagem da Pol\u00edcia M&#8230;<\/p>\n","protected":false},"author":2,"featured_media":0,"comment_status":"closed","ping_status":"closed","sticky":false,"template":"","format":"standard","meta":{"advgb_blocks_editor_width":"","advgb_blocks_columns_visual_guide":"","footnotes":""},"categories":[34],"tags":[35],"class_list":["post-73085","post","type-post","status-publish","format-standard","hentry","category-g1","tag-g1"],"author_meta":{"display_name":"g1 &gt; Para\u00edba","author_link":"https:\/\/sindaopcpb.org.br\/author\/g1-paraiba\/"},"featured_img":null,"coauthors":[],"tax_additional":{"categories":{"linked":["<a href=\"https:\/\/sindaopcpb.org.br\/g1\/\" class=\"advgb-post-tax-term\">G1<\/a>"],"unlinked":["<span class=\"advgb-post-tax-term\">G1<\/span>"]},"tags":{"linked":["<a href=\"https:\/\/sindaopcpb.org.br\/g1\/\" class=\"advgb-post-tax-term\">g1<\/a>"],"unlinked":["<span class=\"advgb-post-tax-term\">g1<\/span>"]}},"comment_count":"0","relative_dates":{"created":"Publicado 5 horas atr\u00e1s","modified":"Atualizado 5 horas atr\u00e1s"},"absolute_dates":{"created":"Publicado em 3 de setembro de 2026","modified":"Atualizado em 3 de setembro de 2026"},"absolute_dates_time":{"created":"Publicado em 3 de setembro de 2026 10:22","modified":"Atualizado em 3 de setembro de 2026 10:22"},"featured_img_caption":"","series_order":"","_links":{"self":[{"href":"https:\/\/sindaopcpb.org.br\/index.php\/wp-json\/wp\/v2\/posts\/73085","targetHints":{"allow":["GET"]}}],"collection":[{"href":"https:\/\/sindaopcpb.org.br\/index.php\/wp-json\/wp\/v2\/posts"}],"about":[{"href":"https:\/\/sindaopcpb.org.br\/index.php\/wp-json\/wp\/v2\/types\/post"}],"author":[{"embeddable":true,"href":"https:\/\/sindaopcpb.org.br\/index.php\/wp-json\/wp\/v2\/users\/2"}],"replies":[{"embeddable":true,"href":"https:\/\/sindaopcpb.org.br\/index.php\/wp-json\/wp\/v2\/comments?post=73085"}],"version-history":[{"count":1,"href":"https:\/\/sindaopcpb.org.br\/index.php\/wp-json\/wp\/v2\/posts\/73085\/revisions"}],"predecessor-version":[{"id":73086,"href":"https:\/\/sindaopcpb.org.br\/index.php\/wp-json\/wp\/v2\/posts\/73085\/revisions\/73086"}],"wp:attachment":[{"href":"https:\/\/sindaopcpb.org.br\/index.php\/wp-json\/wp\/v2\/media?parent=73085"}],"wp:term":[{"taxonomy":"category","embeddable":true,"href":"https:\/\/sindaopcpb.org.br\/index.php\/wp-json\/wp\/v2\/categories?post=73085"},{"taxonomy":"post_tag","embeddable":true,"href":"https:\/\/sindaopcpb.org.br\/index.php\/wp-json\/wp\/v2\/tags?post=73085"}],"curies":[{"name":"wp","href":"https:\/\/api.w.org\/{rel}","templated":true}]}}