{"id":73074,"date":"2026-09-03T09:21:54","date_gmt":"2026-09-03T12:21:54","guid":{"rendered":"https:\/\/g1.globo.com\/pb\/paraiba\/eleicoes\/2026\/noticia\/2026\/09\/03\/joao-azevedo-candidato-ao-senado-pela-paraiba-propoe-redistribuicao-de-recursos-do-sus-cagepa-publica.ghtml"},"modified":"2026-09-03T09:21:54","modified_gmt":"2026-09-03T12:21:54","slug":"joao-azevedo-candidato-ao-senado-pela-paraiba-propoe-redistribuicao-de-recursos-do-sus-e-diz-que-cagepa-deve-continuar-publica","status":"publish","type":"post","link":"https:\/\/sindaopcpb.org.br\/index.php\/2026\/09\/03\/joao-azevedo-candidato-ao-senado-pela-paraiba-propoe-redistribuicao-de-recursos-do-sus-e-diz-que-cagepa-deve-continuar-publica\/","title":{"rendered":"Jo\u00e3o Azev\u00eado, candidato ao Senado pela Para\u00edba, prop\u00f5e redistribui\u00e7\u00e3o de recursos do SUS e diz que Cagepa deve continuar p\u00fablica"},"content":{"rendered":"   <img src=\"https:\/\/s2-g1.glbimg.com\/gIxEfTE99N_-DnmZsBv6mZQz5es=\/i.s3.glbimg.com\/v1\/AUTH_59edd422c0c84a879bd37670ae4f538a\/internal_photos\/bs\/2026\/E\/7\/3nzZBPTJKWPBHTGrIOCQ\/joao-azevedo.jpg\" \/><br \/>     Jo\u00e3o Azev\u00eado \u00e9 o quarto candidato ao Senado entrevistado no Bom Dia Para\u00edba\nO candidato ao Senado Federal pela Para\u00edba, Jo\u00e3o Azev\u00eado (PSB), defendeu, durante sabatina no programa Bom Dia Para\u00edba, da TV Cabo Branco, nesta quinta-feira (3), uma redistribui\u00e7\u00e3o nos recursos da sa\u00fade p\u00fablica. O candidato tamb\u00e9m falou sobre parcerias p\u00fablico-privadas e acerca de casos de secret\u00e1rios alvos de investiga\u00e7\u00f5es. \nAs sabatinas com os candidatos ao Senado v\u00e3o ser realizadas at\u00e9 o dia 8 de setembro, a partir das 8h. No dia 7 de setembro, feriado nacional, n\u00e3o haver\u00e1 entrevista. Veja abaixo o calend\u00e1rio de entrevistados. \n\u2705 Clique aqui para seguir o canal do g1 PB no WhatsApp\nSobre a distribui\u00e7\u00e3o de recursos do Sistema \u00danico de Sa\u00fade (SUS), Jo\u00e3o Azev\u00eado afirmou que o valor repassado para a Para\u00edba \u00e9 abaixo das despesas com sa\u00fade que o estado possui. \n\u201cO sistema de sa\u00fade do Brasil precisa ser melhorado em v\u00e1rios aspectos, principalmente daquilo que se refere ao custeio. O valor efetivamente transferido \u00e9 abaixo das despesas que o Estado precisa para manter a sa\u00fade. (...) O estado da Para\u00edba, com 36 hospitais e quatro UPAs, recebe menos recursos do que a prefeitura de Jo\u00e3o Pessoa, que tem uma rede infinitamente menor. Essa distribui\u00e7\u00e3o de recurso est\u00e1 equivocada. Ela precisa ser melhorada e isso eu vou lutar para que aconte\u00e7a\u201d. \nCom rela\u00e7\u00e3o a parcerias p\u00fablico-privadas, Jo\u00e3o Azev\u00eado disse n\u00e3o ser contra privatiza\u00e7\u00f5es, mas, no caso da Companhia de \u00c1gua e Esgotos da Para\u00edba (Cagepa), por exemplo, o candidato afirmou que defende que a empresa continue p\u00fablica. \n\u201cN\u00e3o sou contr\u00e1rio \u00e0 privatiza\u00e7\u00e3o de algumas coisas. Entretanto, naquilo que se refere ao sistema de abastecimento d'\u00e1gua, n\u00e3o h\u00e1 necessidade de privatiza\u00e7\u00e3o, e n\u00f3s mostramos isso pelo sistema e pelo modelo que n\u00f3s desenvolvemos na Para\u00edba. (...) O que n\u00f3s fizemos foi uma modelagem em que o BNDS passou tr\u00eas anos desenvolvendo um modelo em que o esgotamento sanit\u00e1rio em 85 cidades, que d\u00e1 quase 2 milh\u00f5es de habitantes, seja feito por uma empresa privada\u201d. \nSecret\u00e1rios investigados \nJo\u00e3o Azev\u00eado (PSB), candidato a senador pela Para\u00edba, foi entrevistado no Bom Dia Para\u00edba nesta quinta-feira (3)\nReprodu\u00e7\u00e3o\/TV Cabo Branco\nO candidato afirmou que n\u00e3o se arrepende das decis\u00f5es tomadas e justificou a perman\u00eancia dos auxiliares no cargo com base no princ\u00edpio da presun\u00e7\u00e3o de inoc\u00eancia.\nSegundo Jo\u00e3o, o MPPB encaminhou a investiga\u00e7\u00e3o \u00e0 Justi\u00e7a em dezembro de 2025, mas n\u00e3o pediu o afastamento dos secret\u00e1rios. Ele tamb\u00e9m destacou que o Tribunal de Justi\u00e7a da Para\u00edba (TJPB) s\u00f3 recebeu a den\u00fancia em maio de 2026, quando ele j\u00e1 havia deixado o cargo de governador para disputar uma vaga no Senado.\n\"Claro que eu n\u00e3o me arrependo. Na verdade, o Minist\u00e9rio P\u00fablico fez uma investiga\u00e7\u00e3o e, em dezembro de 2025, a encaminhou \u00e0 Justi\u00e7a. N\u00e3o foi pedido o afastamento de nenhum secret\u00e1rio, que poderia ter pedido se houvesse gravidade no fato denunciado, e o Tribunal de Justi\u00e7a s\u00f3 acatou a den\u00fancia em maio, quando eu j\u00e1 n\u00e3o era mais governador. N\u00e3o havia nenhum tipo de julgamento. O m\u00ednimo que algu\u00e9m merece \u00e9 presun\u00e7\u00e3o de inoc\u00eancia\", disse.\nO candidato disse ainda que, caso seja eleito senador e um de seus auxiliares se envolva em alguma situa\u00e7\u00e3o suspeita, a decis\u00e3o sobre mant\u00ea-lo no cargo depender\u00e1 de cada caso e da gravidade dos fatos. \nCalend\u00e1rio de sabatinas\nAs entrevistas s\u00e3o  exibidas no Bom Dia Para\u00edba e ter\u00e3o dura\u00e7\u00e3o de 15 minutos. Elas ser\u00e3o conduzidas pelo colunista de pol\u00edtica da Rede Para\u00edba, Jo\u00e3o Paulo Medeiros.\nA ordem definida por sorteio ficou assim:\n31 de agosto \u2013 Veneziano Vital (MDB);\n1 de setembro \u2013 Nabor Wanderley (Republicanos);\n2 de setembro \u2013 Andr\u00e9 Gadelha (MDB);\n3 de setembro \u2013 Jo\u00e3o Azev\u00eado (PSB);\n4 de setembro \u2013 Major F\u00e1bio (Novo);\n8 de setembro \u2013 Marcelo Queiroga (PL).\nV\u00eddeos mais assistidos do g1 Para\u00edba  ","protected":false},"excerpt":{"rendered":"<p>        Jo\u00e3o Azev\u00eado \u00e9 o quarto candidato ao Senado entrevistado no Bom Dia Para\u00edba<br \/>\nO candidato ao Senado Federal pela Para\u00edba, Jo\u00e3o Azev\u00eado (PSB), defendeu, durante sabatina no programa Bom Dia Para\u00edba, da TV Cabo Branco, nesta quinta-feira (3), uma r&#8230;<\/p>\n","protected":false},"author":2,"featured_media":0,"comment_status":"closed","ping_status":"closed","sticky":false,"template":"","format":"standard","meta":{"advgb_blocks_editor_width":"","advgb_blocks_columns_visual_guide":"","footnotes":""},"categories":[34],"tags":[35],"class_list":["post-73074","post","type-post","status-publish","format-standard","hentry","category-g1","tag-g1"],"author_meta":{"display_name":"g1 &gt; Para\u00edba","author_link":"https:\/\/sindaopcpb.org.br\/author\/g1-paraiba\/"},"featured_img":null,"coauthors":[],"tax_additional":{"categories":{"linked":["<a href=\"https:\/\/sindaopcpb.org.br\/g1\/\" class=\"advgb-post-tax-term\">G1<\/a>"],"unlinked":["<span class=\"advgb-post-tax-term\">G1<\/span>"]},"tags":{"linked":["<a href=\"https:\/\/sindaopcpb.org.br\/g1\/\" class=\"advgb-post-tax-term\">g1<\/a>"],"unlinked":["<span class=\"advgb-post-tax-term\">g1<\/span>"]}},"comment_count":"0","relative_dates":{"created":"Publicado 6 horas atr\u00e1s","modified":"Atualizado 6 horas atr\u00e1s"},"absolute_dates":{"created":"Publicado em 3 de setembro de 2026","modified":"Atualizado em 3 de setembro de 2026"},"absolute_dates_time":{"created":"Publicado em 3 de setembro de 2026 09:21","modified":"Atualizado em 3 de setembro de 2026 09:21"},"featured_img_caption":"","series_order":"","_links":{"self":[{"href":"https:\/\/sindaopcpb.org.br\/index.php\/wp-json\/wp\/v2\/posts\/73074","targetHints":{"allow":["GET"]}}],"collection":[{"href":"https:\/\/sindaopcpb.org.br\/index.php\/wp-json\/wp\/v2\/posts"}],"about":[{"href":"https:\/\/sindaopcpb.org.br\/index.php\/wp-json\/wp\/v2\/types\/post"}],"author":[{"embeddable":true,"href":"https:\/\/sindaopcpb.org.br\/index.php\/wp-json\/wp\/v2\/users\/2"}],"replies":[{"embeddable":true,"href":"https:\/\/sindaopcpb.org.br\/index.php\/wp-json\/wp\/v2\/comments?post=73074"}],"version-history":[{"count":3,"href":"https:\/\/sindaopcpb.org.br\/index.php\/wp-json\/wp\/v2\/posts\/73074\/revisions"}],"predecessor-version":[{"id":73081,"href":"https:\/\/sindaopcpb.org.br\/index.php\/wp-json\/wp\/v2\/posts\/73074\/revisions\/73081"}],"wp:attachment":[{"href":"https:\/\/sindaopcpb.org.br\/index.php\/wp-json\/wp\/v2\/media?parent=73074"}],"wp:term":[{"taxonomy":"category","embeddable":true,"href":"https:\/\/sindaopcpb.org.br\/index.php\/wp-json\/wp\/v2\/categories?post=73074"},{"taxonomy":"post_tag","embeddable":true,"href":"https:\/\/sindaopcpb.org.br\/index.php\/wp-json\/wp\/v2\/tags?post=73074"}],"curies":[{"name":"wp","href":"https:\/\/api.w.org\/{rel}","templated":true}]}}