{"id":73070,"date":"2026-09-03T08:46:36","date_gmt":"2026-09-03T11:46:36","guid":{"rendered":"https:\/\/g1.globo.com\/pb\/paraiba\/noticia\/2026\/09\/03\/inmet-emite-alerta-de-baixa-umidade-para-95-cidades-da-pb.ghtml"},"modified":"2026-09-03T08:46:36","modified_gmt":"2026-09-03T11:46:36","slug":"inmet-emite-alerta-de-baixa-umidade-para-95-cidades-da-pb","status":"publish","type":"post","link":"https:\/\/sindaopcpb.org.br\/index.php\/2026\/09\/03\/inmet-emite-alerta-de-baixa-umidade-para-95-cidades-da-pb\/","title":{"rendered":"Inmet emite alerta de baixa umidade para 95 cidades da PB"},"content":{"rendered":"   <img src=\"https:\/\/s2-g1.glbimg.com\/bPhwFoN-UylUJfv1IfpF8taN00o=\/i.s3.glbimg.com\/v1\/AUTH_59edd422c0c84a879bd37670ae4f538a\/internal_photos\/bs\/2026\/B\/H\/WBjBuwRASuG0qNYagoWA\/alerta-inmet-pb-0309.jpg\" \/><br \/>     Inmet emite alerta de baixa umidade do ar para mais de 95 cidades da Para\u00edba \u2014 Foto: Reprodu\u00e7\u00e3o \/ Inmet\n\nO Instituto Nacional de Meteorologia (Inmet) emitiu, nesta quinta-feira (3), um alerta amarelo de baixa umidade do ar que afeta cidades do interior da Para\u00edba. O aviso que vale para 95 munic\u00edpios. Veja abaixo lista de munic\u00edpios afetados.\nEste alerta, que come\u00e7ou \u00e0s 9h, segue vigente at\u00e9 as 22h desta quinta-feira (3).\n\u2705 Clique aqui para seguir o canal do g1 PB no WhatsApp\nDurante o per\u00edodo do alerta, a umidade relativa do ar deve variar entre 30% e 20%, \u00edndices considerados abaixo do recomendado para a sa\u00fade.\nSegundo o Inmet, h\u00e1 baixo risco de inc\u00eandios florestais e de impactos \u00e0 sa\u00fade, mas a popula\u00e7\u00e3o deve adotar medidas de preven\u00e7\u00e3o para reduzir os efeitos do tempo seco.\nV\u00eddeos em alta no g1\nRecomenda\u00e7\u00f5es do Inmet\nO instituto orienta que a popula\u00e7\u00e3o:\nbeba bastante \u00e1gua ao longo do dia;\nevite atividades f\u00edsicas intensas nos hor\u00e1rios mais quentes;\nprocure permanecer em locais protegidos do sol entre o fim da manh\u00e3 e a tarde.\nEm caso de emerg\u00eancia, a popula\u00e7\u00e3o pode acionar a Defesa Civil, pelo telefone 199, ou o Corpo de Bombeiros, pelo telefone 193.\nMunic\u00edpios sob alerta\n\u00c1gua Branca\nAguiar\nAmparo\nAparecida\nAreia de Bara\u00fanas\nBel\u00e9m do Brejo do Cruz\nBernardino Batista\nBoa Ventura\nBom Jesus\nBom Sucesso\nBonito de Santa F\u00e9\nBrejo do Cruz\nBrejo dos Santos\nCachoeira dos \u00cdndios\nCacimba de Areia\nCacimbas\nCajazeiras\nCajazeirinhas\nCarrapateira\nCatingueira\nCatol\u00e9 do Rocha\nConcei\u00e7\u00e3o\nCondado\nCoremas\nCurral Velho\nDesterro\nDiamante\nEmas\nIbiara\nIgaracy\nImaculada\nItaporanga\nJeric\u00f3\nJoca Claudino\nJunco do Serid\u00f3\nJuru\nLagoa\nLastro\nLivramento\nM\u00e3e d'\u00c1gua\nMalta\nMana\u00edra\nMariz\u00f3polis\nMato Grosso\nMatur\u00e9ia\nMonte Horebe\nMonteiro\nNazarezinho\nNova Olinda\nOlho d'\u00c1gua\nOuro Velho\nPassagem\nPatos\nPaulista\nPedra Branca\nPianc\u00f3\nPo\u00e7o Dantas\nPo\u00e7o de Jos\u00e9 de Moura\nPombal\nPrincesa Isabel\nQuixaba\nRiacho dos Cavalos\nSalgadinho\nSanta Cruz\nSanta Helena\nSanta In\u00eas\nSanta Luzia\nSantana de Mangueira\nSantana dos Garrotes\nSanta Teresinha\nS\u00e3o Bentinho\nS\u00e3o Bento\nS\u00e3o Domingos\nS\u00e3o Francisco\nS\u00e3o Jo\u00e3o do Rio do Peixe\nS\u00e3o Jos\u00e9 da Lagoa Tapada\nS\u00e3o Jos\u00e9 de Caiana\nS\u00e3o Jos\u00e9 de Espinharas\nS\u00e3o Jos\u00e9 de Piranhas\nS\u00e3o Jos\u00e9 de Princesa\nS\u00e3o Jos\u00e9 do Bonfim\nS\u00e3o Jos\u00e9 do Brejo do Cruz\nS\u00e3o Jos\u00e9 do Sabugi\nS\u00e3o Jos\u00e9 dos Cordeiros\nS\u00e3o Mamede\nSerra Grande\nSousa\nTapero\u00e1\nTavares\nTeixeira\nTriunfo\nUira\u00fana\nV\u00e1rzea\nVieir\u00f3polis\nVista Serrana\nV\u00eddeos mais assistidos do g1 Para\u00edba  ","protected":false},"excerpt":{"rendered":"<p>        Inmet emite alerta de baixa umidade do ar para mais de 95 cidades da Para\u00edba \u2014 Foto: Reprodu\u00e7\u00e3o \/ Inmet<\/p>\n<p>O Instituto Nacional de Meteorologia (Inmet) emitiu, nesta quinta-feira (3), um alerta amarelo de baixa umidade do ar que afeta cidades do &#8230;<\/p>\n","protected":false},"author":2,"featured_media":0,"comment_status":"closed","ping_status":"closed","sticky":false,"template":"","format":"standard","meta":{"advgb_blocks_editor_width":"","advgb_blocks_columns_visual_guide":"","footnotes":""},"categories":[34],"tags":[35],"class_list":["post-73070","post","type-post","status-publish","format-standard","hentry","category-g1","tag-g1"],"author_meta":{"display_name":"g1 &gt; Para\u00edba","author_link":"https:\/\/sindaopcpb.org.br\/author\/g1-paraiba\/"},"featured_img":null,"coauthors":[],"tax_additional":{"categories":{"linked":["<a href=\"https:\/\/sindaopcpb.org.br\/g1\/\" class=\"advgb-post-tax-term\">G1<\/a>"],"unlinked":["<span class=\"advgb-post-tax-term\">G1<\/span>"]},"tags":{"linked":["<a href=\"https:\/\/sindaopcpb.org.br\/g1\/\" class=\"advgb-post-tax-term\">g1<\/a>"],"unlinked":["<span class=\"advgb-post-tax-term\">g1<\/span>"]}},"comment_count":"0","relative_dates":{"created":"Publicado 6 horas atr\u00e1s","modified":"Atualizado 6 horas atr\u00e1s"},"absolute_dates":{"created":"Publicado em 3 de setembro de 2026","modified":"Atualizado em 3 de setembro de 2026"},"absolute_dates_time":{"created":"Publicado em 3 de setembro de 2026 08:46","modified":"Atualizado em 3 de setembro de 2026 08:46"},"featured_img_caption":"","series_order":"","_links":{"self":[{"href":"https:\/\/sindaopcpb.org.br\/index.php\/wp-json\/wp\/v2\/posts\/73070","targetHints":{"allow":["GET"]}}],"collection":[{"href":"https:\/\/sindaopcpb.org.br\/index.php\/wp-json\/wp\/v2\/posts"}],"about":[{"href":"https:\/\/sindaopcpb.org.br\/index.php\/wp-json\/wp\/v2\/types\/post"}],"author":[{"embeddable":true,"href":"https:\/\/sindaopcpb.org.br\/index.php\/wp-json\/wp\/v2\/users\/2"}],"replies":[{"embeddable":true,"href":"https:\/\/sindaopcpb.org.br\/index.php\/wp-json\/wp\/v2\/comments?post=73070"}],"version-history":[{"count":1,"href":"https:\/\/sindaopcpb.org.br\/index.php\/wp-json\/wp\/v2\/posts\/73070\/revisions"}],"predecessor-version":[{"id":73071,"href":"https:\/\/sindaopcpb.org.br\/index.php\/wp-json\/wp\/v2\/posts\/73070\/revisions\/73071"}],"wp:attachment":[{"href":"https:\/\/sindaopcpb.org.br\/index.php\/wp-json\/wp\/v2\/media?parent=73070"}],"wp:term":[{"taxonomy":"category","embeddable":true,"href":"https:\/\/sindaopcpb.org.br\/index.php\/wp-json\/wp\/v2\/categories?post=73070"},{"taxonomy":"post_tag","embeddable":true,"href":"https:\/\/sindaopcpb.org.br\/index.php\/wp-json\/wp\/v2\/tags?post=73070"}],"curies":[{"name":"wp","href":"https:\/\/api.w.org\/{rel}","templated":true}]}}