{"id":73064,"date":"2026-09-03T07:54:21","date_gmt":"2026-09-03T10:54:21","guid":{"rendered":"https:\/\/g1.globo.com\/pb\/paraiba\/noticia\/2026\/09\/03\/empresario-jose-carlos-da-silva-junior-e-homenageado-com-nome-de-viaduto-no-arco-metropolitano-de-joao-pessoa.ghtml"},"modified":"2026-09-03T07:54:21","modified_gmt":"2026-09-03T10:54:21","slug":"empresario-jose-carlos-da-silva-junior-e-homenageado-com-nome-de-viaduto-no-arco-metropolitano-de-joao-pessoa","status":"publish","type":"post","link":"https:\/\/sindaopcpb.org.br\/index.php\/2026\/09\/03\/empresario-jose-carlos-da-silva-junior-e-homenageado-com-nome-de-viaduto-no-arco-metropolitano-de-joao-pessoa\/","title":{"rendered":"Empres\u00e1rio Jos\u00e9 Carlos da Silva J\u00fanior \u00e9 homenageado com nome de viaduto no Arco Metropolitano de Jo\u00e3o Pessoa"},"content":{"rendered":"   <img src=\"https:\/\/s2-g1.glbimg.com\/gCV_9mACC8ocI2wc5lVCIZdQiU0=\/i.s3.glbimg.com\/v1\/AUTH_59edd422c0c84a879bd37670ae4f538a\/internal_photos\/bs\/2021\/A\/e\/5XJzxaSKquL7m03VyWGw\/jose-carlos-da-silva-junior.jpg\" \/><br \/>     Jos\u00e9 Carlos da Silva J\u00fanior, presidente do Grupo S\u00e3o Braz\nReprodu\u00e7\u00e3o\/TV Globo\nO empres\u00e1rio Jos\u00e9 Carlos da Silva J\u00fanior d\u00e1 nome ao viaduto do Arco Metropolitano de Jo\u00e3o Pessoa, na Para\u00edba. A lei que oficializa a homenagem foi sancionada pelo governador Lucas Ribeiro (PP) e publicada no Di\u00e1rio Oficial do Estado nesta quinta-feira (3).\n\u2705 Clique aqui para seguir o canal do g1 PB no WhatsApp\nO Viaduto Jos\u00e9 Carlos da Silva J\u00fanior integra a obra de implanta\u00e7\u00e3o e pavimenta\u00e7\u00e3o da PB-016 e est\u00e1 localizado na interse\u00e7\u00e3o com a BR-230, na altura do km 48, no entroncamento com a PB-016 e a BR-101, no km 97.\nAgora no g1\nA proposta foi aprovada por unanimidade pela Assembleia Legislativa da Para\u00edba (ALPB), na \u00faltima segunda-feira (1\u00ba) e teve relatoria do deputado Tovar (MDB), que destacou a trajet\u00f3ria empresarial de Jos\u00e9 Carlos da Silva J\u00fanior e sua contribui\u00e7\u00e3o para o desenvolvimento econ\u00f4mico da Para\u00edba.\nCom a publica\u00e7\u00e3o da lei, o Departamento de Estradas de Rodagem da Para\u00edba (DER-PB) ficar\u00e1 respons\u00e1vel pela confec\u00e7\u00e3o e instala\u00e7\u00e3o das placas com a denomina\u00e7\u00e3o oficial.\nEmpres\u00e1rio Jos\u00e9 Carlos da Silva J\u00fanior \u00e9 homenageado com nome de viaduto no Arco Metropolitano de Jo\u00e3o Pessoa\ndivulga\u00e7\u00e3o\nCenten\u00e1rio de Jos\u00e9 Carlos da Silva J\u00fanior\nJos\u00e9 Carlos da Silva J\u00fanior foi fundador do Grupo S\u00e3o Braz e da Rede Para\u00edba de Comunica\u00e7\u00e3o. O ano de 2026 marca o centen\u00e1rio do empres\u00e1rio, e uma s\u00e9rie de comemora\u00e7\u00f5es s\u00e3o realizadas.\nSegundo a justificativa encaminhada pelo governador \u00e0 Assembleia Legislativa para homenagear Jos\u00e9 Carlos com o nome do viaduto, ele participou do processo de industrializa\u00e7\u00e3o e do fortalecimento do setor produtivo da Para\u00edba, com gera\u00e7\u00e3o de empregos diretos e indiretos.\nAl\u00e9m da atua\u00e7\u00e3o empresarial, Jos\u00e9 Carlos tamb\u00e9m ocupou cargos p\u00fablicos. Ele foi vice-governador da Para\u00edba e senador da Rep\u00fablica. O empres\u00e1rio faleceu em mar\u00e7o de 2021, ao 94 anos de idade.\nLivro celebra centen\u00e1rio de Jos\u00e9 Carlos da Silva J\u00fanior\nV\u00eddeos mais assistidos do g1 Para\u00edba  ","protected":false},"excerpt":{"rendered":"<p>        Jos\u00e9 Carlos da Silva J\u00fanior, presidente do Grupo S\u00e3o Braz<br \/>\nReprodu\u00e7\u00e3o\/TV Globo<br \/>\nO empres\u00e1rio Jos\u00e9 Carlos da Silva J\u00fanior d\u00e1 nome ao viaduto do Arco Metropolitano de Jo\u00e3o Pessoa, na Para\u00edba. A lei que oficializa a homenagem foi sancionada pelo gov&#8230;<\/p>\n","protected":false},"author":2,"featured_media":0,"comment_status":"closed","ping_status":"closed","sticky":false,"template":"","format":"standard","meta":{"advgb_blocks_editor_width":"","advgb_blocks_columns_visual_guide":"","footnotes":""},"categories":[34],"tags":[35],"class_list":["post-73064","post","type-post","status-publish","format-standard","hentry","category-g1","tag-g1"],"author_meta":{"display_name":"g1 &gt; Para\u00edba","author_link":"https:\/\/sindaopcpb.org.br\/author\/g1-paraiba\/"},"featured_img":null,"coauthors":[],"tax_additional":{"categories":{"linked":["<a href=\"https:\/\/sindaopcpb.org.br\/g1\/\" class=\"advgb-post-tax-term\">G1<\/a>"],"unlinked":["<span class=\"advgb-post-tax-term\">G1<\/span>"]},"tags":{"linked":["<a href=\"https:\/\/sindaopcpb.org.br\/g1\/\" class=\"advgb-post-tax-term\">g1<\/a>"],"unlinked":["<span class=\"advgb-post-tax-term\">g1<\/span>"]}},"comment_count":"0","relative_dates":{"created":"Publicado 6 horas atr\u00e1s","modified":"Atualizado 6 horas atr\u00e1s"},"absolute_dates":{"created":"Publicado em 3 de setembro de 2026","modified":"Atualizado em 3 de setembro de 2026"},"absolute_dates_time":{"created":"Publicado em 3 de setembro de 2026 07:54","modified":"Atualizado em 3 de setembro de 2026 07:54"},"featured_img_caption":"","series_order":"","_links":{"self":[{"href":"https:\/\/sindaopcpb.org.br\/index.php\/wp-json\/wp\/v2\/posts\/73064","targetHints":{"allow":["GET"]}}],"collection":[{"href":"https:\/\/sindaopcpb.org.br\/index.php\/wp-json\/wp\/v2\/posts"}],"about":[{"href":"https:\/\/sindaopcpb.org.br\/index.php\/wp-json\/wp\/v2\/types\/post"}],"author":[{"embeddable":true,"href":"https:\/\/sindaopcpb.org.br\/index.php\/wp-json\/wp\/v2\/users\/2"}],"replies":[{"embeddable":true,"href":"https:\/\/sindaopcpb.org.br\/index.php\/wp-json\/wp\/v2\/comments?post=73064"}],"version-history":[{"count":1,"href":"https:\/\/sindaopcpb.org.br\/index.php\/wp-json\/wp\/v2\/posts\/73064\/revisions"}],"predecessor-version":[{"id":73065,"href":"https:\/\/sindaopcpb.org.br\/index.php\/wp-json\/wp\/v2\/posts\/73064\/revisions\/73065"}],"wp:attachment":[{"href":"https:\/\/sindaopcpb.org.br\/index.php\/wp-json\/wp\/v2\/media?parent=73064"}],"wp:term":[{"taxonomy":"category","embeddable":true,"href":"https:\/\/sindaopcpb.org.br\/index.php\/wp-json\/wp\/v2\/categories?post=73064"},{"taxonomy":"post_tag","embeddable":true,"href":"https:\/\/sindaopcpb.org.br\/index.php\/wp-json\/wp\/v2\/tags?post=73064"}],"curies":[{"name":"wp","href":"https:\/\/api.w.org\/{rel}","templated":true}]}}