{"id":73061,"date":"2026-09-03T07:00:14","date_gmt":"2026-09-03T10:00:14","guid":{"rendered":"https:\/\/www.pbagora.com.br\/?p=968934"},"modified":"2026-09-03T07:00:14","modified_gmt":"2026-09-03T10:00:14","slug":"cantor-fabiano-guimaraes-tem-carro-furtado-na-grande-joao-pessoa","status":"publish","type":"post","link":"https:\/\/sindaopcpb.org.br\/index.php\/2026\/09\/03\/cantor-fabiano-guimaraes-tem-carro-furtado-na-grande-joao-pessoa\/","title":{"rendered":"Cantor Fabiano Guimar\u00e3es tem carro furtado na Grande Jo\u00e3o Pessoa"},"content":{"rendered":"<p><img width=\"984\" height=\"783\" src=\"https:\/\/www.pbagora.com.br\/storage\/2026\/09\/A-FA.avif\" class=\"attachment-large size-large wp-post-image\" alt=\"\" style=\"margin-bottom: 20px;\" decoding=\"async\" srcset=\"https:\/\/www.pbagora.com.br\/storage\/2026\/09\/A-FA.avif 984w, https:\/\/www.pbagora.com.br\/storage\/2026\/09\/A-FA-300x239.avif 300w, https:\/\/www.pbagora.com.br\/storage\/2026\/09\/A-FA-150x119.avif 150w, https:\/\/www.pbagora.com.br\/storage\/2026\/09\/A-FA-768x611.avif 768w, https:\/\/www.pbagora.com.br\/storage\/2026\/09\/A-FA-380x302.avif 380w, https:\/\/www.pbagora.com.br\/storage\/2026\/09\/A-FA-800x637.avif 800w, https:\/\/www.pbagora.com.br\/storage\/2026\/09\/A-FA-80x64.avif 80w\" sizes=\"(max-width: 984px) 100vw, 984px\" \/><\/p>\n<p class=\"wp-block-paragraph\">O cantor Fabiano Guimar\u00e3es foi mais uma v\u00edtima dos bandidos na Para\u00edba. O carro do cantor foi furtado em Cabedelo, na Grande Jo\u00e3o Pessoa. O cantor relatou que o material levado por criminosos s\u00e3o t\u00eanis, \u00f3culos de sol, perfumes e sand\u00e1lia, que juntos somam R$ 5 mil.<\/p>\n\n\n\n<p class=\"wp-block-paragraph\">Segundo Fabiano Guimar\u00e3es, o carro n\u00e3o foi arrombado e n\u00e3o apresentou sinais de algum tipo de viola\u00e7\u00e3o, o que fez com que ele demorasse a perceber os objetos furtados. Fabiano Guimar\u00e3es n\u00e3o registrou boletim de ocorr\u00eancia sobre o ocorrido.<\/p>\n\n\n\n<p class=\"wp-block-paragraph\"><em><strong>Reda\u00e7\u00e3o<\/strong><\/em><\/p>\n","protected":false},"excerpt":{"rendered":"<p><img loading=\"lazy\" decoding=\"async\" width=\"984\" height=\"783\" src=\"https:\/\/www.pbagora.com.br\/storage\/2026\/09\/A-FA.avif\" class=\"attachment-large size-large wp-post-image\" alt=\"\" srcset=\"https:\/\/www.pbagora.com.br\/storage\/2026\/09\/A-FA.avif 984w, https:\/\/www.pbagora.com.br\/storage\/2026\/09\/A-FA-300x239.avif 300w, https:\/\/www.pbagora.com.br\/storage\/2026\/09\/A-FA-150x119.avif 150w, https:\/\/www.pbagora.com.br\/storage\/2026\/09\/A-FA-768x611.avif 768w, https:\/\/www.pbagora.com.br\/storage\/2026\/09\/A-FA-380x302.avif 380w, https:\/\/www.pbagora.com.br\/storage\/2026\/09\/A-FA-800x637.avif 800w, https:\/\/www.pbagora.com.br\/storage\/2026\/09\/A-FA-80x64.avif 80w\" sizes=\"auto, (max-width: 984px) 100vw, 984px\"><\/p>\n<p>O cantor Fabiano Guimar\u00e3es foi mais uma v\u00edtima dos bandidos na Para\u00edba. O carro do cantor foi furtado\u2026<\/p>\n","protected":false},"author":123457,"featured_media":0,"comment_status":"closed","ping_status":"closed","sticky":false,"template":"","format":"standard","meta":{"advgb_blocks_editor_width":"","advgb_blocks_columns_visual_guide":"","footnotes":""},"categories":[34],"tags":[10841,35,10839],"class_list":["post-73061","post","type-post","status-publish","format-standard","hentry","category-g1","tag-destaque-centro-02","tag-g1","tag-policial"],"author_meta":{"display_name":"Reda\u00e7\u00e3o","author_link":"https:\/\/sindaopcpb.org.br\/author\/redacao\/"},"featured_img":null,"coauthors":[],"tax_additional":{"categories":{"linked":["<a href=\"https:\/\/sindaopcpb.org.br\/g1\/\" class=\"advgb-post-tax-term\">G1<\/a>"],"unlinked":["<span class=\"advgb-post-tax-term\">G1<\/span>"]},"tags":{"linked":["<a href=\"https:\/\/sindaopcpb.org.br\/g1\/\" class=\"advgb-post-tax-term\">Destaque Centro 02<\/a>","<a href=\"https:\/\/sindaopcpb.org.br\/g1\/\" class=\"advgb-post-tax-term\">g1<\/a>","<a href=\"https:\/\/sindaopcpb.org.br\/g1\/\" class=\"advgb-post-tax-term\">Policial<\/a>"],"unlinked":["<span class=\"advgb-post-tax-term\">Destaque Centro 02<\/span>","<span class=\"advgb-post-tax-term\">g1<\/span>","<span class=\"advgb-post-tax-term\">Policial<\/span>"]}},"comment_count":"0","relative_dates":{"created":"Publicado 6 horas atr\u00e1s","modified":"Atualizado 6 horas atr\u00e1s"},"absolute_dates":{"created":"Publicado em 3 de setembro de 2026","modified":"Atualizado em 3 de setembro de 2026"},"absolute_dates_time":{"created":"Publicado em 3 de setembro de 2026 07:00","modified":"Atualizado em 3 de setembro de 2026 07:00"},"featured_img_caption":"","series_order":"","_links":{"self":[{"href":"https:\/\/sindaopcpb.org.br\/index.php\/wp-json\/wp\/v2\/posts\/73061","targetHints":{"allow":["GET"]}}],"collection":[{"href":"https:\/\/sindaopcpb.org.br\/index.php\/wp-json\/wp\/v2\/posts"}],"about":[{"href":"https:\/\/sindaopcpb.org.br\/index.php\/wp-json\/wp\/v2\/types\/post"}],"author":[{"embeddable":true,"href":"https:\/\/sindaopcpb.org.br\/index.php\/wp-json\/wp\/v2\/users\/123457"}],"replies":[{"embeddable":true,"href":"https:\/\/sindaopcpb.org.br\/index.php\/wp-json\/wp\/v2\/comments?post=73061"}],"version-history":[{"count":1,"href":"https:\/\/sindaopcpb.org.br\/index.php\/wp-json\/wp\/v2\/posts\/73061\/revisions"}],"predecessor-version":[{"id":73062,"href":"https:\/\/sindaopcpb.org.br\/index.php\/wp-json\/wp\/v2\/posts\/73061\/revisions\/73062"}],"wp:attachment":[{"href":"https:\/\/sindaopcpb.org.br\/index.php\/wp-json\/wp\/v2\/media?parent=73061"}],"wp:term":[{"taxonomy":"category","embeddable":true,"href":"https:\/\/sindaopcpb.org.br\/index.php\/wp-json\/wp\/v2\/categories?post=73061"},{"taxonomy":"post_tag","embeddable":true,"href":"https:\/\/sindaopcpb.org.br\/index.php\/wp-json\/wp\/v2\/tags?post=73061"}],"curies":[{"name":"wp","href":"https:\/\/api.w.org\/{rel}","templated":true}]}}