{"id":73059,"date":"2026-09-03T06:18:47","date_gmt":"2026-09-03T09:18:47","guid":{"rendered":"https:\/\/g1.globo.com\/pb\/paraiba\/eleicoes\/2026\/noticia\/2026\/09\/03\/eleicoes-2026-numero-de-candidaturas-cai-em-relacao-a-2022.ghtml"},"modified":"2026-09-03T06:18:47","modified_gmt":"2026-09-03T09:18:47","slug":"eleicoes-2026-numero-de-candidaturas-cai-42-em-relacao-a-2022-especialista-aponta-que-fenomeno-e-atipico","status":"publish","type":"post","link":"https:\/\/sindaopcpb.org.br\/index.php\/2026\/09\/03\/eleicoes-2026-numero-de-candidaturas-cai-42-em-relacao-a-2022-especialista-aponta-que-fenomeno-e-atipico\/","title":{"rendered":"Elei\u00e7\u00f5es 2026: n\u00famero de candidaturas cai 42% em rela\u00e7\u00e3o a 2022; especialista aponta que fen\u00f4meno \u00e9 \u2018at\u00edpico\u2019"},"content":{"rendered":"   <img src=\"https:\/\/s2-g1.glbimg.com\/V9VH2OZ-nLt8UdE_Kux12SDAanI=\/i.s3.glbimg.com\/v1\/AUTH_59edd422c0c84a879bd37670ae4f538a\/internal_photos\/bs\/2026\/J\/g\/tQemBNQayD98djCxnQjQ\/41f0dcea90a343457df54d34204e67b8.jpg\" \/><br \/>     N\u00famero de candidaturas para elei\u00e7\u00f5es na Para\u00edba cai 42% em quatro anos\nTribunal Superior Eleitoral\/TSE\nO n\u00famero de candidaturas para as Elei\u00e7\u00f5es 2026 na Para\u00edba caiu 42% em compara\u00e7\u00e3o com as candidaturas para o pleito em 2022. Esses dados foram extra\u00eddos pela TV Cabo Branco do sistema DivulgaCand. \nConforme os dados, em 2022 foram 752 candidaturas registradas, enquanto para as Elei\u00e7\u00f5es de 2026 s\u00e3o 436. Esses n\u00fameros representam uma redu\u00e7\u00e3o em n\u00fameros absolutos de 316 nomes de uma elei\u00e7\u00e3o para outra. \n\u2705 Clique aqui para seguir o canal do g1 PB no WhatsApp\nO levantamento leva em considera\u00e7\u00e3o todos os cargos que est\u00e3o sendo disputados para o pleito deste ano, como governador, vice-governador, deputado federal e estadual, al\u00e9m de senadores. \nTamb\u00e9m de acordo com o levantamento, a maior redu\u00e7\u00e3o de registro de candidaturas foi para deputado estadual. Em 2022, 471 candidaturas para o cargo foram registradas, enquanto para as Elei\u00e7\u00f5es de 2026 foram registradas 208 candidaturas, o que leva a uma redu\u00e7\u00e3o de 55% de nomes dispon\u00edveis para voto neste cargo. \nAgora no g1\nHouve redu\u00e7\u00e3o ainda no n\u00famero de candidaturas para deputado federal. Em 2022, foram 251 registros enquanto nas Elei\u00e7\u00f5es de 2026 houve 184 candidaturas, resultando numa redu\u00e7\u00e3o de 27%. \nNo recorte de g\u00eanero, houve um crescimento em candidaturas de candidatas mulheres para as elei\u00e7\u00f5es. No pleito de 2022, 34% das candidaturas eram do g\u00eanero feminino e em 2026 o n\u00famero subiu para 36%. \nMovimento de queda de candidaturas \u00e9 'at\u00edpico', diz especialista\nSobre os dados na redu\u00e7\u00e3o de candidaturas entre uma elei\u00e7\u00e3o e outra na Para\u00edba, ao g1 Italo Fittipaldi, Professor do Departamento de Ci\u00eancias Sociais e do Programa de P\u00f3s-Gradua\u00e7\u00e3o em Ci\u00eancia Pol\u00edtica e Rela\u00e7\u00f5es Internacionais da Universidade Federal da Para\u00edba (UFPB), comentou que o fen\u00f4meno \u00e9 novo, haja visto que os dados entre 2006 e 2022 mostravam um crescimento de candidaturas.\n\"Quando a gente analisa o quantitativo de candidatos por elei\u00e7\u00e3o de 2006 at\u00e9 2026, ou seja, pegando todos esses processos eleitorais com elei\u00e7\u00f5es gerais no Brasil,  vamos chamar assim para separar daquelas de elei\u00e7\u00f5es municipais, de fato, voc\u00ea teve uma revers\u00e3o da ascens\u00e3o do n\u00famero de candidatos. Esse n\u00famero estava crescendo, crescendo at\u00e9 exponencialmente, atingindo o \u00e1pice em 2022,  e a\u00ed voc\u00ea tem uma queda\", disse.\nO professor explicou que esse movimento \u00e9 at\u00edpico, considerando que como as candidaturas atingiram \u00e1pice em 2022, segundo ele, a diminui\u00e7\u00e3o sens\u00edvel seria apenas o retorno a um patamar normal. \n\"Esse n\u00famero estava crescendo, crescendo at\u00e9 exponencialmente, atingindo o \u00e1pice em 2022,  e a\u00ed voc\u00ea tem uma queda.  Ent\u00e3o,  duas coisas a gente tem que analisar. Em primeiro lugar, a queda que houve nessa elei\u00e7\u00e3o de 2026 foi t\u00e3o significativa porque 2022 \u00e9 que o n\u00famero foi at\u00edpico\", explicou. \nO segundo ponto analisado pelo especialista foi de que menos partidos est\u00e3o disputando o processo eleitoral em fun\u00e7\u00e3o de recursos, como o fundo partid\u00e1rio se concentrado em algumas candidaturas. \n\"Ent\u00e3o, menos partidos est\u00e3o disputando o processo eleitoral e em fun\u00e7\u00e3o,  acredito eu,  de recursos, ou seja, o fundo partid\u00e1rio ser concentrado em algumas candidaturas,  ent\u00e3o a nominata, \u00e9 indica\u00e7\u00e3o do nome dos candidatos para o partido,  foi reduzida\", ressaltou. \nEle ainda utilizou como exemplo o partido PSD, que, segundo ele, teve uma redu\u00e7\u00e3o \"significativa\" de candidatos e ainda cita uma n\u00e3o fragmenta\u00e7\u00e3o de recursos. \n\"Talvez uma boa explica\u00e7\u00e3o para isso seja exatamente isso, voc\u00ea n\u00e3o fragmentar os recursos de campanha, os recursos oficiais de campanha, j\u00e1 que as elei\u00e7\u00f5es elas v\u00e3o ficando um pouco mais caras a cada ciclo eleitoral. Ent\u00e3o eu acredito que essa seja uma explica\u00e7\u00e3o\", finalizou. \nV\u00eddeos mais assistidos do g1 Para\u00edba  ","protected":false},"excerpt":{"rendered":"<p>        N\u00famero de candidaturas para elei\u00e7\u00f5es na Para\u00edba cai 42% em quatro anos<br \/>\nTribunal Superior Eleitoral\/TSE<br \/>\nO n\u00famero de candidaturas para as Elei\u00e7\u00f5es 2026 na Para\u00edba caiu 42% em compara\u00e7\u00e3o com as candidaturas para o pleito em 2022. Esses dados foram&#8230;<\/p>\n","protected":false},"author":2,"featured_media":0,"comment_status":"closed","ping_status":"closed","sticky":false,"template":"","format":"standard","meta":{"advgb_blocks_editor_width":"","advgb_blocks_columns_visual_guide":"","footnotes":""},"categories":[34],"tags":[35],"class_list":["post-73059","post","type-post","status-publish","format-standard","hentry","category-g1","tag-g1"],"author_meta":{"display_name":"g1 &gt; Para\u00edba","author_link":"https:\/\/sindaopcpb.org.br\/author\/g1-paraiba\/"},"featured_img":null,"coauthors":[],"tax_additional":{"categories":{"linked":["<a href=\"https:\/\/sindaopcpb.org.br\/g1\/\" class=\"advgb-post-tax-term\">G1<\/a>"],"unlinked":["<span class=\"advgb-post-tax-term\">G1<\/span>"]},"tags":{"linked":["<a href=\"https:\/\/sindaopcpb.org.br\/g1\/\" class=\"advgb-post-tax-term\">g1<\/a>"],"unlinked":["<span class=\"advgb-post-tax-term\">g1<\/span>"]}},"comment_count":"0","relative_dates":{"created":"Publicado 7 horas atr\u00e1s","modified":"Atualizado 7 horas atr\u00e1s"},"absolute_dates":{"created":"Publicado em 3 de setembro de 2026","modified":"Atualizado em 3 de setembro de 2026"},"absolute_dates_time":{"created":"Publicado em 3 de setembro de 2026 06:18","modified":"Atualizado em 3 de setembro de 2026 06:18"},"featured_img_caption":"","series_order":"","_links":{"self":[{"href":"https:\/\/sindaopcpb.org.br\/index.php\/wp-json\/wp\/v2\/posts\/73059","targetHints":{"allow":["GET"]}}],"collection":[{"href":"https:\/\/sindaopcpb.org.br\/index.php\/wp-json\/wp\/v2\/posts"}],"about":[{"href":"https:\/\/sindaopcpb.org.br\/index.php\/wp-json\/wp\/v2\/types\/post"}],"author":[{"embeddable":true,"href":"https:\/\/sindaopcpb.org.br\/index.php\/wp-json\/wp\/v2\/users\/2"}],"replies":[{"embeddable":true,"href":"https:\/\/sindaopcpb.org.br\/index.php\/wp-json\/wp\/v2\/comments?post=73059"}],"version-history":[{"count":1,"href":"https:\/\/sindaopcpb.org.br\/index.php\/wp-json\/wp\/v2\/posts\/73059\/revisions"}],"predecessor-version":[{"id":73060,"href":"https:\/\/sindaopcpb.org.br\/index.php\/wp-json\/wp\/v2\/posts\/73059\/revisions\/73060"}],"wp:attachment":[{"href":"https:\/\/sindaopcpb.org.br\/index.php\/wp-json\/wp\/v2\/media?parent=73059"}],"wp:term":[{"taxonomy":"category","embeddable":true,"href":"https:\/\/sindaopcpb.org.br\/index.php\/wp-json\/wp\/v2\/categories?post=73059"},{"taxonomy":"post_tag","embeddable":true,"href":"https:\/\/sindaopcpb.org.br\/index.php\/wp-json\/wp\/v2\/tags?post=73059"}],"curies":[{"name":"wp","href":"https:\/\/api.w.org\/{rel}","templated":true}]}}