{"id":73014,"date":"2026-09-02T13:54:54","date_gmt":"2026-09-02T16:54:54","guid":{"rendered":"https:\/\/g1.globo.com\/pb\/paraiba\/noticia\/2026\/09\/02\/usf-suspende-atendimentos-apos-furto-de-fios-na-zona-sul-de-joao-pessoa.ghtml"},"modified":"2026-09-02T13:54:54","modified_gmt":"2026-09-02T16:54:54","slug":"usf-suspende-atendimentos-apos-furto-de-fios-na-zona-sul-de-joao-pessoa","status":"publish","type":"post","link":"https:\/\/sindaopcpb.org.br\/index.php\/2026\/09\/02\/usf-suspende-atendimentos-apos-furto-de-fios-na-zona-sul-de-joao-pessoa\/","title":{"rendered":"USF suspende atendimentos ap\u00f3s furto de fios, na Zona Sul de Jo\u00e3o Pessoa"},"content":{"rendered":"   <img src=\"https:\/\/s2-g1.glbimg.com\/HEVJARfmhPlKu6szmcRSZyWR_o4=\/i.s3.glbimg.com\/v1\/AUTH_59edd422c0c84a879bd37670ae4f538a\/internal_photos\/bs\/2026\/d\/x\/37ZpVyS8WziUB51POfDA\/usf-jardim-cidade-universitaria.jpeg\" \/><br \/>     USF do Jardim Cidade Universit\u00e1ria tem parte dos atendimentos suspensos ap\u00f3s furto de fios.\nReprodu\u00e7\u00e3o\/Prefeitura de Jo\u00e3o Pessoa\nA Unidade de Sa\u00fade da Fam\u00edlia Cidade Universit\u00e1ria, localizada na Zona Sul de Jo\u00e3o Pessoa, teve parte dos atendimentos suspensos de forma tempor\u00e1ria ap\u00f3s furto de fios de cobre da rede el\u00e9trica, na manh\u00e3 desta quarta-feira (2). A informa\u00e7\u00e3o foi confirmada pela Secretaria Municipal de Sa\u00fade da Capital.\n\u2705 Clique aqui para seguir o canal do g1 PB no WhatsApp\nOs registros de furtos t\u00eam sido recorrentes, principalmente nas \u00e1reas externas das unidades de sa\u00fade. A SMS afirmou ter adotado medidas, como instala\u00e7\u00e3o de c\u00e2meras de monitoramento, alarmes e bot\u00f5es de p\u00e2nico para refor\u00e7ar a seguran\u00e7a.\nAinda em nota, a SMS informou que uma equipe j\u00e1 est\u00e1 trabalhando para reestabelecer o fornecimento de energia. Os atendimentos realizados pela USF ser\u00e3o normalizados de forma mais breve poss\u00edvel.\n\"A Secretaria refor\u00e7a que segue adotando as medidas necess\u00e1rias para reduzir os impactos dessas ocorr\u00eancias e garantir a continuidade da assist\u00eancia \u00e0 popula\u00e7\u00e3o\", diz nota.\nV\u00eddeos em alta no g1\nV\u00eddeos mais assistidos do g1 Para\u00edba  ","protected":false},"excerpt":{"rendered":"<p>        USF do Jardim Cidade Universit\u00e1ria tem parte dos atendimentos suspensos ap\u00f3s furto de fios.<br \/>\nReprodu\u00e7\u00e3o\/Prefeitura de Jo\u00e3o Pessoa<br \/>\nA Unidade de Sa\u00fade da Fam\u00edlia Cidade Universit\u00e1ria, localizada na Zona Sul de Jo\u00e3o Pessoa, teve parte dos atendimen&#8230;<\/p>\n","protected":false},"author":2,"featured_media":0,"comment_status":"closed","ping_status":"closed","sticky":false,"template":"","format":"standard","meta":{"advgb_blocks_editor_width":"","advgb_blocks_columns_visual_guide":"","footnotes":""},"categories":[34],"tags":[35],"class_list":["post-73014","post","type-post","status-publish","format-standard","hentry","category-g1","tag-g1"],"author_meta":{"display_name":"g1 &gt; Para\u00edba","author_link":"https:\/\/sindaopcpb.org.br\/author\/g1-paraiba\/"},"featured_img":null,"coauthors":[],"tax_additional":{"categories":{"linked":["<a href=\"https:\/\/sindaopcpb.org.br\/g1\/\" class=\"advgb-post-tax-term\">G1<\/a>"],"unlinked":["<span class=\"advgb-post-tax-term\">G1<\/span>"]},"tags":{"linked":["<a href=\"https:\/\/sindaopcpb.org.br\/g1\/\" class=\"advgb-post-tax-term\">g1<\/a>"],"unlinked":["<span class=\"advgb-post-tax-term\">g1<\/span>"]}},"comment_count":"0","relative_dates":{"created":"Publicado 17 horas atr\u00e1s","modified":"Atualizado 17 horas atr\u00e1s"},"absolute_dates":{"created":"Publicado em 2 de setembro de 2026","modified":"Atualizado em 2 de setembro de 2026"},"absolute_dates_time":{"created":"Publicado em 2 de setembro de 2026 13:54","modified":"Atualizado em 2 de setembro de 2026 13:54"},"featured_img_caption":"","series_order":"","_links":{"self":[{"href":"https:\/\/sindaopcpb.org.br\/index.php\/wp-json\/wp\/v2\/posts\/73014","targetHints":{"allow":["GET"]}}],"collection":[{"href":"https:\/\/sindaopcpb.org.br\/index.php\/wp-json\/wp\/v2\/posts"}],"about":[{"href":"https:\/\/sindaopcpb.org.br\/index.php\/wp-json\/wp\/v2\/types\/post"}],"author":[{"embeddable":true,"href":"https:\/\/sindaopcpb.org.br\/index.php\/wp-json\/wp\/v2\/users\/2"}],"replies":[{"embeddable":true,"href":"https:\/\/sindaopcpb.org.br\/index.php\/wp-json\/wp\/v2\/comments?post=73014"}],"version-history":[{"count":1,"href":"https:\/\/sindaopcpb.org.br\/index.php\/wp-json\/wp\/v2\/posts\/73014\/revisions"}],"predecessor-version":[{"id":73015,"href":"https:\/\/sindaopcpb.org.br\/index.php\/wp-json\/wp\/v2\/posts\/73014\/revisions\/73015"}],"wp:attachment":[{"href":"https:\/\/sindaopcpb.org.br\/index.php\/wp-json\/wp\/v2\/media?parent=73014"}],"wp:term":[{"taxonomy":"category","embeddable":true,"href":"https:\/\/sindaopcpb.org.br\/index.php\/wp-json\/wp\/v2\/categories?post=73014"},{"taxonomy":"post_tag","embeddable":true,"href":"https:\/\/sindaopcpb.org.br\/index.php\/wp-json\/wp\/v2\/tags?post=73014"}],"curies":[{"name":"wp","href":"https:\/\/api.w.org\/{rel}","templated":true}]}}