{"id":73006,"date":"2026-09-02T16:25:56","date_gmt":"2026-09-02T19:25:56","guid":{"rendered":"https:\/\/g1.globo.com\/pb\/paraiba\/eleicoes\/2026\/noticia\/2026\/09\/02\/efraim-filho-defende-reducao-de-impostos-para-incentivo-ao-empreendedorismo-na-paraiba.ghtml"},"modified":"2026-09-02T16:25:56","modified_gmt":"2026-09-02T19:25:56","slug":"efraim-filho-defende-reducao-de-impostos-para-incentivo-ao-empreendedorismo-na-paraiba","status":"publish","type":"post","link":"https:\/\/sindaopcpb.org.br\/index.php\/2026\/09\/02\/efraim-filho-defende-reducao-de-impostos-para-incentivo-ao-empreendedorismo-na-paraiba\/","title":{"rendered":"Efraim Filho defende redu\u00e7\u00e3o de impostos para incentivo ao empreendedorismo na Para\u00edba"},"content":{"rendered":"   <img src=\"https:\/\/s2-g1.glbimg.com\/OK-VuenaucgMeASTcquIrqstgp8=\/i.s3.glbimg.com\/v1\/AUTH_59edd422c0c84a879bd37670ae4f538a\/internal_photos\/bs\/2026\/s\/G\/MmjOnVRKeMPgGbTGyDOg\/captura-de-tela-419-.png\" \/><br \/>     Candidato ao governo da Para\u00edba cumpre agenda em Campina Grande\nReprodu\u00e7\u00e3o TV Para\u00edba.\nO candidato ao governo da Para\u00edba, Efraim Filho (PL), cumpriu agenda de campanha em Campina Grande, nesta quarta-feira (2). Durante o dia, o candidato participou de um encontro de mulheres e de um debate em uma r\u00e1dio da cidade.\n\u2705 Clique aqui para se inscrever no canal do g1 PB no WhatsAp\nAntes do debate, em entrevista \u00e0 TV Para\u00edba, Efraim apresentou propostas para o setor produtivo. Segundo o candidato, uma das suas principais propostas \u00e9 a diminui\u00e7\u00e3o do imposto para incentivar o empreendedorismo no estado.\n\u201cN\u00f3s queremos reduzir impostos para prestigiar quem produz na Para\u00edba. N\u00f3s vamos valorizar quem produz, melhorar o ambiente de neg\u00f3cios, diminuir a burocracia e quem produz na Para\u00edba vai ter acesso a cr\u00e9dito, vai ter redu\u00e7\u00e3o de complexidade, redu\u00e7\u00e3o de carga tribut\u00e1ria, vai ter uma vida melhor\u201d, disse o candidato.\nO candidato tamb\u00e9m defendeu a medida como forma de atrair novos empreendedores para a Para\u00edba. Em Campina Grande Efraim Filho ainda cumpre agenda no fim da tarde onde deve participar de um encontro com mulheres.\nAinda nesta quarta-feira (2), durante agenda \u00e0 noite, Efraim Filho deve receber o t\u00edtulo de cidad\u00e3o caturitense durante a inaugura\u00e7\u00e3o da C\u00e2mara Municipal de Caturit\u00e9.\nAgora no g1\nV\u00eddeos mais assistidos do g1 Para\u00edba  ","protected":false},"excerpt":{"rendered":"<p>        Candidato ao governo da Para\u00edba cumpre agenda em Campina Grande<br \/>\nReprodu\u00e7\u00e3o TV Para\u00edba.<br \/>\nO candidato ao governo da Para\u00edba, Efraim Filho (PL), cumpriu agenda de campanha em Campina Grande, nesta quarta-feira (2). Durante o dia, o candidato partic&#8230;<\/p>\n","protected":false},"author":2,"featured_media":0,"comment_status":"closed","ping_status":"closed","sticky":false,"template":"","format":"standard","meta":{"advgb_blocks_editor_width":"","advgb_blocks_columns_visual_guide":"","footnotes":""},"categories":[34],"tags":[35],"class_list":["post-73006","post","type-post","status-publish","format-standard","hentry","category-g1","tag-g1"],"author_meta":{"display_name":"g1 &gt; Para\u00edba","author_link":"https:\/\/sindaopcpb.org.br\/author\/g1-paraiba\/"},"featured_img":null,"coauthors":[],"tax_additional":{"categories":{"linked":["<a href=\"https:\/\/sindaopcpb.org.br\/g1\/\" class=\"advgb-post-tax-term\">G1<\/a>"],"unlinked":["<span class=\"advgb-post-tax-term\">G1<\/span>"]},"tags":{"linked":["<a href=\"https:\/\/sindaopcpb.org.br\/g1\/\" class=\"advgb-post-tax-term\">g1<\/a>"],"unlinked":["<span class=\"advgb-post-tax-term\">g1<\/span>"]}},"comment_count":"0","relative_dates":{"created":"Publicado 10 horas atr\u00e1s","modified":"Atualizado 10 horas atr\u00e1s"},"absolute_dates":{"created":"Publicado em 2 de setembro de 2026","modified":"Atualizado em 2 de setembro de 2026"},"absolute_dates_time":{"created":"Publicado em 2 de setembro de 2026 16:25","modified":"Atualizado em 2 de setembro de 2026 16:25"},"featured_img_caption":"","series_order":"","_links":{"self":[{"href":"https:\/\/sindaopcpb.org.br\/index.php\/wp-json\/wp\/v2\/posts\/73006","targetHints":{"allow":["GET"]}}],"collection":[{"href":"https:\/\/sindaopcpb.org.br\/index.php\/wp-json\/wp\/v2\/posts"}],"about":[{"href":"https:\/\/sindaopcpb.org.br\/index.php\/wp-json\/wp\/v2\/types\/post"}],"author":[{"embeddable":true,"href":"https:\/\/sindaopcpb.org.br\/index.php\/wp-json\/wp\/v2\/users\/2"}],"replies":[{"embeddable":true,"href":"https:\/\/sindaopcpb.org.br\/index.php\/wp-json\/wp\/v2\/comments?post=73006"}],"version-history":[{"count":1,"href":"https:\/\/sindaopcpb.org.br\/index.php\/wp-json\/wp\/v2\/posts\/73006\/revisions"}],"predecessor-version":[{"id":73007,"href":"https:\/\/sindaopcpb.org.br\/index.php\/wp-json\/wp\/v2\/posts\/73006\/revisions\/73007"}],"wp:attachment":[{"href":"https:\/\/sindaopcpb.org.br\/index.php\/wp-json\/wp\/v2\/media?parent=73006"}],"wp:term":[{"taxonomy":"category","embeddable":true,"href":"https:\/\/sindaopcpb.org.br\/index.php\/wp-json\/wp\/v2\/categories?post=73006"},{"taxonomy":"post_tag","embeddable":true,"href":"https:\/\/sindaopcpb.org.br\/index.php\/wp-json\/wp\/v2\/tags?post=73006"}],"curies":[{"name":"wp","href":"https:\/\/api.w.org\/{rel}","templated":true}]}}