{"id":73004,"date":"2026-09-02T17:01:57","date_gmt":"2026-09-02T20:01:57","guid":{"rendered":"https:\/\/g1.globo.com\/pb\/paraiba\/noticia\/2026\/09\/02\/homem-e-preso-suspeito-de-estuprar-crianca-com-deficiencia-intelectual-no-serido-da-paraiba.ghtml"},"modified":"2026-09-02T17:01:57","modified_gmt":"2026-09-02T20:01:57","slug":"homem-e-preso-suspeito-de-estuprar-crianca-com-deficiencia-intelectual-no-serido-da-paraiba","status":"publish","type":"post","link":"https:\/\/sindaopcpb.org.br\/index.php\/2026\/09\/02\/homem-e-preso-suspeito-de-estuprar-crianca-com-deficiencia-intelectual-no-serido-da-paraiba\/","title":{"rendered":"Homem \u00e9 preso suspeito de estuprar crian\u00e7a com defici\u00eancia intelectual no Serid\u00f3 da Para\u00edba"},"content":{"rendered":"   <img src=\"https:\/\/s2-g1.glbimg.com\/jIkZ2Lm3aMY38giIybyJYiXr89g=\/i.s3.glbimg.com\/v1\/AUTH_59edd422c0c84a879bd37670ae4f538a\/internal_photos\/bs\/2026\/B\/y\/IpOqV2QoOV6ObABTxPHw\/whatsapp-image-2026-09-02-at-16.53.23.jpeg\" \/><br \/>     Delegacia de Santa Luzia, na Para\u00edba\nDivulga\u00e7\u00e3o\/Pol\u00edcia Civil da Para\u00edba\nUm homem de 55 anos, que n\u00e3o teve a identidade divulgada, foi preso nesta quarta-feira (2) suspeito de estuprar uma crian\u00e7a de 11 anos com defici\u00eancia intelectual em Santa Luzia, no Sert\u00e3o da Para\u00edba. As informa\u00e7\u00f5es foram confirmadas pela Pol\u00edcia Civil. \n\u2705 Clique aqui para se inscrever no canal do g1 PB no WhatsApp\nDe acordo com a Pol\u00edcia Civil, o homem j\u00e1 havia sido preso anteriormente por estupro de vulner\u00e1vel, tamb\u00e9m em Santa Luzia. Ap\u00f3s a condena\u00e7\u00e3o, ele ficou preso por aproximadamente seis anos.\nAinda segundo a pol\u00edcia, o novo crime teria acontecido em fevereiro deste ano e passou a ser investigado ap\u00f3s a den\u00fancia da v\u00edtima e de familiares.\nAp\u00f3s a pris\u00e3o, o homem foi encaminhado para a delegacia de Santa Luzia, onde deve responder pelo crime de estupro de vulner\u00e1vel.\nAgora no g1\nV\u00eddeos mais assistidos do g1 Para\u00edba  ","protected":false},"excerpt":{"rendered":"<p>        Delegacia de Santa Luzia, na Para\u00edba<br \/>\nDivulga\u00e7\u00e3o\/Pol\u00edcia Civil da Para\u00edba<br \/>\nUm homem de 55 anos, que n\u00e3o teve a identidade divulgada, foi preso nesta quarta-feira (2) suspeito de estuprar uma crian\u00e7a de 11 anos com defici\u00eancia intelectual em Santa&#8230;<\/p>\n","protected":false},"author":2,"featured_media":0,"comment_status":"closed","ping_status":"closed","sticky":false,"template":"","format":"standard","meta":{"advgb_blocks_editor_width":"","advgb_blocks_columns_visual_guide":"","footnotes":""},"categories":[34],"tags":[35],"class_list":["post-73004","post","type-post","status-publish","format-standard","hentry","category-g1","tag-g1"],"author_meta":{"display_name":"g1 &gt; Para\u00edba","author_link":"https:\/\/sindaopcpb.org.br\/author\/g1-paraiba\/"},"featured_img":null,"coauthors":[],"tax_additional":{"categories":{"linked":["<a href=\"https:\/\/sindaopcpb.org.br\/g1\/\" class=\"advgb-post-tax-term\">G1<\/a>"],"unlinked":["<span class=\"advgb-post-tax-term\">G1<\/span>"]},"tags":{"linked":["<a href=\"https:\/\/sindaopcpb.org.br\/g1\/\" class=\"advgb-post-tax-term\">g1<\/a>"],"unlinked":["<span class=\"advgb-post-tax-term\">g1<\/span>"]}},"comment_count":"0","relative_dates":{"created":"Publicado 8 horas atr\u00e1s","modified":"Atualizado 8 horas atr\u00e1s"},"absolute_dates":{"created":"Publicado em 2 de setembro de 2026","modified":"Atualizado em 2 de setembro de 2026"},"absolute_dates_time":{"created":"Publicado em 2 de setembro de 2026 17:01","modified":"Atualizado em 2 de setembro de 2026 17:01"},"featured_img_caption":"","series_order":"","_links":{"self":[{"href":"https:\/\/sindaopcpb.org.br\/index.php\/wp-json\/wp\/v2\/posts\/73004","targetHints":{"allow":["GET"]}}],"collection":[{"href":"https:\/\/sindaopcpb.org.br\/index.php\/wp-json\/wp\/v2\/posts"}],"about":[{"href":"https:\/\/sindaopcpb.org.br\/index.php\/wp-json\/wp\/v2\/types\/post"}],"author":[{"embeddable":true,"href":"https:\/\/sindaopcpb.org.br\/index.php\/wp-json\/wp\/v2\/users\/2"}],"replies":[{"embeddable":true,"href":"https:\/\/sindaopcpb.org.br\/index.php\/wp-json\/wp\/v2\/comments?post=73004"}],"version-history":[{"count":1,"href":"https:\/\/sindaopcpb.org.br\/index.php\/wp-json\/wp\/v2\/posts\/73004\/revisions"}],"predecessor-version":[{"id":73005,"href":"https:\/\/sindaopcpb.org.br\/index.php\/wp-json\/wp\/v2\/posts\/73004\/revisions\/73005"}],"wp:attachment":[{"href":"https:\/\/sindaopcpb.org.br\/index.php\/wp-json\/wp\/v2\/media?parent=73004"}],"wp:term":[{"taxonomy":"category","embeddable":true,"href":"https:\/\/sindaopcpb.org.br\/index.php\/wp-json\/wp\/v2\/categories?post=73004"},{"taxonomy":"post_tag","embeddable":true,"href":"https:\/\/sindaopcpb.org.br\/index.php\/wp-json\/wp\/v2\/tags?post=73004"}],"curies":[{"name":"wp","href":"https:\/\/api.w.org\/{rel}","templated":true}]}}