{"id":73000,"date":"2026-09-02T18:45:14","date_gmt":"2026-09-02T21:45:14","guid":{"rendered":"https:\/\/g1.globo.com\/pb\/paraiba\/eleicoes\/2026\/noticia\/2026\/09\/02\/cicero-lucena-defende-eficiencia-da-maquina-publica-com-parceria-com-setor-privado-na-paraiba.ghtml"},"modified":"2026-09-02T18:45:14","modified_gmt":"2026-09-02T21:45:14","slug":"cicero-lucena-defende-eficiencia-da-maquina-publica-em-parceria-com-setor-privado-na-paraiba","status":"publish","type":"post","link":"https:\/\/sindaopcpb.org.br\/index.php\/2026\/09\/02\/cicero-lucena-defende-eficiencia-da-maquina-publica-em-parceria-com-setor-privado-na-paraiba\/","title":{"rendered":"C\u00edcero Lucena defende efici\u00eancia da m\u00e1quina p\u00fablica em parceria com setor privado na Para\u00edba"},"content":{"rendered":"   <img src=\"https:\/\/s2-g1.glbimg.com\/Fbq3CRaZ3YBOk21XzgGv2qvlTR0=\/i.s3.glbimg.com\/v1\/AUTH_59edd422c0c84a879bd37670ae4f538a\/internal_photos\/bs\/2026\/5\/5\/VQIe5ASBm90WMloTKV1g\/cicero-lucena-foto.png\" \/><br \/>     C\u00edcero Lucena defende efici\u00eancia da m\u00e1quina p\u00fablica com parceria com setor privado na Para\u00edba\nTV Para\u00edba\nO candidato ao governo da Para\u00edba, C\u00edcero Lucena (MDB), cumpriu agenda de campanha em Campina Grande nesta quarta-feira (2). Durante o dia, ele participou de um debate na cidade, quando em entrevista para a TV Para\u00edba, defendeu a efici\u00eancia da m\u00e1quina p\u00fablica em parceria com o setor privado. \n\u2705 Clique aqui para seguir o canal do g1 PB no WhatsApp\nC\u00edcero Lucena disse que investimentos relacionados com a sa\u00fade, infraestrutura e, de forma geral, problemas sociais, n\u00e3o precisam ficar em segundo plano e podem acontecer de maneira paralela com incentivos ao setor privado. \n \"\u00c9 muito importante a gente ter a condi\u00e7\u00e3o de buscar resolver os problemas, principalmente os problemas sociais, de infraestrutura, como a falta d'\u00e1gua para o povo, a quest\u00e3o da seguran\u00e7a que \u00e9 fundamental, de uma sa\u00fade onde o governo n\u00e3o faz o seu papel de forma verdadeira, honesta, humanizada \u00e0 sa\u00fade. N\u00f3s precisamos ter um governo equilibrado, um governo onde tenha condi\u00e7\u00f5es de chegar junto a essas demandas sociais. Mas tamb\u00e9m n\u00e3o pode sacrificar o setor produtivo com essa justificativa. Tem que ter uma m\u00e1quina eficiente, uma m\u00e1quina que encontre parcerias com o setor produtivo, que s\u00e3o eles que v\u00e3o gerar as condi\u00e7\u00f5es de n\u00f3s podermos atender \u00e0s quest\u00f5es sociais\", disse.\nAinda nesta quarta-feira (2), C\u00edcero Lucena participou de uma caminhada em Campina Grande e a noite tinha previsto uma reuni\u00e3o com Marmuthe Cavalcanti,  Secret\u00e1rio Municipal de Desenvolvimento Urbano de Jo\u00e3o Pessoa. \nAgora no g1\nV\u00eddeos mais assistidos do g1 Para\u00edba  ","protected":false},"excerpt":{"rendered":"<p>        C\u00edcero Lucena defende efici\u00eancia da m\u00e1quina p\u00fablica com parceria com setor privado na Para\u00edba<br \/>\nTV Para\u00edba<br \/>\nO candidato ao governo da Para\u00edba, C\u00edcero Lucena (MDB), cumpriu agenda de campanha em Campina Grande nesta quarta-feira (2). Durante o dia,&#8230;<\/p>\n","protected":false},"author":2,"featured_media":0,"comment_status":"closed","ping_status":"closed","sticky":false,"template":"","format":"standard","meta":{"advgb_blocks_editor_width":"","advgb_blocks_columns_visual_guide":"","footnotes":""},"categories":[34],"tags":[35],"class_list":["post-73000","post","type-post","status-publish","format-standard","hentry","category-g1","tag-g1"],"author_meta":{"display_name":"g1 &gt; Para\u00edba","author_link":"https:\/\/sindaopcpb.org.br\/author\/g1-paraiba\/"},"featured_img":null,"coauthors":[],"tax_additional":{"categories":{"linked":["<a href=\"https:\/\/sindaopcpb.org.br\/g1\/\" class=\"advgb-post-tax-term\">G1<\/a>"],"unlinked":["<span class=\"advgb-post-tax-term\">G1<\/span>"]},"tags":{"linked":["<a href=\"https:\/\/sindaopcpb.org.br\/g1\/\" class=\"advgb-post-tax-term\">g1<\/a>"],"unlinked":["<span class=\"advgb-post-tax-term\">g1<\/span>"]}},"comment_count":"0","relative_dates":{"created":"Publicado 7 horas atr\u00e1s","modified":"Atualizado 7 horas atr\u00e1s"},"absolute_dates":{"created":"Publicado em 2 de setembro de 2026","modified":"Atualizado em 2 de setembro de 2026"},"absolute_dates_time":{"created":"Publicado em 2 de setembro de 2026 18:45","modified":"Atualizado em 2 de setembro de 2026 18:45"},"featured_img_caption":"","series_order":"","_links":{"self":[{"href":"https:\/\/sindaopcpb.org.br\/index.php\/wp-json\/wp\/v2\/posts\/73000","targetHints":{"allow":["GET"]}}],"collection":[{"href":"https:\/\/sindaopcpb.org.br\/index.php\/wp-json\/wp\/v2\/posts"}],"about":[{"href":"https:\/\/sindaopcpb.org.br\/index.php\/wp-json\/wp\/v2\/types\/post"}],"author":[{"embeddable":true,"href":"https:\/\/sindaopcpb.org.br\/index.php\/wp-json\/wp\/v2\/users\/2"}],"replies":[{"embeddable":true,"href":"https:\/\/sindaopcpb.org.br\/index.php\/wp-json\/wp\/v2\/comments?post=73000"}],"version-history":[{"count":1,"href":"https:\/\/sindaopcpb.org.br\/index.php\/wp-json\/wp\/v2\/posts\/73000\/revisions"}],"predecessor-version":[{"id":73001,"href":"https:\/\/sindaopcpb.org.br\/index.php\/wp-json\/wp\/v2\/posts\/73000\/revisions\/73001"}],"wp:attachment":[{"href":"https:\/\/sindaopcpb.org.br\/index.php\/wp-json\/wp\/v2\/media?parent=73000"}],"wp:term":[{"taxonomy":"category","embeddable":true,"href":"https:\/\/sindaopcpb.org.br\/index.php\/wp-json\/wp\/v2\/categories?post=73000"},{"taxonomy":"post_tag","embeddable":true,"href":"https:\/\/sindaopcpb.org.br\/index.php\/wp-json\/wp\/v2\/tags?post=73000"}],"curies":[{"name":"wp","href":"https:\/\/api.w.org\/{rel}","templated":true}]}}