{"id":72990,"date":"2026-09-02T17:21:53","date_gmt":"2026-09-02T20:21:53","guid":{"rendered":"https:\/\/www.pbagora.com.br\/?p=968896"},"modified":"2026-09-02T17:21:53","modified_gmt":"2026-09-02T20:21:53","slug":"van-com-destino-a-patos-e-interceptada-com-10-kg-de-maconha","status":"publish","type":"post","link":"https:\/\/sindaopcpb.org.br\/index.php\/2026\/09\/02\/van-com-destino-a-patos-e-interceptada-com-10-kg-de-maconha\/","title":{"rendered":"Van com destino a Patos \u00e9 interceptada com 10 kg de maconha"},"content":{"rendered":"<p><img width=\"1024\" height=\"683\" src=\"https:\/\/www.pbagora.com.br\/storage\/2025\/06\/WhatsApp-Image-2025-06-06-at-09.07.36-1024x683.jpeg\" class=\"attachment-large size-large wp-post-image\" alt=\"\" style=\"margin-bottom: 20px;\" decoding=\"async\" loading=\"lazy\" srcset=\"https:\/\/www.pbagora.com.br\/storage\/2025\/06\/WhatsApp-Image-2025-06-06-at-09.07.36-1024x683.jpeg 1024w, https:\/\/www.pbagora.com.br\/storage\/2025\/06\/WhatsApp-Image-2025-06-06-at-09.07.36-300x200.jpeg 300w, https:\/\/www.pbagora.com.br\/storage\/2025\/06\/WhatsApp-Image-2025-06-06-at-09.07.36-150x100.jpeg 150w, https:\/\/www.pbagora.com.br\/storage\/2025\/06\/WhatsApp-Image-2025-06-06-at-09.07.36-768x512.jpeg 768w, https:\/\/www.pbagora.com.br\/storage\/2025\/06\/WhatsApp-Image-2025-06-06-at-09.07.36-1536x1024.jpeg 1536w, https:\/\/www.pbagora.com.br\/storage\/2025\/06\/WhatsApp-Image-2025-06-06-at-09.07.36-380x253.jpeg 380w, https:\/\/www.pbagora.com.br\/storage\/2025\/06\/WhatsApp-Image-2025-06-06-at-09.07.36-800x534.jpeg 800w, https:\/\/www.pbagora.com.br\/storage\/2025\/06\/WhatsApp-Image-2025-06-06-at-09.07.36-1160x774.jpeg 1160w, https:\/\/www.pbagora.com.br\/storage\/2025\/06\/WhatsApp-Image-2025-06-06-at-09.07.36-80x53.jpeg 80w, https:\/\/www.pbagora.com.br\/storage\/2025\/06\/WhatsApp-Image-2025-06-06-at-09.07.36-760x507.jpeg 760w, https:\/\/www.pbagora.com.br\/storage\/2025\/06\/WhatsApp-Image-2025-06-06-at-09.07.36-600x400.jpeg 600w, https:\/\/www.pbagora.com.br\/storage\/2025\/06\/WhatsApp-Image-2025-06-06-at-09.07.36.jpeg 1600w\" sizes=\"auto, (max-width: 1024px) 100vw, 1024px\" \/><\/p>\n<p class=\"wp-block-paragraph\">A Pol\u00edcia Civil da Para\u00edba, por meio do Departamento de Repress\u00e3o e Combate ao Crime Organizado (DRACCO), apreendeu, na manh\u00e3 desta quarta-feira (2), aproximadamente 10 kg de maconha que estavam sendo transportados clandestinamente no interior de uma caixa, dentro de uma van que fazia a linha Brejo do Cruz\u2013Patos. A apreens\u00e3o ocorreu na cidade de S\u00e3o Bento, ap\u00f3s um policial civil que estava no ve\u00edculo perceber um forte odor caracter\u00edstico de maconha e acionar outras equipes policiais.<\/p>\n\n\n\n<p class=\"wp-block-paragraph\">A partir da identifica\u00e7\u00e3o do material, as equipes policiais realizaram a abordagem e localizaram a droga que estava sendo transportada de forma clandestina. O entorpecente foi apreendido e encaminhado para os procedimentos legais cab\u00edveis.<\/p>\n\n\n\n<p class=\"wp-block-paragraph\">A partir da apreens\u00e3o, a Pol\u00edcia Civil dar\u00e1 in\u00edcio \u00e0s investiga\u00e7\u00f5es com o objetivo de identificar a origem e o destino do material, al\u00e9m de reunir informa\u00e7\u00f5es que possam contribuir para a identifica\u00e7\u00e3o e responsabiliza\u00e7\u00e3o dos envolvidos no transporte da droga.<\/p>\n\n\n\n<p class=\"wp-block-paragraph\">O trabalho investigativo tamb\u00e9m dever\u00e1 buscar elementos que auxiliem na identifica\u00e7\u00e3o da rede de tr\u00e1fico respons\u00e1vel pelo material apreendido e na poss\u00edvel localiza\u00e7\u00e3o de outros integrantes envolvidos na atividade criminosa.<\/p>\n\n\n\n<p class=\"wp-block-paragraph\"><strong><em>Reda\u00e7\u00e3o<\/em><\/strong><\/p>\n","protected":false},"excerpt":{"rendered":"<p><img decoding=\"async\" width=\"1024\" height=\"683\" src=\"https:\/\/www.pbagora.com.br\/storage\/2025\/06\/WhatsApp-Image-2025-06-06-at-09.07.36-1024x683.jpeg\" class=\"attachment-large size-large wp-post-image\" alt=\"\" loading=\"lazy\" srcset=\"https:\/\/www.pbagora.com.br\/storage\/2025\/06\/WhatsApp-Image-2025-06-06-at-09.07.36-1024x683.jpeg 1024w, https:\/\/www.pbagora.com.br\/storage\/2025\/06\/WhatsApp-Image-2025-06-06-at-09.07.36-300x200.jpeg 300w, https:\/\/www.pbagora.com.br\/storage\/2025\/06\/WhatsApp-Image-2025-06-06-at-09.07.36-150x100.jpeg 150w, https:\/\/www.pbagora.com.br\/storage\/2025\/06\/WhatsApp-Image-2025-06-06-at-09.07.36-768x512.jpeg 768w, https:\/\/www.pbagora.com.br\/storage\/2025\/06\/WhatsApp-Image-2025-06-06-at-09.07.36-1536x1024.jpeg 1536w, https:\/\/www.pbagora.com.br\/storage\/2025\/06\/WhatsApp-Image-2025-06-06-at-09.07.36-380x253.jpeg 380w, https:\/\/www.pbagora.com.br\/storage\/2025\/06\/WhatsApp-Image-2025-06-06-at-09.07.36-800x534.jpeg 800w, https:\/\/www.pbagora.com.br\/storage\/2025\/06\/WhatsApp-Image-2025-06-06-at-09.07.36-1160x774.jpeg 1160w, https:\/\/www.pbagora.com.br\/storage\/2025\/06\/WhatsApp-Image-2025-06-06-at-09.07.36-80x53.jpeg 80w, https:\/\/www.pbagora.com.br\/storage\/2025\/06\/WhatsApp-Image-2025-06-06-at-09.07.36-760x507.jpeg 760w, https:\/\/www.pbagora.com.br\/storage\/2025\/06\/WhatsApp-Image-2025-06-06-at-09.07.36-600x400.jpeg 600w, https:\/\/www.pbagora.com.br\/storage\/2025\/06\/WhatsApp-Image-2025-06-06-at-09.07.36.jpeg 1600w\" sizes=\"auto, (max-width: 1024px) 100vw, 1024px\"><\/p>\n<p>A Pol\u00edcia Civil da Para\u00edba, por meio do Departamento de Repress\u00e3o e Combate ao Crime Organizado (DRACCO), apreendeu,\u2026<\/p>\n","protected":false},"author":123457,"featured_media":0,"comment_status":"closed","ping_status":"closed","sticky":false,"template":"","format":"standard","meta":{"advgb_blocks_editor_width":"","advgb_blocks_columns_visual_guide":"","footnotes":""},"categories":[34],"tags":[10841,35,10839],"class_list":["post-72990","post","type-post","status-publish","format-standard","hentry","category-g1","tag-destaque-centro-02","tag-g1","tag-policial"],"author_meta":{"display_name":"Reda\u00e7\u00e3o","author_link":"https:\/\/sindaopcpb.org.br\/author\/redacao\/"},"featured_img":null,"coauthors":[],"tax_additional":{"categories":{"linked":["<a href=\"https:\/\/sindaopcpb.org.br\/g1\/\" class=\"advgb-post-tax-term\">G1<\/a>"],"unlinked":["<span class=\"advgb-post-tax-term\">G1<\/span>"]},"tags":{"linked":["<a href=\"https:\/\/sindaopcpb.org.br\/g1\/\" class=\"advgb-post-tax-term\">Destaque Centro 02<\/a>","<a href=\"https:\/\/sindaopcpb.org.br\/g1\/\" class=\"advgb-post-tax-term\">g1<\/a>","<a href=\"https:\/\/sindaopcpb.org.br\/g1\/\" class=\"advgb-post-tax-term\">Policial<\/a>"],"unlinked":["<span class=\"advgb-post-tax-term\">Destaque Centro 02<\/span>","<span class=\"advgb-post-tax-term\">g1<\/span>","<span class=\"advgb-post-tax-term\">Policial<\/span>"]}},"comment_count":"0","relative_dates":{"created":"Publicado 6 horas atr\u00e1s","modified":"Atualizado 6 horas atr\u00e1s"},"absolute_dates":{"created":"Publicado em 2 de setembro de 2026","modified":"Atualizado em 2 de setembro de 2026"},"absolute_dates_time":{"created":"Publicado em 2 de setembro de 2026 17:21","modified":"Atualizado em 2 de setembro de 2026 17:21"},"featured_img_caption":"","series_order":"","_links":{"self":[{"href":"https:\/\/sindaopcpb.org.br\/index.php\/wp-json\/wp\/v2\/posts\/72990","targetHints":{"allow":["GET"]}}],"collection":[{"href":"https:\/\/sindaopcpb.org.br\/index.php\/wp-json\/wp\/v2\/posts"}],"about":[{"href":"https:\/\/sindaopcpb.org.br\/index.php\/wp-json\/wp\/v2\/types\/post"}],"author":[{"embeddable":true,"href":"https:\/\/sindaopcpb.org.br\/index.php\/wp-json\/wp\/v2\/users\/123457"}],"replies":[{"embeddable":true,"href":"https:\/\/sindaopcpb.org.br\/index.php\/wp-json\/wp\/v2\/comments?post=72990"}],"version-history":[{"count":1,"href":"https:\/\/sindaopcpb.org.br\/index.php\/wp-json\/wp\/v2\/posts\/72990\/revisions"}],"predecessor-version":[{"id":72991,"href":"https:\/\/sindaopcpb.org.br\/index.php\/wp-json\/wp\/v2\/posts\/72990\/revisions\/72991"}],"wp:attachment":[{"href":"https:\/\/sindaopcpb.org.br\/index.php\/wp-json\/wp\/v2\/media?parent=72990"}],"wp:term":[{"taxonomy":"category","embeddable":true,"href":"https:\/\/sindaopcpb.org.br\/index.php\/wp-json\/wp\/v2\/categories?post=72990"},{"taxonomy":"post_tag","embeddable":true,"href":"https:\/\/sindaopcpb.org.br\/index.php\/wp-json\/wp\/v2\/tags?post=72990"}],"curies":[{"name":"wp","href":"https:\/\/api.w.org\/{rel}","templated":true}]}}