{"id":72988,"date":"2026-09-02T17:22:09","date_gmt":"2026-09-02T20:22:09","guid":{"rendered":"https:\/\/www.pbagora.com.br\/?p=968890"},"modified":"2026-09-02T17:22:09","modified_gmt":"2026-09-02T20:22:09","slug":"policia-civil-prende-suspeitos-de-trafico-homicidio-e-violencia-domestica-na-pb","status":"publish","type":"post","link":"https:\/\/sindaopcpb.org.br\/index.php\/2026\/09\/02\/policia-civil-prende-suspeitos-de-trafico-homicidio-e-violencia-domestica-na-pb\/","title":{"rendered":"Pol\u00edcia Civil prende suspeitos de tr\u00e1fico, homic\u00eddio e viol\u00eancia dom\u00e9stica na PB"},"content":{"rendered":"<p><img width=\"1024\" height=\"768\" src=\"https:\/\/www.pbagora.com.br\/storage\/2026\/09\/WhatsApp-Image-2026-09-02-at-15.43.15-1024x768.jpeg\" class=\"attachment-large size-large wp-post-image\" alt=\"\" style=\"margin-bottom: 20px;\" decoding=\"async\" loading=\"lazy\" srcset=\"https:\/\/www.pbagora.com.br\/storage\/2026\/09\/WhatsApp-Image-2026-09-02-at-15.43.15-1024x768.jpeg 1024w, https:\/\/www.pbagora.com.br\/storage\/2026\/09\/WhatsApp-Image-2026-09-02-at-15.43.15-300x225.jpeg 300w, https:\/\/www.pbagora.com.br\/storage\/2026\/09\/WhatsApp-Image-2026-09-02-at-15.43.15-150x113.jpeg 150w, https:\/\/www.pbagora.com.br\/storage\/2026\/09\/WhatsApp-Image-2026-09-02-at-15.43.15-768x576.jpeg 768w, https:\/\/www.pbagora.com.br\/storage\/2026\/09\/WhatsApp-Image-2026-09-02-at-15.43.15-1536x1152.jpeg 1536w, https:\/\/www.pbagora.com.br\/storage\/2026\/09\/WhatsApp-Image-2026-09-02-at-15.43.15-200x150.jpeg 200w, https:\/\/www.pbagora.com.br\/storage\/2026\/09\/WhatsApp-Image-2026-09-02-at-15.43.15-260x195.jpeg 260w, https:\/\/www.pbagora.com.br\/storage\/2026\/09\/WhatsApp-Image-2026-09-02-at-15.43.15-380x285.jpeg 380w, https:\/\/www.pbagora.com.br\/storage\/2026\/09\/WhatsApp-Image-2026-09-02-at-15.43.15-800x600.jpeg 800w, https:\/\/www.pbagora.com.br\/storage\/2026\/09\/WhatsApp-Image-2026-09-02-at-15.43.15-1160x870.jpeg 1160w, https:\/\/www.pbagora.com.br\/storage\/2026\/09\/WhatsApp-Image-2026-09-02-at-15.43.15-80x60.jpeg 80w, https:\/\/www.pbagora.com.br\/storage\/2026\/09\/WhatsApp-Image-2026-09-02-at-15.43.15.jpeg 1600w\" sizes=\"auto, (max-width: 1024px) 100vw, 1024px\" \/><\/p>\n<p class=\"wp-block-paragraph\">A Pol\u00edcia Civil da Para\u00edba realizou, nesta quarta-feira (2), uma s\u00e9rie de a\u00e7\u00f5es que resultaram na pris\u00e3o de cinco pessoas investigadas por crimes distintos em Campina Grande, Jo\u00e3o Pessoa e Concei\u00e7\u00e3o, no Sert\u00e3o do Estado.<\/p>\n\n\n\n<p class=\"wp-block-paragraph\">As opera\u00e7\u00f5es envolveram investiga\u00e7\u00f5es relacionadas ao tr\u00e1fico de drogas, tentativa de homic\u00eddio e descumprimento reiterado de medidas protetivas previstas na Lei Maria da Penha.<\/p>\n\n\n\n<h3 id=\"dupla-e-presa-com-ecstasy-e-mdma-em-campina-grande\" class=\"wp-block-heading\">Dupla \u00e9 presa com ecstasy e MDMA em Campina Grande<\/h3>\n\n\n\n<p class=\"wp-block-paragraph\">Em Campina Grande, dois homens foram presos em flagrante pela Delegacia de Repress\u00e3o a Entorpecentes (DRE), sob suspeita de envolvimento com o tr\u00e1fico de drogas. Um deles, segundo a Pol\u00edcia Civil, j\u00e1 possui antecedentes pelo mesmo tipo de crime.<\/p>\n\n\n\n<p class=\"wp-block-paragraph\">As investiga\u00e7\u00f5es apontaram que um dos suspeitos estaria utilizando o endere\u00e7o do comparsa para receber drogas encaminhadas por meio de uma transportadora. A partir das informa\u00e7\u00f5es levantadas, os policiais realizaram a abordagem da dupla.<\/p>\n\n\n\n<p class=\"wp-block-paragraph\">Durante a a\u00e7\u00e3o, um dos investigados tentou fugir e chegou a pular muros de resid\u00eancias vizinhas para escapar da equipe, mas acabou localizado e detido.<\/p>\n\n\n\n<p class=\"wp-block-paragraph\">Com os suspeitos, os policiais apreenderam comprimidos de ecstasy e por\u00e7\u00f5es de MDMA, drogas sint\u00e9ticas utilizadas e comercializadas de forma il\u00edcita.<\/p>\n\n\n\n<p class=\"wp-block-paragraph\">Os dois foram encaminhados \u00e0 Central de Pol\u00edcia Civil de Campina Grande, onde foram realizados os procedimentos legais. Eles permanecem recolhidos e devem passar por audi\u00eancia de cust\u00f3dia.<\/p>\n\n\n\n<h3 id=\"investigado-por-tentativa-de-homicidio-e-preso-na-ilha-do-bispo\" class=\"wp-block-heading\">Investigado por tentativa de homic\u00eddio \u00e9 preso na Ilha do Bispo<\/h3>\n\n\n\n<p class=\"wp-block-paragraph\">Em Jo\u00e3o Pessoa, policiais da Delegacia de Homic\u00eddios e Prote\u00e7\u00e3o \u00e0 Pessoa (DHPP-JP) cumpriram um mandado de pris\u00e3o contra um homem investigado por uma tentativa de homic\u00eddio ocorrida em 20 de maio deste ano, no bairro da Ilha do Bispo.<\/p>\n\n\n\n<p class=\"wp-block-paragraph\">De acordo com a investiga\u00e7\u00e3o, a v\u00edtima foi atingida por um disparo de arma de fogo e precisou ser socorrida para o Hospital de Emerg\u00eancia e Trauma de Jo\u00e3o Pessoa.<\/p>\n\n\n\n<p class=\"wp-block-paragraph\">Ap\u00f3s reunir elementos que apontariam para a participa\u00e7\u00e3o do suspeito no crime, a Pol\u00edcia Civil solicitou a pris\u00e3o preventiva, posteriormente autorizada pelo Poder Judici\u00e1rio.<\/p>\n\n\n\n<p class=\"wp-block-paragraph\">O investigado foi localizado no Condom\u00ednio Sass\u00e1, na Ilha do Bispo. Segundo a Pol\u00edcia Civil, ele possui outros registros de pris\u00e3o em flagrante: em agosto de 2025, por outra ocorr\u00eancia envolvendo tentativa de homic\u00eddio, e em julho de 2026, por porte ilegal de arma de fogo de uso permitido.<\/p>\n\n\n\n<p class=\"wp-block-paragraph\">Ap\u00f3s ser preso nesta quarta-feira, o homem foi conduzido \u00e0 unidade policial. Durante o interrogat\u00f3rio, conforme informou a Pol\u00edcia Civil, ele confessou a pr\u00e1tica do crime investigado.<\/p>\n\n\n\n<h3 id=\"homem-e-preso-em-conceicao-apos-descumprir-medida-protetiva\" class=\"wp-block-heading\">Homem \u00e9 preso em Concei\u00e7\u00e3o ap\u00f3s descumprir medida protetiva<\/h3>\n\n\n\n<p class=\"wp-block-paragraph\">J\u00e1 no munic\u00edpio de Concei\u00e7\u00e3o, no Sert\u00e3o paraibano, a Pol\u00edcia Civil cumpriu um mandado de pris\u00e3o preventiva contra um homem investigado por descumprimento reiterado de medidas protetivas de urg\u00eancia, previstas na Lei Maria da Penha.<\/p>\n\n\n\n<p class=\"wp-block-paragraph\">Segundo as investiga\u00e7\u00f5es, o suspeito teria violado a determina\u00e7\u00e3o judicial em pelo menos tr\u00eas ocasi\u00f5es ao longo deste ano. Mesmo notificado sobre a obriga\u00e7\u00e3o de manter dist\u00e2ncia da ex-companheira, ele teria se aproximado da v\u00edtima e entrado na resid\u00eancia dela.<\/p>\n\n\n\n<p class=\"wp-block-paragraph\">No epis\u00f3dio mais recente, ainda conforme a Pol\u00edcia Civil, o homem teria entrado no im\u00f3vel portando uma faca de cozinha. A situa\u00e7\u00e3o s\u00f3 teria sido interrompida ap\u00f3s a chegada de uma guarni\u00e7\u00e3o policial.<\/p>\n\n\n\n<p class=\"wp-block-paragraph\">Diante da repeti\u00e7\u00e3o das condutas e do risco apontado para a integridade f\u00edsica e psicol\u00f3gica da v\u00edtima, a autoridade policial representou pela pris\u00e3o preventiva. O pedido foi aceito pela Justi\u00e7a.<\/p>\n\n\n\n<p class=\"wp-block-paragraph\">Ap\u00f3s a expedi\u00e7\u00e3o do mandado, policiais da Delegacia de Comarca de Concei\u00e7\u00e3o localizaram o investigado e efetuaram a pris\u00e3o. Ele permanece \u00e0 disposi\u00e7\u00e3o do Poder Judici\u00e1rio.<\/p>\n\n\n\n<p class=\"wp-block-paragraph\">As tr\u00eas ocorr\u00eancias integram a\u00e7\u00f5es distintas da Pol\u00edcia Civil da Para\u00edba e resultaram de investiga\u00e7\u00f5es conduzidas por unidades especializadas e delegacias de diferentes regi\u00f5es do Estado.<\/p>\n\n\n\n<p class=\"wp-block-paragraph\"><strong><em>Reda\u00e7\u00e3o com PC\/PB<\/em><\/strong><\/p>\n","protected":false},"excerpt":{"rendered":"<p><img decoding=\"async\" width=\"1024\" height=\"768\" src=\"https:\/\/www.pbagora.com.br\/storage\/2026\/09\/WhatsApp-Image-2026-09-02-at-15.43.15-1024x768.jpeg\" class=\"attachment-large size-large wp-post-image\" alt=\"\" loading=\"lazy\" srcset=\"https:\/\/www.pbagora.com.br\/storage\/2026\/09\/WhatsApp-Image-2026-09-02-at-15.43.15-1024x768.jpeg 1024w, https:\/\/www.pbagora.com.br\/storage\/2026\/09\/WhatsApp-Image-2026-09-02-at-15.43.15-300x225.jpeg 300w, https:\/\/www.pbagora.com.br\/storage\/2026\/09\/WhatsApp-Image-2026-09-02-at-15.43.15-150x113.jpeg 150w, https:\/\/www.pbagora.com.br\/storage\/2026\/09\/WhatsApp-Image-2026-09-02-at-15.43.15-768x576.jpeg 768w, https:\/\/www.pbagora.com.br\/storage\/2026\/09\/WhatsApp-Image-2026-09-02-at-15.43.15-1536x1152.jpeg 1536w, https:\/\/www.pbagora.com.br\/storage\/2026\/09\/WhatsApp-Image-2026-09-02-at-15.43.15-200x150.jpeg 200w, https:\/\/www.pbagora.com.br\/storage\/2026\/09\/WhatsApp-Image-2026-09-02-at-15.43.15-260x195.jpeg 260w, https:\/\/www.pbagora.com.br\/storage\/2026\/09\/WhatsApp-Image-2026-09-02-at-15.43.15-380x285.jpeg 380w, https:\/\/www.pbagora.com.br\/storage\/2026\/09\/WhatsApp-Image-2026-09-02-at-15.43.15-800x600.jpeg 800w, https:\/\/www.pbagora.com.br\/storage\/2026\/09\/WhatsApp-Image-2026-09-02-at-15.43.15-1160x870.jpeg 1160w, https:\/\/www.pbagora.com.br\/storage\/2026\/09\/WhatsApp-Image-2026-09-02-at-15.43.15-80x60.jpeg 80w, https:\/\/www.pbagora.com.br\/storage\/2026\/09\/WhatsApp-Image-2026-09-02-at-15.43.15.jpeg 1600w\" sizes=\"auto, (max-width: 1024px) 100vw, 1024px\"><\/p>\n<p>A Pol\u00edcia Civil da Para\u00edba realizou, nesta quarta-feira (2), uma s\u00e9rie de a\u00e7\u00f5es que resultaram na pris\u00e3o de\u2026<\/p>\n","protected":false},"author":123457,"featured_media":0,"comment_status":"closed","ping_status":"closed","sticky":false,"template":"","format":"standard","meta":{"advgb_blocks_editor_width":"","advgb_blocks_columns_visual_guide":"","footnotes":""},"categories":[34],"tags":[10841,35,10839],"class_list":["post-72988","post","type-post","status-publish","format-standard","hentry","category-g1","tag-destaque-centro-02","tag-g1","tag-policial"],"author_meta":{"display_name":"Reda\u00e7\u00e3o","author_link":"https:\/\/sindaopcpb.org.br\/author\/redacao\/"},"featured_img":null,"coauthors":[],"tax_additional":{"categories":{"linked":["<a href=\"https:\/\/sindaopcpb.org.br\/g1\/\" class=\"advgb-post-tax-term\">G1<\/a>"],"unlinked":["<span class=\"advgb-post-tax-term\">G1<\/span>"]},"tags":{"linked":["<a href=\"https:\/\/sindaopcpb.org.br\/g1\/\" class=\"advgb-post-tax-term\">Destaque Centro 02<\/a>","<a href=\"https:\/\/sindaopcpb.org.br\/g1\/\" class=\"advgb-post-tax-term\">g1<\/a>","<a href=\"https:\/\/sindaopcpb.org.br\/g1\/\" class=\"advgb-post-tax-term\">Policial<\/a>"],"unlinked":["<span class=\"advgb-post-tax-term\">Destaque Centro 02<\/span>","<span class=\"advgb-post-tax-term\">g1<\/span>","<span class=\"advgb-post-tax-term\">Policial<\/span>"]}},"comment_count":"0","relative_dates":{"created":"Publicado 6 horas atr\u00e1s","modified":"Atualizado 6 horas atr\u00e1s"},"absolute_dates":{"created":"Publicado em 2 de setembro de 2026","modified":"Atualizado em 2 de setembro de 2026"},"absolute_dates_time":{"created":"Publicado em 2 de setembro de 2026 17:22","modified":"Atualizado em 2 de setembro de 2026 17:22"},"featured_img_caption":"","series_order":"","_links":{"self":[{"href":"https:\/\/sindaopcpb.org.br\/index.php\/wp-json\/wp\/v2\/posts\/72988","targetHints":{"allow":["GET"]}}],"collection":[{"href":"https:\/\/sindaopcpb.org.br\/index.php\/wp-json\/wp\/v2\/posts"}],"about":[{"href":"https:\/\/sindaopcpb.org.br\/index.php\/wp-json\/wp\/v2\/types\/post"}],"author":[{"embeddable":true,"href":"https:\/\/sindaopcpb.org.br\/index.php\/wp-json\/wp\/v2\/users\/123457"}],"replies":[{"embeddable":true,"href":"https:\/\/sindaopcpb.org.br\/index.php\/wp-json\/wp\/v2\/comments?post=72988"}],"version-history":[{"count":1,"href":"https:\/\/sindaopcpb.org.br\/index.php\/wp-json\/wp\/v2\/posts\/72988\/revisions"}],"predecessor-version":[{"id":72989,"href":"https:\/\/sindaopcpb.org.br\/index.php\/wp-json\/wp\/v2\/posts\/72988\/revisions\/72989"}],"wp:attachment":[{"href":"https:\/\/sindaopcpb.org.br\/index.php\/wp-json\/wp\/v2\/media?parent=72988"}],"wp:term":[{"taxonomy":"category","embeddable":true,"href":"https:\/\/sindaopcpb.org.br\/index.php\/wp-json\/wp\/v2\/categories?post=72988"},{"taxonomy":"post_tag","embeddable":true,"href":"https:\/\/sindaopcpb.org.br\/index.php\/wp-json\/wp\/v2\/tags?post=72988"}],"curies":[{"name":"wp","href":"https:\/\/api.w.org\/{rel}","templated":true}]}}