{"id":72984,"date":"2026-09-02T17:25:02","date_gmt":"2026-09-02T20:25:02","guid":{"rendered":"https:\/\/www.pbagora.com.br\/?p=968881"},"modified":"2026-09-02T17:25:02","modified_gmt":"2026-09-02T20:25:02","slug":"caminhao-tomba-e-trecho-da-br-230-no-sertao-da-paraiba-e-interditado","status":"publish","type":"post","link":"https:\/\/sindaopcpb.org.br\/index.php\/2026\/09\/02\/caminhao-tomba-e-trecho-da-br-230-no-sertao-da-paraiba-e-interditado\/","title":{"rendered":"Caminh\u00e3o tomba e trecho da BR-230, no Sert\u00e3o da Para\u00edba, \u00e9 interditado"},"content":{"rendered":"<p><img width=\"1024\" height=\"576\" src=\"https:\/\/www.pbagora.com.br\/storage\/2026\/09\/acidente-1024x576.jpeg\" class=\"attachment-large size-large wp-post-image\" alt=\"\" style=\"margin-bottom: 20px;\" decoding=\"async\" srcset=\"https:\/\/www.pbagora.com.br\/storage\/2026\/09\/acidente-1024x576.jpeg 1024w, https:\/\/www.pbagora.com.br\/storage\/2026\/09\/acidente-300x169.jpeg 300w, https:\/\/www.pbagora.com.br\/storage\/2026\/09\/acidente-150x84.jpeg 150w, https:\/\/www.pbagora.com.br\/storage\/2026\/09\/acidente-768x432.jpeg 768w, https:\/\/www.pbagora.com.br\/storage\/2026\/09\/acidente-380x214.jpeg 380w, https:\/\/www.pbagora.com.br\/storage\/2026\/09\/acidente-800x450.jpeg 800w, https:\/\/www.pbagora.com.br\/storage\/2026\/09\/acidente-1160x653.jpeg 1160w, https:\/\/www.pbagora.com.br\/storage\/2026\/09\/acidente-80x46.jpeg 80w, https:\/\/www.pbagora.com.br\/storage\/2026\/09\/acidente.jpeg 1280w\" sizes=\"(max-width: 1024px) 100vw, 1024px\" \/><\/p>\n<p class=\"wp-block-paragraph\">Um caminh\u00e3o tombou na manh\u00e3 desta quarta-feira (2) e provocou o bloqueio parcial do quil\u00f4metro 409 da BR-230, em Pombal, no Sert\u00e3o da Para\u00edba.<\/p>\n\n\n\n<p class=\"wp-block-paragraph\">Segundo a Pol\u00edcia Rodovi\u00e1ria Federal (PRF), parte da carga transportada pelo ve\u00edculo ficou espalhada sobre a pista. Equipes da corpora\u00e7\u00e3o foram deslocadas at\u00e9 o trecho para controlar o tr\u00e1fego.<\/p>\n\n\n\n<p class=\"wp-block-paragraph\">Ainda conforme a PRF, os ve\u00edculos est\u00e3o passando pelo acostamento, em um sistema de siga e pare.<\/p>\n\n\n\n<p class=\"wp-block-paragraph\"><\/p>\n\n\n\n<p class=\"wp-block-paragraph\"><strong><em>PB Agora<\/em><\/strong><\/p>\n","protected":false},"excerpt":{"rendered":"<p><img loading=\"lazy\" decoding=\"async\" width=\"1024\" height=\"576\" src=\"https:\/\/www.pbagora.com.br\/storage\/2026\/09\/acidente-1024x576.jpeg\" class=\"attachment-large size-large wp-post-image\" alt=\"\" srcset=\"https:\/\/www.pbagora.com.br\/storage\/2026\/09\/acidente-1024x576.jpeg 1024w, https:\/\/www.pbagora.com.br\/storage\/2026\/09\/acidente-300x169.jpeg 300w, https:\/\/www.pbagora.com.br\/storage\/2026\/09\/acidente-150x84.jpeg 150w, https:\/\/www.pbagora.com.br\/storage\/2026\/09\/acidente-768x432.jpeg 768w, https:\/\/www.pbagora.com.br\/storage\/2026\/09\/acidente-380x214.jpeg 380w, https:\/\/www.pbagora.com.br\/storage\/2026\/09\/acidente-800x450.jpeg 800w, https:\/\/www.pbagora.com.br\/storage\/2026\/09\/acidente-1160x653.jpeg 1160w, https:\/\/www.pbagora.com.br\/storage\/2026\/09\/acidente-80x46.jpeg 80w, https:\/\/www.pbagora.com.br\/storage\/2026\/09\/acidente.jpeg 1280w\" sizes=\"auto, (max-width: 1024px) 100vw, 1024px\"><\/p>\n<p>Um caminh\u00e3o tombou na manh\u00e3 desta quarta-feira (2) e provocou o bloqueio parcial do quil\u00f4metro 409 da BR-230,\u2026<\/p>\n","protected":false},"author":123457,"featured_media":0,"comment_status":"closed","ping_status":"closed","sticky":false,"template":"","format":"standard","meta":{"advgb_blocks_editor_width":"","advgb_blocks_columns_visual_guide":"","footnotes":""},"categories":[34],"tags":[10845,35,10839],"class_list":["post-72984","post","type-post","status-publish","format-standard","hentry","category-g1","tag-destaque-centro-01","tag-g1","tag-policial"],"author_meta":{"display_name":"Reda\u00e7\u00e3o","author_link":"https:\/\/sindaopcpb.org.br\/author\/redacao\/"},"featured_img":null,"coauthors":[],"tax_additional":{"categories":{"linked":["<a href=\"https:\/\/sindaopcpb.org.br\/g1\/\" class=\"advgb-post-tax-term\">G1<\/a>"],"unlinked":["<span class=\"advgb-post-tax-term\">G1<\/span>"]},"tags":{"linked":["<a href=\"https:\/\/sindaopcpb.org.br\/g1\/\" class=\"advgb-post-tax-term\">Destaque Centro 01<\/a>","<a href=\"https:\/\/sindaopcpb.org.br\/g1\/\" class=\"advgb-post-tax-term\">g1<\/a>","<a href=\"https:\/\/sindaopcpb.org.br\/g1\/\" class=\"advgb-post-tax-term\">Policial<\/a>"],"unlinked":["<span class=\"advgb-post-tax-term\">Destaque Centro 01<\/span>","<span class=\"advgb-post-tax-term\">g1<\/span>","<span class=\"advgb-post-tax-term\">Policial<\/span>"]}},"comment_count":"0","relative_dates":{"created":"Publicado 6 horas atr\u00e1s","modified":"Atualizado 6 horas atr\u00e1s"},"absolute_dates":{"created":"Publicado em 2 de setembro de 2026","modified":"Atualizado em 2 de setembro de 2026"},"absolute_dates_time":{"created":"Publicado em 2 de setembro de 2026 17:25","modified":"Atualizado em 2 de setembro de 2026 17:25"},"featured_img_caption":"","series_order":"","_links":{"self":[{"href":"https:\/\/sindaopcpb.org.br\/index.php\/wp-json\/wp\/v2\/posts\/72984","targetHints":{"allow":["GET"]}}],"collection":[{"href":"https:\/\/sindaopcpb.org.br\/index.php\/wp-json\/wp\/v2\/posts"}],"about":[{"href":"https:\/\/sindaopcpb.org.br\/index.php\/wp-json\/wp\/v2\/types\/post"}],"author":[{"embeddable":true,"href":"https:\/\/sindaopcpb.org.br\/index.php\/wp-json\/wp\/v2\/users\/123457"}],"replies":[{"embeddable":true,"href":"https:\/\/sindaopcpb.org.br\/index.php\/wp-json\/wp\/v2\/comments?post=72984"}],"version-history":[{"count":2,"href":"https:\/\/sindaopcpb.org.br\/index.php\/wp-json\/wp\/v2\/posts\/72984\/revisions"}],"predecessor-version":[{"id":72996,"href":"https:\/\/sindaopcpb.org.br\/index.php\/wp-json\/wp\/v2\/posts\/72984\/revisions\/72996"}],"wp:attachment":[{"href":"https:\/\/sindaopcpb.org.br\/index.php\/wp-json\/wp\/v2\/media?parent=72984"}],"wp:term":[{"taxonomy":"category","embeddable":true,"href":"https:\/\/sindaopcpb.org.br\/index.php\/wp-json\/wp\/v2\/categories?post=72984"},{"taxonomy":"post_tag","embeddable":true,"href":"https:\/\/sindaopcpb.org.br\/index.php\/wp-json\/wp\/v2\/tags?post=72984"}],"curies":[{"name":"wp","href":"https:\/\/api.w.org\/{rel}","templated":true}]}}