{"id":72979,"date":"2026-09-02T12:40:45","date_gmt":"2026-09-02T15:40:45","guid":{"rendered":"https:\/\/www.pbagora.com.br\/?p=968820"},"modified":"2026-09-02T12:40:45","modified_gmt":"2026-09-02T15:40:45","slug":"motociclista-e-agente-da-semob-trocam-agressoes-durante-abordagem-na-orla-de-jp","status":"publish","type":"post","link":"https:\/\/sindaopcpb.org.br\/index.php\/2026\/09\/02\/motociclista-e-agente-da-semob-trocam-agressoes-durante-abordagem-na-orla-de-jp\/","title":{"rendered":"Motociclista e agente da Semob trocam agress\u00f5es durante abordagem na orla de JP"},"content":{"rendered":"<p><img width=\"1024\" height=\"576\" src=\"https:\/\/www.pbagora.com.br\/storage\/2026\/09\/image-15-1024x576.png\" class=\"attachment-large size-large wp-post-image\" alt=\"\" style=\"margin-bottom: 20px;\" decoding=\"async\" loading=\"lazy\" srcset=\"https:\/\/www.pbagora.com.br\/storage\/2026\/09\/image-15-1024x576.png 1024w, https:\/\/www.pbagora.com.br\/storage\/2026\/09\/image-15-150x84.png 150w, https:\/\/www.pbagora.com.br\/storage\/2026\/09\/image-15-300x169.png 300w, https:\/\/www.pbagora.com.br\/storage\/2026\/09\/image-15-768x432.png 768w, https:\/\/www.pbagora.com.br\/storage\/2026\/09\/image-15-1536x864.png 1536w, https:\/\/www.pbagora.com.br\/storage\/2026\/09\/image-15-379x213.png 379w, https:\/\/www.pbagora.com.br\/storage\/2026\/09\/image-15-800x450.png 800w, https:\/\/www.pbagora.com.br\/storage\/2026\/09\/image-15-80x46.png 80w, https:\/\/www.pbagora.com.br\/storage\/2026\/09\/image-15-1160x652.png 1160w, https:\/\/www.pbagora.com.br\/storage\/2026\/09\/image-15.png 1920w\" sizes=\"auto, (max-width: 1024px) 100vw, 1024px\" \/><\/p>\n<p class=\"wp-block-paragraph\">Um motociclista e um agente da Superintend\u00eancia Executiva de Mobilidade Urbana de Jo\u00e3o Pessoa (Semob-JP) trocaram tapas e chutes durante uma abordagem na tarde desta ter\u00e7a-feira (1\u00ba), na orla do bairro de Cabo Branco, em Jo\u00e3o Pessoa.<\/p>\n\n\n\n<p class=\"wp-block-paragraph\">De acordo com a Semob-JP, agentes de mobilidade identificaram uma motocicleta estacionada de forma irregular, ocupando uma vaga destinada a ve\u00edculos de passeio. Durante a fiscaliza\u00e7\u00e3o, tamb\u00e9m foi constatado que o ve\u00edculo estava com o licenciamento atrasado desde 2016.<\/p>\n\n\n\n<p class=\"wp-block-paragraph\">Ainda segundo o \u00f3rg\u00e3o, quando os agentes iniciaram o procedimento para remover a motocicleta do local, o propriet\u00e1rio tentou impedir a apreens\u00e3o e entrou em confronto f\u00edsico com os servidores. Imagens registradas no momento da ocorr\u00eancia mostram o motociclista e um dos agentes trocando agress\u00f5es.<\/p>\n\n\n\n<p class=\"wp-block-paragraph\">Ap\u00f3s a confus\u00e3o, o motociclista deixou o local e fugiu antes da chegada da Pol\u00edcia Civil que dever\u00e1 investigar o caso.<\/p>\n\n\n\n<p class=\"wp-block-paragraph\"><em><strong>PB Agora<\/strong><\/em><\/p>\n","protected":false},"excerpt":{"rendered":"<p><img loading=\"lazy\" decoding=\"async\" width=\"1024\" height=\"576\" src=\"https:\/\/www.pbagora.com.br\/storage\/2026\/09\/image-15-1024x576.png\" class=\"attachment-large size-large wp-post-image\" alt=\"\" srcset=\"https:\/\/www.pbagora.com.br\/storage\/2026\/09\/image-15-1024x576.png 1024w, https:\/\/www.pbagora.com.br\/storage\/2026\/09\/image-15-150x84.png 150w, https:\/\/www.pbagora.com.br\/storage\/2026\/09\/image-15-300x169.png 300w, https:\/\/www.pbagora.com.br\/storage\/2026\/09\/image-15-768x432.png 768w, https:\/\/www.pbagora.com.br\/storage\/2026\/09\/image-15-1536x864.png 1536w, https:\/\/www.pbagora.com.br\/storage\/2026\/09\/image-15-379x213.png 379w, https:\/\/www.pbagora.com.br\/storage\/2026\/09\/image-15-800x450.png 800w, https:\/\/www.pbagora.com.br\/storage\/2026\/09\/image-15-80x46.png 80w, https:\/\/www.pbagora.com.br\/storage\/2026\/09\/image-15-1160x652.png 1160w, https:\/\/www.pbagora.com.br\/storage\/2026\/09\/image-15.png 1920w\" sizes=\"auto, (max-width: 1024px) 100vw, 1024px\"><\/p>\n<p>Um motociclista e um agente da Superintend\u00eancia Executiva de Mobilidade Urbana de Jo\u00e3o Pessoa (Semob-JP) trocaram tapas e\u2026<\/p>\n","protected":false},"author":123457,"featured_media":0,"comment_status":"closed","ping_status":"closed","sticky":false,"template":"","format":"standard","meta":{"advgb_blocks_editor_width":"","advgb_blocks_columns_visual_guide":"","footnotes":""},"categories":[34],"tags":[35,10839,10842],"class_list":["post-72979","post","type-post","status-publish","format-standard","hentry","category-g1","tag-g1","tag-policial","tag-principal3"],"author_meta":{"display_name":"Reda\u00e7\u00e3o","author_link":"https:\/\/sindaopcpb.org.br\/author\/redacao\/"},"featured_img":null,"coauthors":[],"tax_additional":{"categories":{"linked":["<a href=\"https:\/\/sindaopcpb.org.br\/g1\/\" class=\"advgb-post-tax-term\">G1<\/a>"],"unlinked":["<span class=\"advgb-post-tax-term\">G1<\/span>"]},"tags":{"linked":["<a href=\"https:\/\/sindaopcpb.org.br\/g1\/\" class=\"advgb-post-tax-term\">g1<\/a>","<a href=\"https:\/\/sindaopcpb.org.br\/g1\/\" class=\"advgb-post-tax-term\">Policial<\/a>","<a href=\"https:\/\/sindaopcpb.org.br\/g1\/\" class=\"advgb-post-tax-term\">Principal3<\/a>"],"unlinked":["<span class=\"advgb-post-tax-term\">g1<\/span>","<span class=\"advgb-post-tax-term\">Policial<\/span>","<span class=\"advgb-post-tax-term\">Principal3<\/span>"]}},"comment_count":"0","relative_dates":{"created":"Publicado 5 horas atr\u00e1s","modified":"Atualizado 5 horas atr\u00e1s"},"absolute_dates":{"created":"Publicado em 2 de setembro de 2026","modified":"Atualizado em 2 de setembro de 2026"},"absolute_dates_time":{"created":"Publicado em 2 de setembro de 2026 12:40","modified":"Atualizado em 2 de setembro de 2026 12:40"},"featured_img_caption":"","series_order":"","_links":{"self":[{"href":"https:\/\/sindaopcpb.org.br\/index.php\/wp-json\/wp\/v2\/posts\/72979","targetHints":{"allow":["GET"]}}],"collection":[{"href":"https:\/\/sindaopcpb.org.br\/index.php\/wp-json\/wp\/v2\/posts"}],"about":[{"href":"https:\/\/sindaopcpb.org.br\/index.php\/wp-json\/wp\/v2\/types\/post"}],"author":[{"embeddable":true,"href":"https:\/\/sindaopcpb.org.br\/index.php\/wp-json\/wp\/v2\/users\/123457"}],"replies":[{"embeddable":true,"href":"https:\/\/sindaopcpb.org.br\/index.php\/wp-json\/wp\/v2\/comments?post=72979"}],"version-history":[{"count":1,"href":"https:\/\/sindaopcpb.org.br\/index.php\/wp-json\/wp\/v2\/posts\/72979\/revisions"}],"predecessor-version":[{"id":72980,"href":"https:\/\/sindaopcpb.org.br\/index.php\/wp-json\/wp\/v2\/posts\/72979\/revisions\/72980"}],"wp:attachment":[{"href":"https:\/\/sindaopcpb.org.br\/index.php\/wp-json\/wp\/v2\/media?parent=72979"}],"wp:term":[{"taxonomy":"category","embeddable":true,"href":"https:\/\/sindaopcpb.org.br\/index.php\/wp-json\/wp\/v2\/categories?post=72979"},{"taxonomy":"post_tag","embeddable":true,"href":"https:\/\/sindaopcpb.org.br\/index.php\/wp-json\/wp\/v2\/tags?post=72979"}],"curies":[{"name":"wp","href":"https:\/\/api.w.org\/{rel}","templated":true}]}}