{"id":72974,"date":"2026-09-02T11:29:10","date_gmt":"2026-09-02T14:29:10","guid":{"rendered":"https:\/\/www.pbagora.com.br\/?p=968806"},"modified":"2026-09-02T11:29:10","modified_gmt":"2026-09-02T14:29:10","slug":"criminosos-cortam-fios-de-cobre-e-deixam-usf-sem-energia-durante-tentativa-de-furto-em-jp","status":"publish","type":"post","link":"https:\/\/sindaopcpb.org.br\/index.php\/2026\/09\/02\/criminosos-cortam-fios-de-cobre-e-deixam-usf-sem-energia-durante-tentativa-de-furto-em-jp\/","title":{"rendered":"Criminosos cortam fios de cobre e deixam USF sem energia durante tentativa de furto em JP"},"content":{"rendered":"<p><img width=\"596\" height=\"301\" src=\"https:\/\/www.pbagora.com.br\/storage\/2026\/09\/image-13.png\" class=\"attachment-large size-large wp-post-image\" alt=\"\" style=\"margin-bottom: 20px;\" decoding=\"async\" srcset=\"https:\/\/www.pbagora.com.br\/storage\/2026\/09\/image-13.png 596w, https:\/\/www.pbagora.com.br\/storage\/2026\/09\/image-13-150x76.png 150w, https:\/\/www.pbagora.com.br\/storage\/2026\/09\/image-13-300x152.png 300w, https:\/\/www.pbagora.com.br\/storage\/2026\/09\/image-13-378x191.png 378w, https:\/\/www.pbagora.com.br\/storage\/2026\/09\/image-13-80x40-1.png 80w\" sizes=\"(max-width: 596px) 100vw, 596px\" \/><\/p>\n<p class=\"wp-block-paragraph\">Criminosos tentaram furtar fios de cobre da rede el\u00e9trica da Unidade de Sa\u00fade da Fam\u00edlia (USF) do Jardim Cidade Universit\u00e1ria, na Zona Sul de Jo\u00e3o Pessoa, durante a madrugada desta quarta-feira (02). Os suspeitos chegaram a cortar a fia\u00e7\u00e3o, mas deixaram o local sem levar o material.<\/p>\n\n\n\n<p class=\"wp-block-paragraph\">Durante a fuga, uma faca foi abandonada nas proximidades da unidade. Conforme as informa\u00e7\u00f5es repassadas, o objeto pode ter sido utilizado pelos criminosos durante a tentativa de furto.<\/p>\n\n\n\n<p class=\"wp-block-paragraph\">O corte dos fios provocou a interrup\u00e7\u00e3o do fornecimento de energia el\u00e9trica no pr\u00e9dio e afetou o funcionamento da unidade de sa\u00fade. Em raz\u00e3o do problema, os atendimentos m\u00e9dicos previstos para esta quarta-feira precisaram ser reagendados ou transferidos para outras unidades at\u00e9 que a energia fosse restabelecida.<\/p>\n\n\n\n<p class=\"wp-block-paragraph\">Funcion\u00e1rios da USF relataram que esta teria sido a s\u00e9tima vez que a unidade \u00e9 alvo de criminosos desde que come\u00e7ou a funcionar, h\u00e1 aproximadamente um ano.<\/p>\n\n\n\n<p class=\"wp-block-paragraph\"><strong><em>PB Agora<\/em><\/strong><\/p>\n","protected":false},"excerpt":{"rendered":"<p><img loading=\"lazy\" decoding=\"async\" width=\"596\" height=\"301\" src=\"https:\/\/www.pbagora.com.br\/storage\/2026\/09\/image-13.png\" class=\"attachment-large size-large wp-post-image\" alt=\"\" srcset=\"https:\/\/www.pbagora.com.br\/storage\/2026\/09\/image-13.png 596w, https:\/\/www.pbagora.com.br\/storage\/2026\/09\/image-13-150x76.png 150w, https:\/\/www.pbagora.com.br\/storage\/2026\/09\/image-13-300x152.png 300w, https:\/\/www.pbagora.com.br\/storage\/2026\/09\/image-13-378x191.png 378w, https:\/\/www.pbagora.com.br\/storage\/2026\/09\/image-13-80x40-1.png 80w\" sizes=\"auto, (max-width: 596px) 100vw, 596px\"><\/p>\n<p>Criminosos tentaram furtar fios de cobre da rede el\u00e9trica da Unidade de Sa\u00fade da Fam\u00edlia (USF) do Jardim\u2026<\/p>\n","protected":false},"author":123457,"featured_media":0,"comment_status":"closed","ping_status":"closed","sticky":false,"template":"","format":"standard","meta":{"advgb_blocks_editor_width":"","advgb_blocks_columns_visual_guide":"","footnotes":""},"categories":[34],"tags":[35,10839,10842],"class_list":["post-72974","post","type-post","status-publish","format-standard","hentry","category-g1","tag-g1","tag-policial","tag-principal3"],"author_meta":{"display_name":"Reda\u00e7\u00e3o","author_link":"https:\/\/sindaopcpb.org.br\/author\/redacao\/"},"featured_img":null,"coauthors":[],"tax_additional":{"categories":{"linked":["<a href=\"https:\/\/sindaopcpb.org.br\/g1\/\" class=\"advgb-post-tax-term\">G1<\/a>"],"unlinked":["<span class=\"advgb-post-tax-term\">G1<\/span>"]},"tags":{"linked":["<a href=\"https:\/\/sindaopcpb.org.br\/g1\/\" class=\"advgb-post-tax-term\">g1<\/a>","<a href=\"https:\/\/sindaopcpb.org.br\/g1\/\" class=\"advgb-post-tax-term\">Policial<\/a>","<a href=\"https:\/\/sindaopcpb.org.br\/g1\/\" class=\"advgb-post-tax-term\">Principal3<\/a>"],"unlinked":["<span class=\"advgb-post-tax-term\">g1<\/span>","<span class=\"advgb-post-tax-term\">Policial<\/span>","<span class=\"advgb-post-tax-term\">Principal3<\/span>"]}},"comment_count":"0","relative_dates":{"created":"Publicado 4 horas atr\u00e1s","modified":"Atualizado 4 horas atr\u00e1s"},"absolute_dates":{"created":"Publicado em 2 de setembro de 2026","modified":"Atualizado em 2 de setembro de 2026"},"absolute_dates_time":{"created":"Publicado em 2 de setembro de 2026 11:29","modified":"Atualizado em 2 de setembro de 2026 11:29"},"featured_img_caption":"","series_order":"","_links":{"self":[{"href":"https:\/\/sindaopcpb.org.br\/index.php\/wp-json\/wp\/v2\/posts\/72974","targetHints":{"allow":["GET"]}}],"collection":[{"href":"https:\/\/sindaopcpb.org.br\/index.php\/wp-json\/wp\/v2\/posts"}],"about":[{"href":"https:\/\/sindaopcpb.org.br\/index.php\/wp-json\/wp\/v2\/types\/post"}],"author":[{"embeddable":true,"href":"https:\/\/sindaopcpb.org.br\/index.php\/wp-json\/wp\/v2\/users\/123457"}],"replies":[{"embeddable":true,"href":"https:\/\/sindaopcpb.org.br\/index.php\/wp-json\/wp\/v2\/comments?post=72974"}],"version-history":[{"count":1,"href":"https:\/\/sindaopcpb.org.br\/index.php\/wp-json\/wp\/v2\/posts\/72974\/revisions"}],"predecessor-version":[{"id":72975,"href":"https:\/\/sindaopcpb.org.br\/index.php\/wp-json\/wp\/v2\/posts\/72974\/revisions\/72975"}],"wp:attachment":[{"href":"https:\/\/sindaopcpb.org.br\/index.php\/wp-json\/wp\/v2\/media?parent=72974"}],"wp:term":[{"taxonomy":"category","embeddable":true,"href":"https:\/\/sindaopcpb.org.br\/index.php\/wp-json\/wp\/v2\/categories?post=72974"},{"taxonomy":"post_tag","embeddable":true,"href":"https:\/\/sindaopcpb.org.br\/index.php\/wp-json\/wp\/v2\/tags?post=72974"}],"curies":[{"name":"wp","href":"https:\/\/api.w.org\/{rel}","templated":true}]}}