{"id":72968,"date":"2026-09-02T09:57:52","date_gmt":"2026-09-02T12:57:52","guid":{"rendered":"https:\/\/www.pbagora.com.br\/?p=968781"},"modified":"2026-09-02T09:57:52","modified_gmt":"2026-09-02T12:57:52","slug":"dois-sao-presos-suspeitos-de-assaltar-e-fazer-prefeito-de-boqueirao-e-primeira-dama-refens","status":"publish","type":"post","link":"https:\/\/sindaopcpb.org.br\/index.php\/2026\/09\/02\/dois-sao-presos-suspeitos-de-assaltar-e-fazer-prefeito-de-boqueirao-e-primeira-dama-refens\/","title":{"rendered":"Dois s\u00e3o presos suspeitos de assaltar e fazer prefeito de Boqueir\u00e3o e primeira-dama ref\u00e9ns"},"content":{"rendered":"<p><img width=\"696\" height=\"392\" src=\"https:\/\/www.pbagora.com.br\/storage\/2026\/09\/image-9.png\" class=\"attachment-large size-large wp-post-image\" alt=\"\" style=\"margin-bottom: 20px;\" decoding=\"async\" srcset=\"https:\/\/www.pbagora.com.br\/storage\/2026\/09\/image-9.png 696w, https:\/\/www.pbagora.com.br\/storage\/2026\/09\/image-9-150x84.png 150w, https:\/\/www.pbagora.com.br\/storage\/2026\/09\/image-9-300x169.png 300w, https:\/\/www.pbagora.com.br\/storage\/2026\/09\/image-9-380x214.png 380w, https:\/\/www.pbagora.com.br\/storage\/2026\/09\/image-9-80x46.png 80w\" sizes=\"(max-width: 696px) 100vw, 696px\" \/><\/p>\n<p class=\"wp-block-paragraph\">Dois homens foram presos suspeitos de participa\u00e7\u00e3o no assalto \u00e0 resid\u00eancia do prefeito de Boqueir\u00e3o, Marcos Freitas, e da primeira-dama, Joelma Freitas, ocorrido na manh\u00e3 dessa ter\u00e7a-feira (1\u00ba), no Cariri da Para\u00edba. O casal foi rendido e feito ref\u00e9m pelos criminosos durante a a\u00e7\u00e3o.<\/p>\n\n\n\n<p class=\"wp-block-paragraph\">As pris\u00f5es aconteceram ainda na noite de ter\u00e7a-feira. Um dos suspeitos foi localizado por equipes da Pol\u00edcia Militar, enquanto o outro foi encontrado pela Pol\u00edcia Civil.<\/p>\n\n\n\n<p class=\"wp-block-paragraph\">Conforme as informa\u00e7\u00f5es da investiga\u00e7\u00e3o, um dos homens \u00e9 apontado como suspeito de ter participado diretamente da invas\u00e3o \u00e0 resid\u00eancia do prefeito. O segundo investigado teria dado suporte ao grupo, auxiliando na fuga e na localiza\u00e7\u00e3o do im\u00f3vel onde estavam as v\u00edtimas.<\/p>\n\n\n\n<p class=\"wp-block-paragraph\">Segundo os investigadores, esse segundo suspeito teria sido visto em uma motocicleta acompanhando o ve\u00edculo utilizado pelos homens que entraram na casa do prefeito.<\/p>\n\n\n\n<p class=\"wp-block-paragraph\">Durante o assalto, os criminosos renderam Marcos Freitas e Joelma Freitas e recolheram aparelhos celulares e outros objetos antes de deixar o im\u00f3vel. O prefeito e a primeira-dama n\u00e3o ficaram feridos.<\/p>\n\n\n\n<p class=\"wp-block-paragraph\">Informa\u00e7\u00f5es iniciais repassadas por familiares e pessoas pr\u00f3ximas apontavam que Joelma teria sido abordada quando sa\u00eda da resid\u00eancia e obrigada a retornar para dentro do im\u00f3vel. A din\u00e2mica, no entanto, ainda depende da confirma\u00e7\u00e3o oficial das autoridades respons\u00e1veis pelo caso.<\/p>\n\n\n\n<p class=\"wp-block-paragraph\">Ap\u00f3s o crime, o ve\u00edculo utilizado pelos assaltantes foi localizado abandonado na regi\u00e3o. O autom\u00f3vel e outros materiais relacionados \u00e0 ocorr\u00eancia foram recolhidos e encaminhados para per\u00edcia. Os exames poder\u00e3o contribuir para identificar outros integrantes do grupo.<\/p>\n\n\n\n<p class=\"wp-block-paragraph\"><strong><em>PB Agora<\/em><\/strong><\/p>\n","protected":false},"excerpt":{"rendered":"<p><img loading=\"lazy\" decoding=\"async\" width=\"696\" height=\"392\" src=\"https:\/\/www.pbagora.com.br\/storage\/2026\/09\/image-9.png\" class=\"attachment-large size-large wp-post-image\" alt=\"\" srcset=\"https:\/\/www.pbagora.com.br\/storage\/2026\/09\/image-9.png 696w, https:\/\/www.pbagora.com.br\/storage\/2026\/09\/image-9-150x84.png 150w, https:\/\/www.pbagora.com.br\/storage\/2026\/09\/image-9-300x169.png 300w, https:\/\/www.pbagora.com.br\/storage\/2026\/09\/image-9-380x214.png 380w, https:\/\/www.pbagora.com.br\/storage\/2026\/09\/image-9-80x46.png 80w\" sizes=\"auto, (max-width: 696px) 100vw, 696px\"><\/p>\n<p>Dois homens foram presos suspeitos de participa\u00e7\u00e3o no assalto \u00e0 resid\u00eancia do prefeito de Boqueir\u00e3o, Marcos Freitas, e\u2026<\/p>\n","protected":false},"author":123457,"featured_media":0,"comment_status":"closed","ping_status":"closed","sticky":false,"template":"","format":"standard","meta":{"advgb_blocks_editor_width":"","advgb_blocks_columns_visual_guide":"","footnotes":""},"categories":[34],"tags":[10845,35,10839],"class_list":["post-72968","post","type-post","status-publish","format-standard","hentry","category-g1","tag-destaque-centro-01","tag-g1","tag-policial"],"author_meta":{"display_name":"Reda\u00e7\u00e3o","author_link":"https:\/\/sindaopcpb.org.br\/author\/redacao\/"},"featured_img":null,"coauthors":[],"tax_additional":{"categories":{"linked":["<a href=\"https:\/\/sindaopcpb.org.br\/g1\/\" class=\"advgb-post-tax-term\">G1<\/a>"],"unlinked":["<span class=\"advgb-post-tax-term\">G1<\/span>"]},"tags":{"linked":["<a href=\"https:\/\/sindaopcpb.org.br\/g1\/\" class=\"advgb-post-tax-term\">Destaque Centro 01<\/a>","<a href=\"https:\/\/sindaopcpb.org.br\/g1\/\" class=\"advgb-post-tax-term\">g1<\/a>","<a href=\"https:\/\/sindaopcpb.org.br\/g1\/\" class=\"advgb-post-tax-term\">Policial<\/a>"],"unlinked":["<span class=\"advgb-post-tax-term\">Destaque Centro 01<\/span>","<span class=\"advgb-post-tax-term\">g1<\/span>","<span class=\"advgb-post-tax-term\">Policial<\/span>"]}},"comment_count":"0","relative_dates":{"created":"Publicado 5 horas atr\u00e1s","modified":"Atualizado 5 horas atr\u00e1s"},"absolute_dates":{"created":"Publicado em 2 de setembro de 2026","modified":"Atualizado em 2 de setembro de 2026"},"absolute_dates_time":{"created":"Publicado em 2 de setembro de 2026 09:57","modified":"Atualizado em 2 de setembro de 2026 09:57"},"featured_img_caption":"","series_order":"","_links":{"self":[{"href":"https:\/\/sindaopcpb.org.br\/index.php\/wp-json\/wp\/v2\/posts\/72968","targetHints":{"allow":["GET"]}}],"collection":[{"href":"https:\/\/sindaopcpb.org.br\/index.php\/wp-json\/wp\/v2\/posts"}],"about":[{"href":"https:\/\/sindaopcpb.org.br\/index.php\/wp-json\/wp\/v2\/types\/post"}],"author":[{"embeddable":true,"href":"https:\/\/sindaopcpb.org.br\/index.php\/wp-json\/wp\/v2\/users\/123457"}],"replies":[{"embeddable":true,"href":"https:\/\/sindaopcpb.org.br\/index.php\/wp-json\/wp\/v2\/comments?post=72968"}],"version-history":[{"count":2,"href":"https:\/\/sindaopcpb.org.br\/index.php\/wp-json\/wp\/v2\/posts\/72968\/revisions"}],"predecessor-version":[{"id":72976,"href":"https:\/\/sindaopcpb.org.br\/index.php\/wp-json\/wp\/v2\/posts\/72968\/revisions\/72976"}],"wp:attachment":[{"href":"https:\/\/sindaopcpb.org.br\/index.php\/wp-json\/wp\/v2\/media?parent=72968"}],"wp:term":[{"taxonomy":"category","embeddable":true,"href":"https:\/\/sindaopcpb.org.br\/index.php\/wp-json\/wp\/v2\/categories?post=72968"},{"taxonomy":"post_tag","embeddable":true,"href":"https:\/\/sindaopcpb.org.br\/index.php\/wp-json\/wp\/v2\/tags?post=72968"}],"curies":[{"name":"wp","href":"https:\/\/api.w.org\/{rel}","templated":true}]}}