{"id":72964,"date":"2026-09-02T08:22:35","date_gmt":"2026-09-02T11:22:35","guid":{"rendered":"https:\/\/www.pbagora.com.br\/?p=968758"},"modified":"2026-09-02T08:22:35","modified_gmt":"2026-09-02T11:22:35","slug":"justica-decide-manter-jovem-internado-por-morte-de-homem-em-hotel","status":"publish","type":"post","link":"https:\/\/sindaopcpb.org.br\/index.php\/2026\/09\/02\/justica-decide-manter-jovem-internado-por-morte-de-homem-em-hotel\/","title":{"rendered":"Justi\u00e7a decide manter jovem internado por morte de homem em hotel"},"content":{"rendered":"<p><img width=\"496\" height=\"450\" src=\"https:\/\/www.pbagora.com.br\/storage\/2026\/08\/Sem-titulo-1.jpg\" class=\"attachment-large size-large wp-post-image\" alt=\"\" style=\"margin-bottom: 20px;\" decoding=\"async\" srcset=\"https:\/\/www.pbagora.com.br\/storage\/2026\/08\/Sem-titulo-1.jpg 496w, https:\/\/www.pbagora.com.br\/storage\/2026\/08\/Sem-titulo-1-300x272.jpg 300w, https:\/\/www.pbagora.com.br\/storage\/2026\/08\/Sem-titulo-1-150x136.jpg 150w, https:\/\/www.pbagora.com.br\/storage\/2026\/08\/Sem-titulo-1-380x345.jpg 380w, https:\/\/www.pbagora.com.br\/storage\/2026\/08\/Sem-titulo-1-80x73.jpg 80w\" sizes=\"(max-width: 496px) 100vw, 496px\" \/><\/p>\n<p class=\"wp-block-paragraph\">A Justi\u00e7a paraibana determinou a interna\u00e7\u00e3o imediata do adolescente de 17 anos responsabilizado pela morte de Washington Rodrigo, de 33 anos (foto em destaque), em um hotel de Mana\u00edra, em Jo\u00e3o Pessoa.<\/p>\n\n\n\n<p class=\"wp-block-paragraph\">A senten\u00e7a reconheceu a pr\u00e1tica de ato infracional an\u00e1logo ao homic\u00eddio qualificado por motivo f\u00fatil, meio cruel e recurso que impossibilitou a defesa da v\u00edtima. \u201cAplico ao adolescente a medida socioeducativa de interna\u00e7\u00e3o por prazo indeterminado\u201d, estabelece a decis\u00e3o.<\/p>\n\n\n\n<p class=\"wp-block-paragraph\">A identidade do jovem n\u00e3o ser\u00e1 divulgada, conforme as normas de prote\u00e7\u00e3o previstas no Estatuto da Crian\u00e7a e do Adolescente. A medida n\u00e3o possui um per\u00edodo inicial definido. Entretanto, o adolescente dever\u00e1 passar por reavalia\u00e7\u00f5es obrigat\u00f3rias a cada seis meses.<\/p>\n\n\n\n<p class=\"wp-block-paragraph\">A interna\u00e7\u00e3o poder\u00e1 ser encerrada antes, mediante decis\u00e3o judicial. O per\u00edodo total, por\u00e9m, n\u00e3o poder\u00e1 ultrapassar tr\u00eas anos. Al\u00e9m disso, a libera\u00e7\u00e3o ser\u00e1 obrigat\u00f3ria quando o jovem atingir 21 anos.<\/p>\n\n\n\n<p class=\"wp-block-paragraph\">Essas regras est\u00e3o previstas no Estatuto da Crian\u00e7a e do Adolescente. A Justi\u00e7a tamb\u00e9m determinou a execu\u00e7\u00e3o imediata da senten\u00e7a. Dessa forma, o jovem continuar\u00e1 no Centro Educacional do Adolescente, onde estava internado provisoriamente.<\/p>\n\n\n\n<p class=\"wp-block-paragraph\"><strong><a href=\"https:\/\/www.pbagora.com.br\/noticia\/policial\/jovem-suspeito-de-assassinar-homem-em-hotel-passa-por-primeira-audiencia\/\">Veja mais &#8211; Jovem suspeito de assassinar homem em hotel passa por primeira audi\u00eancia<\/a><\/strong><\/p>\n\n\n\n<p class=\"wp-block-paragraph\">Reda\u00e7\u00e3o<\/p>\n","protected":false},"excerpt":{"rendered":"<p><img loading=\"lazy\" decoding=\"async\" width=\"496\" height=\"450\" src=\"https:\/\/www.pbagora.com.br\/storage\/2026\/08\/Sem-titulo-1.jpg\" class=\"attachment-large size-large wp-post-image\" alt=\"\" srcset=\"https:\/\/www.pbagora.com.br\/storage\/2026\/08\/Sem-titulo-1.jpg 496w, https:\/\/www.pbagora.com.br\/storage\/2026\/08\/Sem-titulo-1-300x272.jpg 300w, https:\/\/www.pbagora.com.br\/storage\/2026\/08\/Sem-titulo-1-150x136.jpg 150w, https:\/\/www.pbagora.com.br\/storage\/2026\/08\/Sem-titulo-1-380x345.jpg 380w, https:\/\/www.pbagora.com.br\/storage\/2026\/08\/Sem-titulo-1-80x73.jpg 80w\" sizes=\"auto, (max-width: 496px) 100vw, 496px\"><\/p>\n<p>A Justi\u00e7a paraibana determinou a interna\u00e7\u00e3o imediata do adolescente de 17 anos responsabilizado pela morte de Washington Rodrigo,\u2026<\/p>\n","protected":false},"author":123457,"featured_media":0,"comment_status":"closed","ping_status":"closed","sticky":false,"template":"","format":"standard","meta":{"advgb_blocks_editor_width":"","advgb_blocks_columns_visual_guide":"","footnotes":""},"categories":[34],"tags":[35,10839,10851],"class_list":["post-72964","post","type-post","status-publish","format-standard","hentry","category-g1","tag-g1","tag-policial","tag-urgente"],"author_meta":{"display_name":"Reda\u00e7\u00e3o","author_link":"https:\/\/sindaopcpb.org.br\/author\/redacao\/"},"featured_img":null,"coauthors":[],"tax_additional":{"categories":{"linked":["<a href=\"https:\/\/sindaopcpb.org.br\/g1\/\" class=\"advgb-post-tax-term\">G1<\/a>"],"unlinked":["<span class=\"advgb-post-tax-term\">G1<\/span>"]},"tags":{"linked":["<a href=\"https:\/\/sindaopcpb.org.br\/g1\/\" class=\"advgb-post-tax-term\">g1<\/a>","<a href=\"https:\/\/sindaopcpb.org.br\/g1\/\" class=\"advgb-post-tax-term\">Policial<\/a>","<a href=\"https:\/\/sindaopcpb.org.br\/g1\/\" class=\"advgb-post-tax-term\">URGENTE<\/a>"],"unlinked":["<span class=\"advgb-post-tax-term\">g1<\/span>","<span class=\"advgb-post-tax-term\">Policial<\/span>","<span class=\"advgb-post-tax-term\">URGENTE<\/span>"]}},"comment_count":"0","relative_dates":{"created":"Publicado 5 horas atr\u00e1s","modified":"Atualizado 5 horas atr\u00e1s"},"absolute_dates":{"created":"Publicado em 2 de setembro de 2026","modified":"Atualizado em 2 de setembro de 2026"},"absolute_dates_time":{"created":"Publicado em 2 de setembro de 2026 08:22","modified":"Atualizado em 2 de setembro de 2026 08:22"},"featured_img_caption":"","series_order":"","_links":{"self":[{"href":"https:\/\/sindaopcpb.org.br\/index.php\/wp-json\/wp\/v2\/posts\/72964","targetHints":{"allow":["GET"]}}],"collection":[{"href":"https:\/\/sindaopcpb.org.br\/index.php\/wp-json\/wp\/v2\/posts"}],"about":[{"href":"https:\/\/sindaopcpb.org.br\/index.php\/wp-json\/wp\/v2\/types\/post"}],"author":[{"embeddable":true,"href":"https:\/\/sindaopcpb.org.br\/index.php\/wp-json\/wp\/v2\/users\/123457"}],"replies":[{"embeddable":true,"href":"https:\/\/sindaopcpb.org.br\/index.php\/wp-json\/wp\/v2\/comments?post=72964"}],"version-history":[{"count":3,"href":"https:\/\/sindaopcpb.org.br\/index.php\/wp-json\/wp\/v2\/posts\/72964\/revisions"}],"predecessor-version":[{"id":72972,"href":"https:\/\/sindaopcpb.org.br\/index.php\/wp-json\/wp\/v2\/posts\/72964\/revisions\/72972"}],"wp:attachment":[{"href":"https:\/\/sindaopcpb.org.br\/index.php\/wp-json\/wp\/v2\/media?parent=72964"}],"wp:term":[{"taxonomy":"category","embeddable":true,"href":"https:\/\/sindaopcpb.org.br\/index.php\/wp-json\/wp\/v2\/categories?post=72964"},{"taxonomy":"post_tag","embeddable":true,"href":"https:\/\/sindaopcpb.org.br\/index.php\/wp-json\/wp\/v2\/tags?post=72964"}],"curies":[{"name":"wp","href":"https:\/\/api.w.org\/{rel}","templated":true}]}}