{"id":72957,"date":"2026-09-02T07:06:31","date_gmt":"2026-09-02T10:06:31","guid":{"rendered":"https:\/\/www.pbagora.com.br\/?p=968747"},"modified":"2026-09-02T13:11:54","modified_gmt":"2026-09-02T16:11:54","slug":"justica-decide-soltar-dono-do-paraiba-premiado-preso-em-recente-operacao-2","status":"publish","type":"post","link":"https:\/\/sindaopcpb.org.br\/index.php\/2026\/09\/02\/justica-decide-soltar-dono-do-paraiba-premiado-preso-em-recente-operacao-2\/","title":{"rendered":"Justi\u00e7a decide soltar dono do Para\u00edba Premiado preso em recente opera\u00e7\u00e3o"},"content":{"rendered":"<p><img width=\"1024\" height=\"576\" src=\"https:\/\/www.pbagora.com.br\/storage\/2026\/08\/image-77-1024x576.png\" class=\"attachment-large size-large wp-post-image\" alt=\"\" style=\"margin-bottom: 20px;\" decoding=\"async\" loading=\"lazy\" srcset=\"https:\/\/www.pbagora.com.br\/storage\/2026\/08\/image-77-1024x576.png 1024w, https:\/\/www.pbagora.com.br\/storage\/2026\/08\/image-77-300x169.png 300w, https:\/\/www.pbagora.com.br\/storage\/2026\/08\/image-77-150x84.png 150w, https:\/\/www.pbagora.com.br\/storage\/2026\/08\/image-77-768x432.png 768w, https:\/\/www.pbagora.com.br\/storage\/2026\/08\/image-77-380x214.png 380w, https:\/\/www.pbagora.com.br\/storage\/2026\/08\/image-77-800x450.png 800w, https:\/\/www.pbagora.com.br\/storage\/2026\/08\/image-77-1160x653.png 1160w, https:\/\/www.pbagora.com.br\/storage\/2026\/08\/image-77-80x46.png 80w, https:\/\/www.pbagora.com.br\/storage\/2026\/08\/image-77.png 1280w\" sizes=\"auto, (max-width: 1024px) 100vw, 1024px\" \/><\/p>\n<p class=\"wp-block-paragraph\">Uma decis\u00e3o da justi\u00e7a do Mato Grosso do Sul revogou a pris\u00e3o preventiva do empres\u00e1rio C\u00edcero Fabiano Melo Silva, propriet\u00e1rio do Para\u00edba Premiado, investigado por jogos de azar, associa\u00e7\u00e3o criminosa e lavagem de dinheiro. A decis\u00e3o foi assinada ontem (1\u00ba) pela ju\u00edza May Melke Amaral Penteado Siravegna, do N\u00facleo de Garantias de Campo Grande, e divulgada naquela noite.<\/p>\n\n\n\n<p class=\"wp-block-paragraph\">De acordo com a decis\u00e3o, C\u00edcero poder\u00e1 deixar o Pres\u00eddio do Roger, em Jo\u00e3o Pessoa, desde que n\u00e3o esteja detido por outro motivo. Entretanto, dever\u00e1 cumprir medidas cautelares enquanto responde ao caso. A unidade prisional recebeu prazo de at\u00e9 24 horas para cumprir a ordem de soltura. Ap\u00f3s deixar o pres\u00eddio, o empres\u00e1rio dever\u00e1 seguir as seguintes determina\u00e7\u00f5es:<\/p>\n\n\n\n<ul class=\"wp-block-list\">\n<li>Comparecer mensalmente \u00e0 Justi\u00e7a para informar e justificar suas atividades;<\/li>\n\n\n\n<li>N\u00e3o deixar o territ\u00f3rio brasileiro;<\/li>\n\n\n\n<li>Entregar o passaporte no prazo de at\u00e9 48 horas;<\/li>\n\n\n\n<li>Cumprir as restri\u00e7\u00f5es patrimoniais mantidas durante a investiga\u00e7\u00e3o.<\/li>\n<\/ul>\n\n\n\n<p class=\"wp-block-paragraph\">O descumprimento das determina\u00e7\u00f5es poder\u00e1 resultar em uma nova pris\u00e3o preventiva. As condi\u00e7\u00f5es constam na decis\u00e3o divulgada nesta semana.<\/p>\n\n\n\n<p class=\"wp-block-paragraph\"><strong><a href=\"https:\/\/www.pbagora.com.br\/noticia\/policial\/dono-do-paraiba-premiado-e-preso-pela-policia-civil-durante-investigacao-sobre-suspeita-de-crime-cibernetico\/\">Veja mais &#8211; Empres\u00e1rio paraibano do ramo de loterias \u00e9 preso em Jo\u00e3o Pessoa<\/a><\/strong><\/p>\n\n\n\n<p class=\"wp-block-paragraph\">Reda\u00e7\u00e3o<\/p>\n","protected":false},"excerpt":{"rendered":"<p><img decoding=\"async\" width=\"1024\" height=\"576\" src=\"https:\/\/www.pbagora.com.br\/storage\/2026\/08\/image-77-1024x576.png\" class=\"attachment-large size-large wp-post-image\" alt=\"\" loading=\"lazy\" srcset=\"https:\/\/www.pbagora.com.br\/storage\/2026\/08\/image-77-1024x576.png 1024w, https:\/\/www.pbagora.com.br\/storage\/2026\/08\/image-77-300x169.png 300w, https:\/\/www.pbagora.com.br\/storage\/2026\/08\/image-77-150x84.png 150w, https:\/\/www.pbagora.com.br\/storage\/2026\/08\/image-77-768x432.png 768w, https:\/\/www.pbagora.com.br\/storage\/2026\/08\/image-77-380x214.png 380w, https:\/\/www.pbagora.com.br\/storage\/2026\/08\/image-77-800x450.png 800w, https:\/\/www.pbagora.com.br\/storage\/2026\/08\/image-77-1160x653.png 1160w, https:\/\/www.pbagora.com.br\/storage\/2026\/08\/image-77-80x46.png 80w, https:\/\/www.pbagora.com.br\/storage\/2026\/08\/image-77.png 1280w\" sizes=\"auto, (max-width: 1024px) 100vw, 1024px\"><\/p>\n<p>Uma decis\u00e3o da justi\u00e7a do Mato Grosso do Sul revogou a pris\u00e3o preventiva do empres\u00e1rio C\u00edcero Fabiano Melo\u2026<\/p>\n","protected":false},"author":123457,"featured_media":0,"comment_status":"closed","ping_status":"closed","sticky":false,"template":"","format":"standard","meta":{"advgb_blocks_editor_width":"","advgb_blocks_columns_visual_guide":"","footnotes":""},"categories":[34],"tags":[35,10839,10850],"class_list":["post-72957","post","type-post","status-publish","format-standard","hentry","category-g1","tag-g1","tag-policial","tag-voceviu"],"author_meta":{"display_name":"Reda\u00e7\u00e3o","author_link":"https:\/\/sindaopcpb.org.br\/author\/redacao\/"},"featured_img":null,"coauthors":[],"tax_additional":{"categories":{"linked":["<a href=\"https:\/\/sindaopcpb.org.br\/g1\/\" class=\"advgb-post-tax-term\">G1<\/a>"],"unlinked":["<span class=\"advgb-post-tax-term\">G1<\/span>"]},"tags":{"linked":["<a href=\"https:\/\/sindaopcpb.org.br\/g1\/\" class=\"advgb-post-tax-term\">g1<\/a>","<a href=\"https:\/\/sindaopcpb.org.br\/g1\/\" class=\"advgb-post-tax-term\">Policial<\/a>","<a href=\"https:\/\/sindaopcpb.org.br\/g1\/\" class=\"advgb-post-tax-term\">Voceviu?<\/a>"],"unlinked":["<span class=\"advgb-post-tax-term\">g1<\/span>","<span class=\"advgb-post-tax-term\">Policial<\/span>","<span class=\"advgb-post-tax-term\">Voceviu?<\/span>"]}},"comment_count":"0","relative_dates":{"created":"Publicado 12 horas atr\u00e1s","modified":"Atualizado 6 horas atr\u00e1s"},"absolute_dates":{"created":"Publicado em 2 de setembro de 2026","modified":"Atualizado em 2 de setembro de 2026"},"absolute_dates_time":{"created":"Publicado em 2 de setembro de 2026 07:06","modified":"Atualizado em 2 de setembro de 2026 13:11"},"featured_img_caption":"","series_order":"","_links":{"self":[{"href":"https:\/\/sindaopcpb.org.br\/index.php\/wp-json\/wp\/v2\/posts\/72957","targetHints":{"allow":["GET"]}}],"collection":[{"href":"https:\/\/sindaopcpb.org.br\/index.php\/wp-json\/wp\/v2\/posts"}],"about":[{"href":"https:\/\/sindaopcpb.org.br\/index.php\/wp-json\/wp\/v2\/types\/post"}],"author":[{"embeddable":true,"href":"https:\/\/sindaopcpb.org.br\/index.php\/wp-json\/wp\/v2\/users\/123457"}],"replies":[{"embeddable":true,"href":"https:\/\/sindaopcpb.org.br\/index.php\/wp-json\/wp\/v2\/comments?post=72957"}],"version-history":[{"count":5,"href":"https:\/\/sindaopcpb.org.br\/index.php\/wp-json\/wp\/v2\/posts\/72957\/revisions"}],"predecessor-version":[{"id":72982,"href":"https:\/\/sindaopcpb.org.br\/index.php\/wp-json\/wp\/v2\/posts\/72957\/revisions\/72982"}],"wp:attachment":[{"href":"https:\/\/sindaopcpb.org.br\/index.php\/wp-json\/wp\/v2\/media?parent=72957"}],"wp:term":[{"taxonomy":"category","embeddable":true,"href":"https:\/\/sindaopcpb.org.br\/index.php\/wp-json\/wp\/v2\/categories?post=72957"},{"taxonomy":"post_tag","embeddable":true,"href":"https:\/\/sindaopcpb.org.br\/index.php\/wp-json\/wp\/v2\/tags?post=72957"}],"curies":[{"name":"wp","href":"https:\/\/api.w.org\/{rel}","templated":true}]}}