{"id":72934,"date":"2026-09-01T19:26:59","date_gmt":"2026-09-01T22:26:59","guid":{"rendered":"https:\/\/g1.globo.com\/pb\/paraiba\/noticia\/2026\/09\/01\/homem-e-preso-e-adolescente-apreendido-por-suspeita-de-matar-jovem-no-litoral-norte-da-paraiba.ghtml"},"modified":"2026-09-01T19:26:59","modified_gmt":"2026-09-01T22:26:59","slug":"homem-e-preso-e-adolescente-apreendido-por-suspeita-de-matar-jovem-no-litoral-norte-da-paraiba","status":"publish","type":"post","link":"https:\/\/sindaopcpb.org.br\/index.php\/2026\/09\/01\/homem-e-preso-e-adolescente-apreendido-por-suspeita-de-matar-jovem-no-litoral-norte-da-paraiba\/","title":{"rendered":"Homem \u00e9 preso e adolescente apreendido por suspeita de matar jovem no Litoral Norte da Para\u00edba"},"content":{"rendered":"   <img src=\"https:\/\/s2-g1.glbimg.com\/S4kNeStMDhxDChIx5RbEgwVLHuk=\/i.s3.glbimg.com\/v1\/AUTH_59edd422c0c84a879bd37670ae4f538a\/internal_photos\/bs\/2026\/M\/N\/Am2KJPQDasDj8sTAX0XQ\/whatsapp-image-2026-09-01-at-18.34.02.jpeg\" \/><br \/>     Homem \u00e9 preso e adolescente apreendido por suspeita de matar jovem no Litoral Norte da Para\u00edba\nPol\u00edcia Civil da Para\u00edba\nUm homem de 24 anos foi preso e um adolescente de 17 anos foi apreendido nesta ter\u00e7a-feira (1\u00ba) suspeitos de matarem um jovem de 21 anos, na cidade de Mataraca, no Litoral Norte da Para\u00edba. As informa\u00e7\u00f5es confirmadas pela Pol\u00edcia Civil. \n\u2705 Clique aqui para seguir o canal do g1 PB no WhatsApp\nDe acordo com a corpora\u00e7\u00e3o, o jovem morto estava desaparecido desde 29 de agosto e a motiva\u00e7\u00e3o para o crime que est\u00e1 sendo investigada \u00e9 de que o homic\u00eddio pode estar relacionado ao envolvimento da v\u00edtima com grupos criminosos que atuam no tr\u00e1fico de drogas na regi\u00e3o. O jovem morto, segundo as investiga\u00e7\u00f5es, teria trocado de fac\u00e7\u00e3o criminosa e gerado uma suposta retalia\u00e7\u00e3o. \nOs dois suspeitos, ap\u00f3s a pris\u00e3o e apreens\u00e3o, foram encaminhados \u00e0 Delegacia de Pol\u00edcia Civil respons\u00e1vel pelas investiga\u00e7\u00f5es, onde foram feitos os procedimentos legais. Com os suspeitos foram apreendidos a arma que teria sido utilizada no crime, um rev\u00f3lver calibre .32, e outros objetos.\nA corpora\u00e7\u00e3o afirmou ainda que as investiga\u00e7\u00f5es devem continuar com o objetivo de esclarecer se outras pessoas participaram, eventualmente, do crime.  \nAgora no g1\nV\u00eddeos mais assistidos do g1 Para\u00edba  ","protected":false},"excerpt":{"rendered":"<p>        Homem \u00e9 preso e adolescente apreendido por suspeita de matar jovem no Litoral Norte da Para\u00edba<br \/>\nPol\u00edcia Civil da Para\u00edba<br \/>\nUm homem de 24 anos foi preso e um adolescente de 17 anos foi apreendido nesta ter\u00e7a-feira (1\u00ba) suspeitos de matarem um jove&#8230;<\/p>\n","protected":false},"author":2,"featured_media":0,"comment_status":"closed","ping_status":"closed","sticky":false,"template":"","format":"standard","meta":{"advgb_blocks_editor_width":"","advgb_blocks_columns_visual_guide":"","footnotes":""},"categories":[34],"tags":[35],"class_list":["post-72934","post","type-post","status-publish","format-standard","hentry","category-g1","tag-g1"],"author_meta":{"display_name":"g1 &gt; Para\u00edba","author_link":"https:\/\/sindaopcpb.org.br\/author\/g1-paraiba\/"},"featured_img":null,"coauthors":[],"tax_additional":{"categories":{"linked":["<a href=\"https:\/\/sindaopcpb.org.br\/g1\/\" class=\"advgb-post-tax-term\">G1<\/a>"],"unlinked":["<span class=\"advgb-post-tax-term\">G1<\/span>"]},"tags":{"linked":["<a href=\"https:\/\/sindaopcpb.org.br\/g1\/\" class=\"advgb-post-tax-term\">g1<\/a>"],"unlinked":["<span class=\"advgb-post-tax-term\">g1<\/span>"]}},"comment_count":"0","relative_dates":{"created":"Publicado 11 horas atr\u00e1s","modified":"Atualizado 11 horas atr\u00e1s"},"absolute_dates":{"created":"Publicado em 1 de setembro de 2026","modified":"Atualizado em 1 de setembro de 2026"},"absolute_dates_time":{"created":"Publicado em 1 de setembro de 2026 19:26","modified":"Atualizado em 1 de setembro de 2026 19:26"},"featured_img_caption":"","series_order":"","_links":{"self":[{"href":"https:\/\/sindaopcpb.org.br\/index.php\/wp-json\/wp\/v2\/posts\/72934","targetHints":{"allow":["GET"]}}],"collection":[{"href":"https:\/\/sindaopcpb.org.br\/index.php\/wp-json\/wp\/v2\/posts"}],"about":[{"href":"https:\/\/sindaopcpb.org.br\/index.php\/wp-json\/wp\/v2\/types\/post"}],"author":[{"embeddable":true,"href":"https:\/\/sindaopcpb.org.br\/index.php\/wp-json\/wp\/v2\/users\/2"}],"replies":[{"embeddable":true,"href":"https:\/\/sindaopcpb.org.br\/index.php\/wp-json\/wp\/v2\/comments?post=72934"}],"version-history":[{"count":1,"href":"https:\/\/sindaopcpb.org.br\/index.php\/wp-json\/wp\/v2\/posts\/72934\/revisions"}],"predecessor-version":[{"id":72935,"href":"https:\/\/sindaopcpb.org.br\/index.php\/wp-json\/wp\/v2\/posts\/72934\/revisions\/72935"}],"wp:attachment":[{"href":"https:\/\/sindaopcpb.org.br\/index.php\/wp-json\/wp\/v2\/media?parent=72934"}],"wp:term":[{"taxonomy":"category","embeddable":true,"href":"https:\/\/sindaopcpb.org.br\/index.php\/wp-json\/wp\/v2\/categories?post=72934"},{"taxonomy":"post_tag","embeddable":true,"href":"https:\/\/sindaopcpb.org.br\/index.php\/wp-json\/wp\/v2\/tags?post=72934"}],"curies":[{"name":"wp","href":"https:\/\/api.w.org\/{rel}","templated":true}]}}