{"id":72932,"date":"2026-09-01T19:52:11","date_gmt":"2026-09-01T22:52:11","guid":{"rendered":"https:\/\/g1.globo.com\/pb\/paraiba\/eleicoes\/2026\/noticia\/2026\/09\/01\/veja-como-foi-agenda-candidatos-governo-pb-1-setembro.ghtml"},"modified":"2026-09-01T19:52:11","modified_gmt":"2026-09-01T22:52:11","slug":"caminhadas-com-apoiadores-e-reunioes-com-liderancas-politicas-veja-como-foi-o-dia-dos-candidatos-ao-governo-da-paraiba","status":"publish","type":"post","link":"https:\/\/sindaopcpb.org.br\/index.php\/2026\/09\/01\/caminhadas-com-apoiadores-e-reunioes-com-liderancas-politicas-veja-como-foi-o-dia-dos-candidatos-ao-governo-da-paraiba\/","title":{"rendered":"Caminhadas com apoiadores e reuni\u00f5es com lideran\u00e7as pol\u00edticas: veja como foi o dia dos candidatos ao governo da Para\u00edba"},"content":{"rendered":"   <img src=\"https:\/\/s2-g1.glbimg.com\/-ox06up9hoRH73WFF2p7sgD_uVw=\/i.s3.glbimg.com\/v1\/AUTH_59edd422c0c84a879bd37670ae4f538a\/internal_photos\/bs\/2026\/Z\/i\/NOXACUSpyad45KTSgsbw\/candidatos-ao-governo-da-paraiba.png\" \/><br \/>     Candidatos ao governo da Para\u00edba: Camilo Duarte (PCO), C\u00edcero Lucena (MDB), Efraim Filho (PL), Lucas Ribeiro (PP), Pedro Coutinho (DC) e Yuri Ezequiel (UP)\nReprodu\u00e7\u00e3o\nOs candidatos ao governo da Para\u00edba realizaram mais um dia de campanha nesta ter\u00e7a-feira (1\u00ba) em diferentes locais. Entre os compromissos dos candidatos estiveram encontros com lideren\u00e7as pol\u00edticas, caminhadas e grava\u00e7\u00f5es.\nO primeiro turno de vota\u00e7\u00e3o ser\u00e1 em 4 de outubro. O segundo est\u00e1 marcado para o dia 25 do mesmo m\u00eas.\n\u2705 Clique aqui para seguir o canal do g1 PB no WhatsApp\nVeja, abaixo, como foi o dia de campanha de cada candidato:\nAgora no g1\nC\u00edcero Lucena (MDB)\nPela manh\u00e3, o candidato C\u00edcero Lucena cumpriu agenda de campanha fazendo grava\u00e7\u00f5es para o guia eleitoral. Em seguida, participou de reuni\u00e3o com representantes de agentes comunit\u00e1rios de sa\u00fade. No encerramento da manh\u00e3, ele tamb\u00e9m teve uma reuni\u00e3o com lideren\u00e7as municipais. \nDurante a tarde, C\u00edcero Lucena participou ainda de uma sabatina em um ve\u00edculo de comunica\u00e7\u00e3o. \nEfraim Filho (PL)\nConforme agenda oficial divulgada por Efraim Filho, o candidato participou, durante o per\u00edodo da manh\u00e3, de um encontro no Audit\u00f3rio do Sindifisco-PB, em Jo\u00e3o Pessoa. Durante o per\u00edodo da tarde e tamb\u00e9m \u00e0 noite ele cumpriu agenda em Bras\u00edlia. \nLucas Ribeiro (PP)\nO governador e candidato \u00e0 reelei\u00e7\u00e3o, Lucas Ribeiro, come\u00e7ou a agenda de campanha no per\u00edodo da manh\u00e3 em uma entrevista para um ve\u00edculo de comunica\u00e7\u00e3o. Em seguida, participou de uma agenda administrativa, assim como no in\u00edcio da tarde. \nEm seguida, Lucas Ribeiro participou de uma caminhada no bairro de Jaguaribe, em Jo\u00e3o Pessoa. Durante o per\u00edodo da noite, ele participou de uma outra caminhada, no bairro do Rangel. \nCamilo Duarte (PCO)\nO g1 entrou em contato com Camilo Duarte para saber da agenda do candidato nesta ter\u00e7a-feira (1\u00ba), mas ele n\u00e3o informou at\u00e9 a \u00faltima atualiza\u00e7\u00e3o desta reportagem. \nPedro Coutinho (DC)\nO candidato come\u00e7ou a agenda do dia participando de uma caminhada com apoiadores na orla de Intermares, Ponta de Campina e praia do Po\u00e7o, em Cabedelo. Em seguida, ainda pela manh\u00e3, ele participou de um caf\u00e9 da manh\u00e3 no Mercado P\u00fablico de Cabedelo.\nAo meio-dia, ele almo\u00e7ou com feirantes, comerciantes e apoiadores no Mercado P\u00fablico da Torre, em Jo\u00e3o Pessoa. J\u00e1 durante \u00e0 tarde, Pedro Coutinho foi recebido na sede do Sindicato dos Donos de Postos de Combust\u00edveis da Para\u00edba, pela diretoria do sindicato.\nDurante \u00e0 noite, ele esteve presente em culto evang\u00e9lico no bairro de Mana\u00edra.\nYuri Ezequiel (UP)\nO g1 entrou em contato com Yuri Ezequiel para saber da agenda do candidato nesta ter\u00e7a-feira (1\u00ba), mas ele n\u00e3o informou at\u00e9 a \u00faltima atualiza\u00e7\u00e3o desta reportagem. \nV\u00eddeos mais assistidos do g1 Para\u00edba  ","protected":false},"excerpt":{"rendered":"<p>        Candidatos ao governo da Para\u00edba: Camilo Duarte (PCO), C\u00edcero Lucena (MDB), Efraim Filho (PL), Lucas Ribeiro (PP), Pedro Coutinho (DC) e Yuri Ezequiel (UP)<br \/>\nReprodu\u00e7\u00e3o<br \/>\nOs candidatos ao governo da Para\u00edba realizaram mais um dia de campanha nesta &#8230;<\/p>\n","protected":false},"author":2,"featured_media":0,"comment_status":"closed","ping_status":"closed","sticky":false,"template":"","format":"standard","meta":{"advgb_blocks_editor_width":"","advgb_blocks_columns_visual_guide":"","footnotes":""},"categories":[34],"tags":[35],"class_list":["post-72932","post","type-post","status-publish","format-standard","hentry","category-g1","tag-g1"],"author_meta":{"display_name":"g1 &gt; Para\u00edba","author_link":"https:\/\/sindaopcpb.org.br\/author\/g1-paraiba\/"},"featured_img":null,"coauthors":[],"tax_additional":{"categories":{"linked":["<a href=\"https:\/\/sindaopcpb.org.br\/g1\/\" class=\"advgb-post-tax-term\">G1<\/a>"],"unlinked":["<span class=\"advgb-post-tax-term\">G1<\/span>"]},"tags":{"linked":["<a href=\"https:\/\/sindaopcpb.org.br\/g1\/\" class=\"advgb-post-tax-term\">g1<\/a>"],"unlinked":["<span class=\"advgb-post-tax-term\">g1<\/span>"]}},"comment_count":"0","relative_dates":{"created":"Publicado 11 horas atr\u00e1s","modified":"Atualizado 11 horas atr\u00e1s"},"absolute_dates":{"created":"Publicado em 1 de setembro de 2026","modified":"Atualizado em 1 de setembro de 2026"},"absolute_dates_time":{"created":"Publicado em 1 de setembro de 2026 19:52","modified":"Atualizado em 1 de setembro de 2026 19:52"},"featured_img_caption":"","series_order":"","_links":{"self":[{"href":"https:\/\/sindaopcpb.org.br\/index.php\/wp-json\/wp\/v2\/posts\/72932","targetHints":{"allow":["GET"]}}],"collection":[{"href":"https:\/\/sindaopcpb.org.br\/index.php\/wp-json\/wp\/v2\/posts"}],"about":[{"href":"https:\/\/sindaopcpb.org.br\/index.php\/wp-json\/wp\/v2\/types\/post"}],"author":[{"embeddable":true,"href":"https:\/\/sindaopcpb.org.br\/index.php\/wp-json\/wp\/v2\/users\/2"}],"replies":[{"embeddable":true,"href":"https:\/\/sindaopcpb.org.br\/index.php\/wp-json\/wp\/v2\/comments?post=72932"}],"version-history":[{"count":1,"href":"https:\/\/sindaopcpb.org.br\/index.php\/wp-json\/wp\/v2\/posts\/72932\/revisions"}],"predecessor-version":[{"id":72933,"href":"https:\/\/sindaopcpb.org.br\/index.php\/wp-json\/wp\/v2\/posts\/72932\/revisions\/72933"}],"wp:attachment":[{"href":"https:\/\/sindaopcpb.org.br\/index.php\/wp-json\/wp\/v2\/media?parent=72932"}],"wp:term":[{"taxonomy":"category","embeddable":true,"href":"https:\/\/sindaopcpb.org.br\/index.php\/wp-json\/wp\/v2\/categories?post=72932"},{"taxonomy":"post_tag","embeddable":true,"href":"https:\/\/sindaopcpb.org.br\/index.php\/wp-json\/wp\/v2\/tags?post=72932"}],"curies":[{"name":"wp","href":"https:\/\/api.w.org\/{rel}","templated":true}]}}