{"id":72929,"date":"2026-09-01T16:35:50","date_gmt":"2026-09-01T19:35:50","guid":{"rendered":"https:\/\/www.pbagora.com.br\/?p=968683"},"modified":"2026-09-01T16:35:50","modified_gmt":"2026-09-01T19:35:50","slug":"corpo-de-mulher-e-encontrado-dentro-de-saco-plastico-as-margens-de-rodovia-estadual-no-sertao-da-paraiba","status":"publish","type":"post","link":"https:\/\/sindaopcpb.org.br\/index.php\/2026\/09\/01\/corpo-de-mulher-e-encontrado-dentro-de-saco-plastico-as-margens-de-rodovia-estadual-no-sertao-da-paraiba\/","title":{"rendered":"Corpo de mulher \u00e9 encontrado dentro de saco pl\u00e1stico \u00e0s margens de rodovia estadual no Sert\u00e3o da Para\u00edba"},"content":{"rendered":"<p><img width=\"785\" height=\"524\" src=\"https:\/\/www.pbagora.com.br\/storage\/2026\/09\/Policia-Militar-.jpg\" class=\"attachment-large size-large wp-post-image\" alt=\"\" style=\"margin-bottom: 20px;\" decoding=\"async\" loading=\"lazy\" srcset=\"https:\/\/www.pbagora.com.br\/storage\/2026\/09\/Policia-Militar-.jpg 785w, https:\/\/www.pbagora.com.br\/storage\/2026\/09\/Policia-Militar--300x200.jpg 300w, https:\/\/www.pbagora.com.br\/storage\/2026\/09\/Policia-Militar--150x100.jpg 150w, https:\/\/www.pbagora.com.br\/storage\/2026\/09\/Policia-Militar--768x513.jpg 768w, https:\/\/www.pbagora.com.br\/storage\/2026\/09\/Policia-Militar--380x254.jpg 380w, https:\/\/www.pbagora.com.br\/storage\/2026\/09\/Policia-Militar--80x53.jpg 80w\" sizes=\"auto, (max-width: 785px) 100vw, 785px\" \/><\/p>\n<p class=\"wp-block-paragraph\">O corpo de uma mulher foi localizado na manh\u00e3 desta ter\u00e7a-feira (1\u00ba), \u00e0s margens da PB-394, entre os munic\u00edpios de Carrapateira e Nazarezinho, no Sert\u00e3o da Para\u00edba.<\/p>\n\n\n\n<p class=\"wp-block-paragraph\">Segundo a Pol\u00edcia Militar, a v\u00edtima estava parcialmente envolvida em sacos pl\u00e1sticos. A \u00e1rea foi isolada pelos policiais at\u00e9 a chegada da per\u00edcia e da autoridade respons\u00e1vel pela investiga\u00e7\u00e3o.<\/p>\n\n\n\n<p class=\"wp-block-paragraph\">O subcomandante do 6\u00ba BPM, tenente-coronel Eug\u00eanio, informou que o corpo apresentava sinais de viol\u00eancia. No entanto, conforme o policial, somente a per\u00edcia poder\u00e1 determinar as circunst\u00e2ncias da morte.<\/p>\n\n\n\n<p class=\"wp-block-paragraph\">Ainda de acordo com o subcomandante, a v\u00edtima aparentava ter entre 16 e 20 anos.<\/p>\n\n\n\n<p class=\"wp-block-paragraph\">O caso est\u00e1 sendo investigado pela Pol\u00edcia Civil.<\/p>\n\n\n\n<p class=\"wp-block-paragraph\"><\/p>\n\n\n\n<p class=\"wp-block-paragraph\"><strong><em>PB Agora<\/em><\/strong><\/p>\n","protected":false},"excerpt":{"rendered":"<p><img decoding=\"async\" width=\"785\" height=\"524\" src=\"https:\/\/www.pbagora.com.br\/storage\/2026\/09\/Policia-Militar-.jpg\" class=\"attachment-large size-large wp-post-image\" alt=\"\" loading=\"lazy\" srcset=\"https:\/\/www.pbagora.com.br\/storage\/2026\/09\/Policia-Militar-.jpg 785w, https:\/\/www.pbagora.com.br\/storage\/2026\/09\/Policia-Militar--300x200.jpg 300w, https:\/\/www.pbagora.com.br\/storage\/2026\/09\/Policia-Militar--150x100.jpg 150w, https:\/\/www.pbagora.com.br\/storage\/2026\/09\/Policia-Militar--768x513.jpg 768w, https:\/\/www.pbagora.com.br\/storage\/2026\/09\/Policia-Militar--380x254.jpg 380w, https:\/\/www.pbagora.com.br\/storage\/2026\/09\/Policia-Militar--80x53.jpg 80w\" sizes=\"auto, (max-width: 785px) 100vw, 785px\"><\/p>\n<p>O corpo de uma mulher foi localizado na manh\u00e3 desta ter\u00e7a-feira (1\u00ba), \u00e0s margens da PB-394, entre os\u2026<\/p>\n","protected":false},"author":123457,"featured_media":0,"comment_status":"closed","ping_status":"closed","sticky":false,"template":"","format":"standard","meta":{"advgb_blocks_editor_width":"","advgb_blocks_columns_visual_guide":"","footnotes":""},"categories":[34],"tags":[35,10839],"class_list":["post-72929","post","type-post","status-publish","format-standard","hentry","category-g1","tag-g1","tag-policial"],"author_meta":{"display_name":"Reda\u00e7\u00e3o","author_link":"https:\/\/sindaopcpb.org.br\/author\/redacao\/"},"featured_img":null,"coauthors":[],"tax_additional":{"categories":{"linked":["<a href=\"https:\/\/sindaopcpb.org.br\/g1\/\" class=\"advgb-post-tax-term\">G1<\/a>"],"unlinked":["<span class=\"advgb-post-tax-term\">G1<\/span>"]},"tags":{"linked":["<a href=\"https:\/\/sindaopcpb.org.br\/g1\/\" class=\"advgb-post-tax-term\">g1<\/a>","<a href=\"https:\/\/sindaopcpb.org.br\/g1\/\" class=\"advgb-post-tax-term\">Policial<\/a>"],"unlinked":["<span class=\"advgb-post-tax-term\">g1<\/span>","<span class=\"advgb-post-tax-term\">Policial<\/span>"]}},"comment_count":"0","relative_dates":{"created":"Publicado 7 horas atr\u00e1s","modified":"Atualizado 7 horas atr\u00e1s"},"absolute_dates":{"created":"Publicado em 1 de setembro de 2026","modified":"Atualizado em 1 de setembro de 2026"},"absolute_dates_time":{"created":"Publicado em 1 de setembro de 2026 16:35","modified":"Atualizado em 1 de setembro de 2026 16:35"},"featured_img_caption":"","series_order":"","_links":{"self":[{"href":"https:\/\/sindaopcpb.org.br\/index.php\/wp-json\/wp\/v2\/posts\/72929","targetHints":{"allow":["GET"]}}],"collection":[{"href":"https:\/\/sindaopcpb.org.br\/index.php\/wp-json\/wp\/v2\/posts"}],"about":[{"href":"https:\/\/sindaopcpb.org.br\/index.php\/wp-json\/wp\/v2\/types\/post"}],"author":[{"embeddable":true,"href":"https:\/\/sindaopcpb.org.br\/index.php\/wp-json\/wp\/v2\/users\/123457"}],"replies":[{"embeddable":true,"href":"https:\/\/sindaopcpb.org.br\/index.php\/wp-json\/wp\/v2\/comments?post=72929"}],"version-history":[{"count":1,"href":"https:\/\/sindaopcpb.org.br\/index.php\/wp-json\/wp\/v2\/posts\/72929\/revisions"}],"predecessor-version":[{"id":72930,"href":"https:\/\/sindaopcpb.org.br\/index.php\/wp-json\/wp\/v2\/posts\/72929\/revisions\/72930"}],"wp:attachment":[{"href":"https:\/\/sindaopcpb.org.br\/index.php\/wp-json\/wp\/v2\/media?parent=72929"}],"wp:term":[{"taxonomy":"category","embeddable":true,"href":"https:\/\/sindaopcpb.org.br\/index.php\/wp-json\/wp\/v2\/categories?post=72929"},{"taxonomy":"post_tag","embeddable":true,"href":"https:\/\/sindaopcpb.org.br\/index.php\/wp-json\/wp\/v2\/tags?post=72929"}],"curies":[{"name":"wp","href":"https:\/\/api.w.org\/{rel}","templated":true}]}}