{"id":72927,"date":"2026-09-01T19:20:15","date_gmt":"2026-09-01T22:20:15","guid":{"rendered":"https:\/\/www.pbagora.com.br\/?p=968712"},"modified":"2026-09-01T19:20:15","modified_gmt":"2026-09-01T22:20:15","slug":"em-mataraca-policia-civil-prende-dois-investigados-por-homicidio-e-ocultacao-de-cadaver","status":"publish","type":"post","link":"https:\/\/sindaopcpb.org.br\/index.php\/2026\/09\/01\/em-mataraca-policia-civil-prende-dois-investigados-por-homicidio-e-ocultacao-de-cadaver\/","title":{"rendered":"EM MATARACA: Pol\u00edcia Civil prende dois investigados por homic\u00eddio e oculta\u00e7\u00e3o de cad\u00e1ver"},"content":{"rendered":"<p><img width=\"603\" height=\"609\" src=\"https:\/\/www.pbagora.com.br\/storage\/2026\/09\/arma.png\" class=\"attachment-large size-large wp-post-image\" alt=\"\" style=\"margin-bottom: 20px;\" decoding=\"async\" loading=\"lazy\" srcset=\"https:\/\/www.pbagora.com.br\/storage\/2026\/09\/arma.png 603w, https:\/\/www.pbagora.com.br\/storage\/2026\/09\/arma-297x300.png 297w, https:\/\/www.pbagora.com.br\/storage\/2026\/09\/arma-150x150.png 150w, https:\/\/www.pbagora.com.br\/storage\/2026\/09\/arma-80x80.png 80w, https:\/\/www.pbagora.com.br\/storage\/2026\/09\/arma-110x110.png 110w, https:\/\/www.pbagora.com.br\/storage\/2026\/09\/arma-380x384.png 380w\" sizes=\"auto, (max-width: 603px) 100vw, 603px\" \/><\/p>\n<p class=\"wp-block-paragraph\">A Pol\u00edcia Civil da Para\u00edba, por meio do N\u00facleo de Homic\u00eddios e do Grupo T\u00e1tico Especial (GTE) da 7\u00aa Delegacia Seccional de Pol\u00edcia Civil, prendeu em flagrante, nesta ter\u00e7a-feira (1\u00ba), um indiv\u00edduo de 24 anos e apreendeu um adolescente de 17 anos, investigados pela pr\u00e1tica dos crimes de homic\u00eddio e oculta\u00e7\u00e3o de cad\u00e1ver contra um jovem de 21 anos, desaparecido desde o \u00faltimo dia 29 de agosto, no munic\u00edpio de Mataraca.<\/p>\n\n\n\n<p class=\"wp-block-paragraph\">Ap\u00f3s o registro do desaparecimento, as equipes policiais iniciaram dilig\u00eancias investigativas com o objetivo de localizar a v\u00edtima. Durante os trabalhos, os policiais chegaram a uma \u00e1rea de mata isolada, no S\u00edtio Manjeir\u00e3o, zona rural de Mataraca, onde localizaram os restos mortais do jovem.<\/p>\n\n\n\n<p class=\"wp-block-paragraph\">No decorrer da a\u00e7\u00e3o, as equipes tamb\u00e9m apreenderam a arma que teria sido utilizada no crime, um rev\u00f3lver calibre .32, que estava totalmente municiado. As investiga\u00e7\u00f5es apontam, inicialmente, que o homic\u00eddio pode estar relacionado ao envolvimento da v\u00edtima com grupos criminosos que atuam no tr\u00e1fico de drogas na regi\u00e3o. Segundo informa\u00e7\u00f5es levantadas durante as dilig\u00eancias, o crime teria sido motivado por um poss\u00edvel rompimento da v\u00edtima com uma organiza\u00e7\u00e3o criminosa e a aproxima\u00e7\u00e3o dele com um grupo rival. A circunst\u00e2ncia ainda ser\u00e1 aprofundada no decorrer das investiga\u00e7\u00f5es.<\/p>\n\n\n\n<p class=\"wp-block-paragraph\">Os dois conduzidos foram encaminhados \u00e0 unidade policial, onde foram realizados os procedimentos legais cab\u00edveis. As investiga\u00e7\u00f5es continuam com o objetivo de esclarecer integralmente as circunst\u00e2ncias do crime e identificar a eventual participa\u00e7\u00e3o de outras pessoas.<\/p>\n\n\n\n<p class=\"wp-block-paragraph\"><\/p>\n\n\n\n<p class=\"wp-block-paragraph\"><strong><em>Ascom \/ PCPB<\/em><\/strong><\/p>\n","protected":false},"excerpt":{"rendered":"<p><img decoding=\"async\" width=\"603\" height=\"609\" src=\"https:\/\/www.pbagora.com.br\/storage\/2026\/09\/arma.png\" class=\"attachment-large size-large wp-post-image\" alt=\"\" loading=\"lazy\" srcset=\"https:\/\/www.pbagora.com.br\/storage\/2026\/09\/arma.png 603w, https:\/\/www.pbagora.com.br\/storage\/2026\/09\/arma-297x300.png 297w, https:\/\/www.pbagora.com.br\/storage\/2026\/09\/arma-150x150.png 150w, https:\/\/www.pbagora.com.br\/storage\/2026\/09\/arma-80x80.png 80w, https:\/\/www.pbagora.com.br\/storage\/2026\/09\/arma-110x110.png 110w, https:\/\/www.pbagora.com.br\/storage\/2026\/09\/arma-380x384.png 380w\" sizes=\"auto, (max-width: 603px) 100vw, 603px\"><\/p>\n<p>A Pol\u00edcia Civil da Para\u00edba, por meio do N\u00facleo de Homic\u00eddios e do Grupo T\u00e1tico Especial (GTE) da\u2026<\/p>\n","protected":false},"author":123457,"featured_media":0,"comment_status":"closed","ping_status":"closed","sticky":false,"template":"","format":"standard","meta":{"advgb_blocks_editor_width":"","advgb_blocks_columns_visual_guide":"","footnotes":""},"categories":[34],"tags":[35,10839],"class_list":["post-72927","post","type-post","status-publish","format-standard","hentry","category-g1","tag-g1","tag-policial"],"author_meta":{"display_name":"Reda\u00e7\u00e3o","author_link":"https:\/\/sindaopcpb.org.br\/author\/redacao\/"},"featured_img":null,"coauthors":[],"tax_additional":{"categories":{"linked":["<a href=\"https:\/\/sindaopcpb.org.br\/g1\/\" class=\"advgb-post-tax-term\">G1<\/a>"],"unlinked":["<span class=\"advgb-post-tax-term\">G1<\/span>"]},"tags":{"linked":["<a href=\"https:\/\/sindaopcpb.org.br\/g1\/\" class=\"advgb-post-tax-term\">g1<\/a>","<a href=\"https:\/\/sindaopcpb.org.br\/g1\/\" class=\"advgb-post-tax-term\">Policial<\/a>"],"unlinked":["<span class=\"advgb-post-tax-term\">g1<\/span>","<span class=\"advgb-post-tax-term\">Policial<\/span>"]}},"comment_count":"0","relative_dates":{"created":"Publicado 4 horas atr\u00e1s","modified":"Atualizado 4 horas atr\u00e1s"},"absolute_dates":{"created":"Publicado em 1 de setembro de 2026","modified":"Atualizado em 1 de setembro de 2026"},"absolute_dates_time":{"created":"Publicado em 1 de setembro de 2026 19:20","modified":"Atualizado em 1 de setembro de 2026 19:20"},"featured_img_caption":"","series_order":"","_links":{"self":[{"href":"https:\/\/sindaopcpb.org.br\/index.php\/wp-json\/wp\/v2\/posts\/72927","targetHints":{"allow":["GET"]}}],"collection":[{"href":"https:\/\/sindaopcpb.org.br\/index.php\/wp-json\/wp\/v2\/posts"}],"about":[{"href":"https:\/\/sindaopcpb.org.br\/index.php\/wp-json\/wp\/v2\/types\/post"}],"author":[{"embeddable":true,"href":"https:\/\/sindaopcpb.org.br\/index.php\/wp-json\/wp\/v2\/users\/123457"}],"replies":[{"embeddable":true,"href":"https:\/\/sindaopcpb.org.br\/index.php\/wp-json\/wp\/v2\/comments?post=72927"}],"version-history":[{"count":1,"href":"https:\/\/sindaopcpb.org.br\/index.php\/wp-json\/wp\/v2\/posts\/72927\/revisions"}],"predecessor-version":[{"id":72928,"href":"https:\/\/sindaopcpb.org.br\/index.php\/wp-json\/wp\/v2\/posts\/72927\/revisions\/72928"}],"wp:attachment":[{"href":"https:\/\/sindaopcpb.org.br\/index.php\/wp-json\/wp\/v2\/media?parent=72927"}],"wp:term":[{"taxonomy":"category","embeddable":true,"href":"https:\/\/sindaopcpb.org.br\/index.php\/wp-json\/wp\/v2\/categories?post=72927"},{"taxonomy":"post_tag","embeddable":true,"href":"https:\/\/sindaopcpb.org.br\/index.php\/wp-json\/wp\/v2\/tags?post=72927"}],"curies":[{"name":"wp","href":"https:\/\/api.w.org\/{rel}","templated":true}]}}