{"id":72923,"date":"2026-09-01T19:30:01","date_gmt":"2026-09-01T22:30:01","guid":{"rendered":"https:\/\/www.pbagora.com.br\/?p=968679"},"modified":"2026-09-01T19:30:01","modified_gmt":"2026-09-01T22:30:01","slug":"mais-de-320-condutores-foram-flagrados-pela-operacao-lei-seca-no-mes-de-agosto-na-paraiba","status":"publish","type":"post","link":"https:\/\/sindaopcpb.org.br\/index.php\/2026\/09\/01\/mais-de-320-condutores-foram-flagrados-pela-operacao-lei-seca-no-mes-de-agosto-na-paraiba\/","title":{"rendered":"Mais de 320 condutores foram flagrados pela Opera\u00e7\u00e3o Lei Seca no m\u00eas de agosto na Para\u00edba"},"content":{"rendered":"<p><img width=\"1024\" height=\"768\" src=\"https:\/\/www.pbagora.com.br\/storage\/2021\/09\/lei-seca-na-pb-1024x768.jpg\" class=\"attachment-large size-large wp-post-image\" alt=\"\" style=\"margin-bottom: 20px;\" decoding=\"async\" srcset=\"https:\/\/www.pbagora.com.br\/storage\/2021\/09\/lei-seca-na-pb-1024x768.jpg 1024w, https:\/\/www.pbagora.com.br\/storage\/2021\/09\/lei-seca-na-pb-300x225.jpg 300w, https:\/\/www.pbagora.com.br\/storage\/2021\/09\/lei-seca-na-pb-150x113.jpg 150w, https:\/\/www.pbagora.com.br\/storage\/2021\/09\/lei-seca-na-pb-768x576.jpg 768w, https:\/\/www.pbagora.com.br\/storage\/2021\/09\/lei-seca-na-pb-200x150.jpg 200w, https:\/\/www.pbagora.com.br\/storage\/2021\/09\/lei-seca-na-pb-260x195.jpg 260w, https:\/\/www.pbagora.com.br\/storage\/2021\/09\/lei-seca-na-pb-380x285.jpg 380w, https:\/\/www.pbagora.com.br\/storage\/2021\/09\/lei-seca-na-pb-800x600.jpg 800w, https:\/\/www.pbagora.com.br\/storage\/2021\/09\/lei-seca-na-pb-1160x870.jpg 1160w, https:\/\/www.pbagora.com.br\/storage\/2021\/09\/lei-seca-na-pb-80x60.jpg 80w, https:\/\/www.pbagora.com.br\/storage\/2021\/09\/lei-seca-na-pb-600x450.jpg 600w, https:\/\/www.pbagora.com.br\/storage\/2021\/09\/lei-seca-na-pb-520x390.jpg 520w, https:\/\/www.pbagora.com.br\/storage\/2021\/09\/lei-seca-na-pb-760x570.jpg 760w, https:\/\/www.pbagora.com.br\/storage\/2021\/09\/lei-seca-na-pb.jpg 1280w\" sizes=\"(max-width: 1024px) 100vw, 1024px\" \/><\/p>\n<p class=\"wp-block-paragraph\">O Departamento Estadual de Tr\u00e2nsito da Para\u00edba (Detran-PB), por meio da Opera\u00e7\u00e3o Lei Seca, abordou 1.537 condutores, durante blitzes realizadas no m\u00eas de agosto. O total de autos de infra\u00e7\u00e3o foi de 324, sendo 140 flagrados dirigindo sob influ\u00eancia de \u00e1lcool e 184 motoristas enquadrados por outras infra\u00e7\u00f5es ao C\u00f3digo de Tr\u00e2nsito Brasileiro (CTB).<\/p>\n\n\n\n<p class=\"wp-block-paragraph\">As opera\u00e7\u00f5es foram realizadas nas principais avenidas de Jo\u00e3o Pessoa, a exemplo da Edson Ramalho, Epit\u00e1cio Pessoa, Nossa Senhora dos Navegantes, Via Expressa Padre Z\u00e9, Hilton Souto Maior, Governador Fl\u00e1vio Ribeiro Coutinho, Cabo Branco, Ministro Jos\u00e9 Am\u00e9rico de Almeida, Augusto Belmont, Severina Fons\u00eaca, Bacharel Jos\u00e9 Oliveira Curchatuz, bem como na cidade de Campina Grande.<\/p>\n\n\n\n<p class=\"wp-block-paragraph\">De acordo com o relat\u00f3rio, foram realizados 1.517 testes de etil\u00f4metro (baf\u00f4metro), que resultaram na remo\u00e7\u00e3o de 34 ve\u00edculos aos p\u00e1tios do \u00f3rg\u00e3o, al\u00e9m da condu\u00e7\u00e3o de 5 motoristas \u00e0 delegacia. Os agentes respons\u00e1veis pelas a\u00e7\u00f5es atuaram nas fiscaliza\u00e7\u00f5es com o aux\u00edlio de etil\u00f4metros, talon\u00e1rios eletr\u00f4nicos, redutores de velocidade m\u00f3veis, camas de faquir, cones de sinaliza\u00e7\u00e3o e barreiras de sinaliza\u00e7\u00e3o retr\u00e1til.<\/p>\n\n\n\n<p class=\"wp-block-paragraph\">Segundo o coordenador de Policiamento do Detran-PB, coronel Valterlins Dutra, as fiscaliza\u00e7\u00f5es est\u00e3o sendo interiorizadas, ampliadas e intensificadas, com o objetivo de continuar coibindo os abusos praticados por muitos condutores que ainda insistem em desobedecer \u00e0s leis de tr\u00e2nsito, principalmente ao que se refere \u00e0s infra\u00e7\u00f5es relacionadas \u00e0 embriaguez ao volante.<\/p>\n\n\n\n<p class=\"wp-block-paragraph\">O CTB prev\u00ea que os condutores de ve\u00edculos flagrados sob efeito de \u00e1lcool est\u00e3o sujeitos \u00e0 multa no valor de R$2.934,70 e podem responder a processo administrativo de suspens\u00e3o do direito de dirigir por um ano. Em caso de reincid\u00eancia, ser\u00e1 cobrado o dobro do valor da multa e o infrator poder\u00e1 responder por processo de cassa\u00e7\u00e3o da Carteira Nacional de Habilita\u00e7\u00e3o (CNH).<\/p>\n\n\n\n<p class=\"wp-block-paragraph\"><\/p>\n\n\n\n<p class=\"wp-block-paragraph\"><strong><em>Secom-JP<\/em><\/strong><\/p>\n","protected":false},"excerpt":{"rendered":"<p><img loading=\"lazy\" decoding=\"async\" width=\"1024\" height=\"768\" src=\"https:\/\/www.pbagora.com.br\/storage\/2021\/09\/lei-seca-na-pb-1024x768.jpg\" class=\"attachment-large size-large wp-post-image\" alt=\"\" srcset=\"https:\/\/www.pbagora.com.br\/storage\/2021\/09\/lei-seca-na-pb-1024x768.jpg 1024w, https:\/\/www.pbagora.com.br\/storage\/2021\/09\/lei-seca-na-pb-300x225.jpg 300w, https:\/\/www.pbagora.com.br\/storage\/2021\/09\/lei-seca-na-pb-150x113.jpg 150w, https:\/\/www.pbagora.com.br\/storage\/2021\/09\/lei-seca-na-pb-768x576.jpg 768w, https:\/\/www.pbagora.com.br\/storage\/2021\/09\/lei-seca-na-pb-200x150.jpg 200w, https:\/\/www.pbagora.com.br\/storage\/2021\/09\/lei-seca-na-pb-260x195.jpg 260w, https:\/\/www.pbagora.com.br\/storage\/2021\/09\/lei-seca-na-pb-380x285.jpg 380w, https:\/\/www.pbagora.com.br\/storage\/2021\/09\/lei-seca-na-pb-800x600.jpg 800w, https:\/\/www.pbagora.com.br\/storage\/2021\/09\/lei-seca-na-pb-1160x870.jpg 1160w, https:\/\/www.pbagora.com.br\/storage\/2021\/09\/lei-seca-na-pb-80x60.jpg 80w, https:\/\/www.pbagora.com.br\/storage\/2021\/09\/lei-seca-na-pb-600x450.jpg 600w, https:\/\/www.pbagora.com.br\/storage\/2021\/09\/lei-seca-na-pb-520x390.jpg 520w, https:\/\/www.pbagora.com.br\/storage\/2021\/09\/lei-seca-na-pb-760x570.jpg 760w, https:\/\/www.pbagora.com.br\/storage\/2021\/09\/lei-seca-na-pb.jpg 1280w\" sizes=\"auto, (max-width: 1024px) 100vw, 1024px\"><\/p>\n<p>O Departamento Estadual de Tr\u00e2nsito da Para\u00edba (Detran-PB), por meio da Opera\u00e7\u00e3o Lei Seca, abordou 1.537 condutores, durante\u2026<\/p>\n","protected":false},"author":123457,"featured_media":0,"comment_status":"closed","ping_status":"closed","sticky":false,"template":"","format":"standard","meta":{"advgb_blocks_editor_width":"","advgb_blocks_columns_visual_guide":"","footnotes":""},"categories":[34],"tags":[10840,35,10839],"class_list":["post-72923","post","type-post","status-publish","format-standard","hentry","category-g1","tag-destaque-centro-03","tag-g1","tag-policial"],"author_meta":{"display_name":"Reda\u00e7\u00e3o","author_link":"https:\/\/sindaopcpb.org.br\/author\/redacao\/"},"featured_img":null,"coauthors":[],"tax_additional":{"categories":{"linked":["<a href=\"https:\/\/sindaopcpb.org.br\/g1\/\" class=\"advgb-post-tax-term\">G1<\/a>"],"unlinked":["<span class=\"advgb-post-tax-term\">G1<\/span>"]},"tags":{"linked":["<a href=\"https:\/\/sindaopcpb.org.br\/g1\/\" class=\"advgb-post-tax-term\">Destaque Centro 03<\/a>","<a href=\"https:\/\/sindaopcpb.org.br\/g1\/\" class=\"advgb-post-tax-term\">g1<\/a>","<a href=\"https:\/\/sindaopcpb.org.br\/g1\/\" class=\"advgb-post-tax-term\">Policial<\/a>"],"unlinked":["<span class=\"advgb-post-tax-term\">Destaque Centro 03<\/span>","<span class=\"advgb-post-tax-term\">g1<\/span>","<span class=\"advgb-post-tax-term\">Policial<\/span>"]}},"comment_count":"0","relative_dates":{"created":"Publicado 4 horas atr\u00e1s","modified":"Atualizado 4 horas atr\u00e1s"},"absolute_dates":{"created":"Publicado em 1 de setembro de 2026","modified":"Atualizado em 1 de setembro de 2026"},"absolute_dates_time":{"created":"Publicado em 1 de setembro de 2026 19:30","modified":"Atualizado em 1 de setembro de 2026 19:30"},"featured_img_caption":"","series_order":"","_links":{"self":[{"href":"https:\/\/sindaopcpb.org.br\/index.php\/wp-json\/wp\/v2\/posts\/72923","targetHints":{"allow":["GET"]}}],"collection":[{"href":"https:\/\/sindaopcpb.org.br\/index.php\/wp-json\/wp\/v2\/posts"}],"about":[{"href":"https:\/\/sindaopcpb.org.br\/index.php\/wp-json\/wp\/v2\/types\/post"}],"author":[{"embeddable":true,"href":"https:\/\/sindaopcpb.org.br\/index.php\/wp-json\/wp\/v2\/users\/123457"}],"replies":[{"embeddable":true,"href":"https:\/\/sindaopcpb.org.br\/index.php\/wp-json\/wp\/v2\/comments?post=72923"}],"version-history":[{"count":1,"href":"https:\/\/sindaopcpb.org.br\/index.php\/wp-json\/wp\/v2\/posts\/72923\/revisions"}],"predecessor-version":[{"id":72924,"href":"https:\/\/sindaopcpb.org.br\/index.php\/wp-json\/wp\/v2\/posts\/72923\/revisions\/72924"}],"wp:attachment":[{"href":"https:\/\/sindaopcpb.org.br\/index.php\/wp-json\/wp\/v2\/media?parent=72923"}],"wp:term":[{"taxonomy":"category","embeddable":true,"href":"https:\/\/sindaopcpb.org.br\/index.php\/wp-json\/wp\/v2\/categories?post=72923"},{"taxonomy":"post_tag","embeddable":true,"href":"https:\/\/sindaopcpb.org.br\/index.php\/wp-json\/wp\/v2\/tags?post=72923"}],"curies":[{"name":"wp","href":"https:\/\/api.w.org\/{rel}","templated":true}]}}