{"id":72912,"date":"2026-09-01T12:00:48","date_gmt":"2026-09-01T15:00:48","guid":{"rendered":"https:\/\/www.pbagora.com.br\/?p=968615"},"modified":"2026-09-01T12:00:48","modified_gmt":"2026-09-01T15:00:48","slug":"policia-instaura-inquerito-para-apurar-maus-tratos-contra-cachorro-no-sertao","status":"publish","type":"post","link":"https:\/\/sindaopcpb.org.br\/index.php\/2026\/09\/01\/policia-instaura-inquerito-para-apurar-maus-tratos-contra-cachorro-no-sertao\/","title":{"rendered":"Pol\u00edcia instaura inqu\u00e9rito para apurar maus-tratos contra cachorro no Sert\u00e3o"},"content":{"rendered":"<p><img width=\"984\" height=\"656\" src=\"https:\/\/www.pbagora.com.br\/storage\/2026\/01\/POPLIC.avif\" class=\"attachment-large size-large wp-post-image\" alt=\"\" style=\"margin-bottom: 20px;\" decoding=\"async\" loading=\"lazy\" srcset=\"https:\/\/www.pbagora.com.br\/storage\/2026\/01\/POPLIC.avif 984w, https:\/\/www.pbagora.com.br\/storage\/2026\/01\/POPLIC-300x200.avif 300w, https:\/\/www.pbagora.com.br\/storage\/2026\/01\/POPLIC-150x100.avif 150w, https:\/\/www.pbagora.com.br\/storage\/2026\/01\/POPLIC-768x512.avif 768w, https:\/\/www.pbagora.com.br\/storage\/2026\/01\/POPLIC-380x253.avif 380w, https:\/\/www.pbagora.com.br\/storage\/2026\/01\/POPLIC-800x533.avif 800w, https:\/\/www.pbagora.com.br\/storage\/2026\/01\/POPLIC-80x53.avif 80w, https:\/\/www.pbagora.com.br\/storage\/2026\/01\/POPLIC-760x507.avif 760w, https:\/\/www.pbagora.com.br\/storage\/2026\/01\/POPLIC-600x400.avif 600w\" sizes=\"auto, (max-width: 984px) 100vw, 984px\" \/><\/p>\n<p class=\"wp-block-paragraph\">A Pol\u00edcia Civil da Para\u00edba, por meio da 18\u00aa Delegacia Seccional de Pol\u00edcia Civil (DSPC), instaurou inqu\u00e9rito policial para apurar uma den\u00fancia de maus-tratos contra um cachorro no munic\u00edpio de Paulista, no Sert\u00e3o paraibano. As informa\u00e7\u00f5es sobre o caso chegaram \u00e0 Pol\u00edcia Civil por meio das redes sociais, no \u00faltimo s\u00e1bado (29), relatando que um casal estaria conduzindo uma motocicleta e puxando o animal pelo pesco\u00e7o, preso a uma coleira, pelas ruas da cidade.<\/p>\n\n\n\n<p class=\"wp-block-paragraph\">Ap\u00f3s tomar conhecimento do fato, a equipe policial iniciou imediatamente as dilig\u00eancias com o objetivo de localizar os envolvidos. No entanto, os suspeitos n\u00e3o foram encontrados no dia da ocorr\u00eancia. Na segunda-feira (31), o casal compareceu \u00e0 unidade policial acompanhado de um advogado e foi interrogado pelo delegado respons\u00e1vel pela investiga\u00e7\u00e3o. Paralelamente, os investigadores realizaram novas dilig\u00eancias para reunir informa\u00e7\u00f5es e elementos que possam contribuir para o esclarecimento dos fatos.<\/p>\n\n\n\n<p class=\"wp-block-paragraph\">O inqu\u00e9rito policial permanece em andamento e, nos pr\u00f3ximos dias, dever\u00e1 ser conclu\u00eddo pelo delegado respons\u00e1vel, ap\u00f3s a an\u00e1lise de todos os elementos reunidos durante a investiga\u00e7\u00e3o.<\/p>\n\n\n\n<p class=\"wp-block-paragraph\"><strong><em>PB Agora<\/em><\/strong><\/p>\n","protected":false},"excerpt":{"rendered":"<p><img decoding=\"async\" width=\"984\" height=\"656\" src=\"https:\/\/www.pbagora.com.br\/storage\/2026\/01\/POPLIC.avif\" class=\"attachment-large size-large wp-post-image\" alt=\"\" loading=\"lazy\" srcset=\"https:\/\/www.pbagora.com.br\/storage\/2026\/01\/POPLIC.avif 984w, https:\/\/www.pbagora.com.br\/storage\/2026\/01\/POPLIC-300x200.avif 300w, https:\/\/www.pbagora.com.br\/storage\/2026\/01\/POPLIC-150x100.avif 150w, https:\/\/www.pbagora.com.br\/storage\/2026\/01\/POPLIC-768x512.avif 768w, https:\/\/www.pbagora.com.br\/storage\/2026\/01\/POPLIC-380x253.avif 380w, https:\/\/www.pbagora.com.br\/storage\/2026\/01\/POPLIC-800x533.avif 800w, https:\/\/www.pbagora.com.br\/storage\/2026\/01\/POPLIC-80x53.avif 80w, https:\/\/www.pbagora.com.br\/storage\/2026\/01\/POPLIC-760x507.avif 760w, https:\/\/www.pbagora.com.br\/storage\/2026\/01\/POPLIC-600x400.avif 600w\" sizes=\"auto, (max-width: 984px) 100vw, 984px\"><\/p>\n<p>A Pol\u00edcia Civil da Para\u00edba, por meio da 18\u00aa Delegacia Seccional de Pol\u00edcia Civil (DSPC), instaurou inqu\u00e9rito policial\u2026<\/p>\n","protected":false},"author":123457,"featured_media":0,"comment_status":"closed","ping_status":"closed","sticky":false,"template":"","format":"standard","meta":{"advgb_blocks_editor_width":"","advgb_blocks_columns_visual_guide":"","footnotes":""},"categories":[34],"tags":[35,10839,10842],"class_list":["post-72912","post","type-post","status-publish","format-standard","hentry","category-g1","tag-g1","tag-policial","tag-principal3"],"author_meta":{"display_name":"Reda\u00e7\u00e3o","author_link":"https:\/\/sindaopcpb.org.br\/author\/redacao\/"},"featured_img":null,"coauthors":[],"tax_additional":{"categories":{"linked":["<a href=\"https:\/\/sindaopcpb.org.br\/g1\/\" class=\"advgb-post-tax-term\">G1<\/a>"],"unlinked":["<span class=\"advgb-post-tax-term\">G1<\/span>"]},"tags":{"linked":["<a href=\"https:\/\/sindaopcpb.org.br\/g1\/\" class=\"advgb-post-tax-term\">g1<\/a>","<a href=\"https:\/\/sindaopcpb.org.br\/g1\/\" class=\"advgb-post-tax-term\">Policial<\/a>","<a href=\"https:\/\/sindaopcpb.org.br\/g1\/\" class=\"advgb-post-tax-term\">Principal3<\/a>"],"unlinked":["<span class=\"advgb-post-tax-term\">g1<\/span>","<span class=\"advgb-post-tax-term\">Policial<\/span>","<span class=\"advgb-post-tax-term\">Principal3<\/span>"]}},"comment_count":"0","relative_dates":{"created":"Publicado 5 horas atr\u00e1s","modified":"Atualizado 5 horas atr\u00e1s"},"absolute_dates":{"created":"Publicado em 1 de setembro de 2026","modified":"Atualizado em 1 de setembro de 2026"},"absolute_dates_time":{"created":"Publicado em 1 de setembro de 2026 12:00","modified":"Atualizado em 1 de setembro de 2026 12:00"},"featured_img_caption":"","series_order":"","_links":{"self":[{"href":"https:\/\/sindaopcpb.org.br\/index.php\/wp-json\/wp\/v2\/posts\/72912","targetHints":{"allow":["GET"]}}],"collection":[{"href":"https:\/\/sindaopcpb.org.br\/index.php\/wp-json\/wp\/v2\/posts"}],"about":[{"href":"https:\/\/sindaopcpb.org.br\/index.php\/wp-json\/wp\/v2\/types\/post"}],"author":[{"embeddable":true,"href":"https:\/\/sindaopcpb.org.br\/index.php\/wp-json\/wp\/v2\/users\/123457"}],"replies":[{"embeddable":true,"href":"https:\/\/sindaopcpb.org.br\/index.php\/wp-json\/wp\/v2\/comments?post=72912"}],"version-history":[{"count":1,"href":"https:\/\/sindaopcpb.org.br\/index.php\/wp-json\/wp\/v2\/posts\/72912\/revisions"}],"predecessor-version":[{"id":72913,"href":"https:\/\/sindaopcpb.org.br\/index.php\/wp-json\/wp\/v2\/posts\/72912\/revisions\/72913"}],"wp:attachment":[{"href":"https:\/\/sindaopcpb.org.br\/index.php\/wp-json\/wp\/v2\/media?parent=72912"}],"wp:term":[{"taxonomy":"category","embeddable":true,"href":"https:\/\/sindaopcpb.org.br\/index.php\/wp-json\/wp\/v2\/categories?post=72912"},{"taxonomy":"post_tag","embeddable":true,"href":"https:\/\/sindaopcpb.org.br\/index.php\/wp-json\/wp\/v2\/tags?post=72912"}],"curies":[{"name":"wp","href":"https:\/\/api.w.org\/{rel}","templated":true}]}}