{"id":72899,"date":"2026-09-01T10:15:32","date_gmt":"2026-09-01T13:15:32","guid":{"rendered":"https:\/\/www.pbagora.com.br\/?p=968600"},"modified":"2026-09-01T12:23:15","modified_gmt":"2026-09-01T15:23:15","slug":"mppb-pede-banimento-de-duas-organizadas-do-botafogo-pb-e-indenizacao-de-r-2-milhoes","status":"publish","type":"post","link":"https:\/\/sindaopcpb.org.br\/index.php\/2026\/09\/01\/mppb-pede-banimento-de-duas-organizadas-do-botafogo-pb-e-indenizacao-de-r-2-milhoes\/","title":{"rendered":"MPPB pede banimento de duas organizadas do Botafogo-PB e indeniza\u00e7\u00e3o de R$ 2 milh\u00f5es"},"content":{"rendered":"<p><img width=\"730\" height=\"450\" src=\"https:\/\/www.pbagora.com.br\/storage\/2026\/09\/image-2.png\" class=\"attachment-large size-large wp-post-image\" alt=\"\" style=\"margin-bottom: 20px;\" decoding=\"async\" loading=\"lazy\" srcset=\"https:\/\/www.pbagora.com.br\/storage\/2026\/09\/image-2.png 730w, https:\/\/www.pbagora.com.br\/storage\/2026\/09\/image-2-150x92.png 150w, https:\/\/www.pbagora.com.br\/storage\/2026\/09\/image-2-300x185.png 300w, https:\/\/www.pbagora.com.br\/storage\/2026\/09\/image-2-380x234.png 380w, https:\/\/www.pbagora.com.br\/storage\/2026\/09\/image-2-80x50.png 80w\" sizes=\"auto, (max-width: 730px) 100vw, 730px\" \/><\/p>\n<p class=\"wp-block-paragraph\">O Minist\u00e9rio P\u00fablico da Para\u00edba (MPPB), por meio do N\u00facleo do Desporto e Defesa do Torcedor (Nudetor) e do MP-Procon, ajuizou uma a\u00e7\u00e3o civil p\u00fablica contra a Torcida Jovem do Botafogo (TJB) e a Torcida F\u00faria Independente do Botafogo (TFIB), requerendo que as duas organizadas e seus associados e membros envolvidos em atos de viol\u00eancia sejam impedidos de frequentar eventos esportivos pelo prazo de at\u00e9 cinco anos, em todo o territ\u00f3rio nacional.<\/p>\n\n\n\n<p class=\"wp-block-paragraph\">A A\u00e7\u00e3o n\u00famero 0863900-33.2026.8.15.2001 \u00e9 assinada pelo coordenador do Nudetor, promotor Jos\u00e9 Leonardo Pinto, e pelo diretor-geral do MP-Procon, promotor Bergson Formiga, e foi distribu\u00edda para o Ju\u00edzo da 9\u00aa Vara C\u00edvel de Jo\u00e3o Pessoa.<\/p>\n\n\n\n<p class=\"wp-block-paragraph\">Em car\u00e1ter liminar, o MPPB requer a proibi\u00e7\u00e3o imediata da presen\u00e7a das torcidas e dos integrantes envolvidos em il\u00edcitos em eventos esportivos at\u00e9 o julgamento definitivo da a\u00e7\u00e3o. O pedido tamb\u00e9m inclui a proibi\u00e7\u00e3o do uso ou exibi\u00e7\u00e3o de s\u00edmbolos, uniformes, bandeiras, faixas e outros elementos que identifiquem as organizadas, sob pena de multa di\u00e1ria de R$ 50 mil em caso de descumprimento.<\/p>\n\n\n\n<p class=\"wp-block-paragraph\">Conforme explicou o coordenador do Nudetor, a propositura da a\u00e7\u00e3o requerendo o banimento das duas torcidas \u00e9 uma medida que obteve o apoio un\u00e2nime de todos os \u00f3rg\u00e3os de seguran\u00e7a p\u00fablica. \u201cA exclus\u00e3o dessas duas torcidas notoriamente envolvidas em epis\u00f3dios de viol\u00eancia atende o clamor da sociedade que deseja acompanhar os jogos num ambiente de maior seguran\u00e7a, imposs\u00edvel com a presen\u00e7a ostensiva dessas duas torcidas. Todas as demais torcidas do Belo n\u00e3o registram qualquer envolvimento nesses atos, n\u00e3o coadunam com essa conduta que n\u00e3o representa os valores do clube e de sua grande torcida. Essas torcidas t\u00eam e continuar\u00e3o a ter todo o suporte, aten\u00e7\u00e3o e orienta\u00e7\u00e3o dos \u00f3rg\u00e3os de seguran\u00e7a porque a presen\u00e7a delas faz parte da experi\u00eancia de um jogo de futebol e da cultura e paz nos est\u00e1dios\u201d, disse.<\/p>\n\n\n\n<p class=\"wp-block-paragraph\">Hist\u00f3rico de viol\u00eancia reiterada<\/p>\n\n\n\n<p class=\"wp-block-paragraph\">A a\u00e7\u00e3o destaca a exist\u00eancia de, pelo menos, 17 epis\u00f3dios documentados de viol\u00eancia, vandalismo e criminalidade envolvendo integrantes das duas torcidas entre 2023 e 2026. Os registros incluem confrontos, emboscadas, agress\u00f5es, depreda\u00e7\u00f5es, ataques a agentes de seguran\u00e7a e apreens\u00e3o de armas e artefatos explosivos. O MPPB aponta ainda que alguns epis\u00f3dios ocorreram em partidas que sequer envolviam o Botafogo-PB.<\/p>\n\n\n\n<p class=\"wp-block-paragraph\">Segundo o Minist\u00e9rio P\u00fablico, medidas administrativas e pedag\u00f3gicas adotadas anteriormente n\u00e3o impediram a reincid\u00eancia. Em agosto de 2023, foram firmados Termos de Ajustamento de Conduta (TACs) com as torcidas, estabelecendo, entre outras obriga\u00e7\u00f5es, o cadastramento dos integrantes no Sistema de Apoio ao Cidad\u00e3o (SAC) e a proibi\u00e7\u00e3o de promover ou incitar atos de viol\u00eancia. Entretanto, as torcidas organizadas descumprem de forma sistem\u00e1tica o dever de manter seus dados atualizados bem como a proibi\u00e7\u00e3o da viol\u00eancia.<\/p>\n\n\n\n<p class=\"wp-block-paragraph\">Em junho deste ano, ap\u00f3s uma nova ocorr\u00eancia de viol\u00eancia durante Botafogo-PB contra o Volta Redonda, no Est\u00e1dio Almeid\u00e3o, o Nudetor suspendeu as duas torcidas por dois jogos. Ap\u00f3s novo epis\u00f3dio no confronto contra o Confian\u00e7a-SE, em 12 de julho, a suspens\u00e3o foi prorrogada por mais dois jogos e foi proibida a concentra\u00e7\u00e3o de integrantes das organizadas em um raio de cinco quil\u00f4metros do est\u00e1dio.<\/p>\n\n\n\n<p class=\"wp-block-paragraph\">Para o MPPB, a reincid\u00eancia demonstra o esgotamento das medidas administrativas e justifica a aplica\u00e7\u00e3o da restri\u00e7\u00e3o prevista no artigo 183, par\u00e1grafo 2\u00ba, da Lei Geral do Esporte, que permite impedir torcidas organizadas e seus associados ou membros de comparecerem a eventos esportivos por at\u00e9 cinco anos.<\/p>\n\n\n\n<p class=\"wp-block-paragraph\">Al\u00e9m do banimento, o Minist\u00e9rio P\u00fablico pede a condena\u00e7\u00e3o das duas torcidas ao pagamento de indeniza\u00e7\u00e3o por danos morais coletivos aos consumidores de esporte, em valor n\u00e3o inferior a R$ 2 milh\u00f5es, sendo R$ 1 milh\u00e3o para cada organizada. O valor dever\u00e1 ser revertido ao Fundo Estadual de Prote\u00e7\u00e3o ao Consumidor (MP-Procon).<\/p>\n\n\n\n<p class=\"wp-block-paragraph\"><em><strong>PB Agora com MPPB<\/strong><\/em><\/p>\n","protected":false},"excerpt":{"rendered":"<p><img decoding=\"async\" width=\"730\" height=\"450\" src=\"https:\/\/www.pbagora.com.br\/storage\/2026\/09\/image-2.png\" class=\"attachment-large size-large wp-post-image\" alt=\"\" loading=\"lazy\" srcset=\"https:\/\/www.pbagora.com.br\/storage\/2026\/09\/image-2.png 730w, https:\/\/www.pbagora.com.br\/storage\/2026\/09\/image-2-150x92.png 150w, https:\/\/www.pbagora.com.br\/storage\/2026\/09\/image-2-300x185.png 300w, https:\/\/www.pbagora.com.br\/storage\/2026\/09\/image-2-380x234.png 380w, https:\/\/www.pbagora.com.br\/storage\/2026\/09\/image-2-80x50.png 80w\" sizes=\"auto, (max-width: 730px) 100vw, 730px\"><\/p>\n<p>O Minist\u00e9rio P\u00fablico da Para\u00edba (MPPB), por meio do N\u00facleo do Desporto e Defesa do Torcedor (Nudetor) e\u2026<\/p>\n","protected":false},"author":123457,"featured_media":0,"comment_status":"closed","ping_status":"closed","sticky":false,"template":"","format":"standard","meta":{"advgb_blocks_editor_width":"","advgb_blocks_columns_visual_guide":"","footnotes":""},"categories":[34],"tags":[10845,35,10839],"class_list":["post-72899","post","type-post","status-publish","format-standard","hentry","category-g1","tag-destaque-centro-01","tag-g1","tag-policial"],"author_meta":{"display_name":"Reda\u00e7\u00e3o","author_link":"https:\/\/sindaopcpb.org.br\/author\/redacao\/"},"featured_img":null,"coauthors":[],"tax_additional":{"categories":{"linked":["<a href=\"https:\/\/sindaopcpb.org.br\/g1\/\" class=\"advgb-post-tax-term\">G1<\/a>"],"unlinked":["<span class=\"advgb-post-tax-term\">G1<\/span>"]},"tags":{"linked":["<a href=\"https:\/\/sindaopcpb.org.br\/g1\/\" class=\"advgb-post-tax-term\">Destaque Centro 01<\/a>","<a href=\"https:\/\/sindaopcpb.org.br\/g1\/\" class=\"advgb-post-tax-term\">g1<\/a>","<a href=\"https:\/\/sindaopcpb.org.br\/g1\/\" class=\"advgb-post-tax-term\">Policial<\/a>"],"unlinked":["<span class=\"advgb-post-tax-term\">Destaque Centro 01<\/span>","<span class=\"advgb-post-tax-term\">g1<\/span>","<span class=\"advgb-post-tax-term\">Policial<\/span>"]}},"comment_count":"0","relative_dates":{"created":"Publicado 5 horas atr\u00e1s","modified":"Atualizado 3 horas atr\u00e1s"},"absolute_dates":{"created":"Publicado em 1 de setembro de 2026","modified":"Atualizado em 1 de setembro de 2026"},"absolute_dates_time":{"created":"Publicado em 1 de setembro de 2026 10:15","modified":"Atualizado em 1 de setembro de 2026 12:23"},"featured_img_caption":"","series_order":"","_links":{"self":[{"href":"https:\/\/sindaopcpb.org.br\/index.php\/wp-json\/wp\/v2\/posts\/72899","targetHints":{"allow":["GET"]}}],"collection":[{"href":"https:\/\/sindaopcpb.org.br\/index.php\/wp-json\/wp\/v2\/posts"}],"about":[{"href":"https:\/\/sindaopcpb.org.br\/index.php\/wp-json\/wp\/v2\/types\/post"}],"author":[{"embeddable":true,"href":"https:\/\/sindaopcpb.org.br\/index.php\/wp-json\/wp\/v2\/users\/123457"}],"replies":[{"embeddable":true,"href":"https:\/\/sindaopcpb.org.br\/index.php\/wp-json\/wp\/v2\/comments?post=72899"}],"version-history":[{"count":2,"href":"https:\/\/sindaopcpb.org.br\/index.php\/wp-json\/wp\/v2\/posts\/72899\/revisions"}],"predecessor-version":[{"id":72914,"href":"https:\/\/sindaopcpb.org.br\/index.php\/wp-json\/wp\/v2\/posts\/72899\/revisions\/72914"}],"wp:attachment":[{"href":"https:\/\/sindaopcpb.org.br\/index.php\/wp-json\/wp\/v2\/media?parent=72899"}],"wp:term":[{"taxonomy":"category","embeddable":true,"href":"https:\/\/sindaopcpb.org.br\/index.php\/wp-json\/wp\/v2\/categories?post=72899"},{"taxonomy":"post_tag","embeddable":true,"href":"https:\/\/sindaopcpb.org.br\/index.php\/wp-json\/wp\/v2\/tags?post=72899"}],"curies":[{"name":"wp","href":"https:\/\/api.w.org\/{rel}","templated":true}]}}