{"id":72894,"date":"2026-09-01T10:12:45","date_gmt":"2026-09-01T13:12:45","guid":{"rendered":"https:\/\/g1.globo.com\/pb\/paraiba\/noticia\/2026\/09\/01\/eleicoes-2026-solicitacao-de-transporte-para-votar-na-pb-comeca-nesta-terca-feira-1o.ghtml"},"modified":"2026-09-01T10:12:45","modified_gmt":"2026-09-01T13:12:45","slug":"eleicoes-2026-solicitacao-de-transporte-para-votar-na-pb-comeca-nesta-terca-feira-1o","status":"publish","type":"post","link":"https:\/\/sindaopcpb.org.br\/index.php\/2026\/09\/01\/eleicoes-2026-solicitacao-de-transporte-para-votar-na-pb-comeca-nesta-terca-feira-1o\/","title":{"rendered":"Elei\u00e7\u00f5es 2026: solicita\u00e7\u00e3o de transporte para votar na PB come\u00e7a nesta ter\u00e7a-feira (1\u00ba)"},"content":{"rendered":"   <img src=\"https:\/\/s2-g1.glbimg.com\/OT4g5zJBPcmT3hsw1JS6tRBATtA=\/i.s3.glbimg.com\/v1\/AUTH_59edd422c0c84a879bd37670ae4f538a\/internal_photos\/bs\/2026\/Z\/f\/AdxOGGRrmqYM6LoWKzzQ\/urna-eletronica.jpg\" \/><br \/>     Urna eletr\u00f4nica\nDivulga\u00e7\u00e3o\nCome\u00e7a nesta ter\u00e7a-feira (1\u00ba) o prazo para solicitar transporte especial para as elei\u00e7\u00f5es 2026 na Para\u00edba. O servi\u00e7o gratuito ser\u00e1 oferecido pelo Tribunal Regional Eleitoral da Para\u00edba (TRE-PB) a eleitoras e eleitores com defici\u00eancia ou dificuldade de locomo\u00e7\u00e3o que n\u00e3o tenham meios pr\u00f3prios para chegar ao local de vota\u00e7\u00e3o.\n\u2705 Clique aqui para seguir o canal do g1 PB no WhatsApp\nO transporte ser\u00e1 disponibilizado pelo programa Seu Voto Importa, criado pelo Tribunal Superior Eleitoral (TSE) e executado pelos Tribunais Regionais Eleitorais. \nAgora no g1\nNa Para\u00edba, a iniciativa ser\u00e1 realizada em 143 munic\u00edpios, que re\u00fanem 1.005.087 eleitoras e eleitores.\nComo solicitar transporte especial para as elei\u00e7\u00f5es 2026 na Para\u00edba\nAs inscri\u00e7\u00f5es ficam abertas de 1\u00ba a 14 de setembro. Para fazer o pedido, o eleitor deve acessar o formul\u00e1rio de solicita\u00e7\u00e3o.\nTamb\u00e9m \u00e9 poss\u00edvel chegar ao formul\u00e1rio pelo WhatsApp do TRE-PB, no n\u00famero (83) 3512-1500.\nNo formul\u00e1rio, ser\u00e1 necess\u00e1rio informar os dados usados na an\u00e1lise do pedido e apresentar a documenta\u00e7\u00e3o que comprove a defici\u00eancia ou a dificuldade de locomo\u00e7\u00e3o, de acordo com as regras do programa.\nQuem pode solicitar o transporte para votar\nO servi\u00e7o \u00e9 destinado a pessoas que n\u00e3o tenham meios pr\u00f3prios para chegar \u00e0 se\u00e7\u00e3o eleitoral e que apresentem defici\u00eancia ou dificuldade de locomo\u00e7\u00e3o.\nSegundo a secret\u00e1ria de Gest\u00e3o Estrat\u00e9gica e Moderniza\u00e7\u00e3o do TRE-PB, Alexandra Cordeiro, tamb\u00e9m poder\u00e3o solicitar o transporte pessoas com defici\u00eancia f\u00edsica tempor\u00e1ria, idosos, gestantes com risco de perda gestacional e pessoas obesas.\nQuem tiver a solicita\u00e7\u00e3o atendida receber\u00e1 informa\u00e7\u00f5es sobre o hor\u00e1rio aproximado em que ser\u00e1 buscado.\nDurante o embarque e o desembarque, os respons\u00e1veis pelo transporte dever\u00e3o auxiliar os passageiros, principalmente aqueles com baixa ou nenhuma mobilidade. \nA solicita\u00e7\u00e3o ser\u00e1 analisada individualmente pelo TRE-PB, que levar\u00e1 em considera\u00e7\u00e3o crit\u00e9rios como a dist\u00e2ncia entre a resid\u00eancia e o local de vota\u00e7\u00e3o.\nCidades da Para\u00edba que ter\u00e3o transporte especial\nO programa ser\u00e1 realizado nos seguintes 143 munic\u00edpios:\nAguiar\nAlagoa Grande\nAlagoa Nova\nAlagoinha\nAlcantil\nAlgod\u00e3o de Janda\u00edra\nAmparo\nAreia\nAreia de Bara\u00fanas\nAreial\nAssun\u00e7\u00e3o\nBara\u00fana\nBarra de S\u00e3o Miguel\nBel\u00e9m do Brejo do Cruz\nBernardino Batista\nBoa Ventura\nBoa Vista\nBom Jesus\nBom Sucesso\nBoqueir\u00e3o\nBorborema\nBrejo dos Santos\nCabaceiras\nCachoeira dos \u00cdndios\nCacimba de Areia\nCacimbas\nCai\u00e7ara\nCajazeiras\nCajazeirinhas\nCaldas Brand\u00e3o\nCamala\u00fa\nCara\u00fabas\nCarrapateira\nCasserengue\nCatingueira\nCaturit\u00e9\nConcei\u00e7\u00e3o\nCongo\nCondado\nCoxixola\nCuitegi\nCurral de Cima\nCurral Velho\nDami\u00e3o\nDesterro\nDiamante\nDuas Estradas\nEmas\nFrei Martinho\nGurj\u00e3o\nIbiara\nIgaracy\nItabaiana\nItaporanga\nJacara\u00fa\nJoca Claudino\nJuarez T\u00e1vora\nJuazeirinho\nJunco do Serid\u00f3\nJuripiranga\nLagoa\nLagoa Seca\nLastro\nLivramento\nLogradouro\nLucena\nM\u00e3e D'\u00c1gua\nMalta\nMariz\u00f3polis\nMataraca\nMato Grosso\nMatinhas\nMatur\u00e9ia\nMogeiro\nMontadas\nMonte Horebe\nMonteiro\nNatuba\nNazarezinho\nNova Palmeira\nNova Olinda\nOlivedos\nOuro Velho\nParari\nPassagem\nPedra Branca\nPedra Lavrada\nPedras de Fogo\nPedro R\u00e9gis\nPianc\u00f3\nPilar\nPicu\u00ed\nPil\u00f5es\nPil\u00f5ezinhos\nPo\u00e7o Dantas\nPo\u00e7o de Jos\u00e9 de Moura\nPombal\nPrata\nQuixaba\nRiach\u00e3o\nRiach\u00e3o do Bacamarte\nRiach\u00e3o do Po\u00e7o\nRiacho de Santo Ant\u00f4nio\nSalgadinho\nSalgado de S\u00e3o F\u00e9lix\nSanta Cruz\nSanta Helena\nSanta In\u00eas\nSanta Teresinha\nSantana de Mangueira\nSantana dos Garrotes\nSanto Andr\u00e9\nS\u00e3o Bentinho\nS\u00e3o Domingos\nS\u00e3o Domingos do Cariri\nS\u00e3o Francisco\nS\u00e3o Jo\u00e3o do Cariri\nS\u00e3o Jo\u00e3o do Tigre\nS\u00e3o Jos\u00e9 de Caiana\nS\u00e3o Jos\u00e9 de Espinharas\nS\u00e3o Jos\u00e9 de Princesa\nS\u00e3o Jos\u00e9 de Sabugi\nS\u00e3o Jos\u00e9 do Bonfim\nS\u00e3o Jos\u00e9 do Brejo do Cruz\nS\u00e3o Jos\u00e9 dos Cordeiros\nS\u00e3o Jos\u00e9 dos Ramos\nS\u00e3o Miguel de Taipu\nS\u00e3o Sebasti\u00e3o do Umbuzeiro\nSerra da Raiz\nSerra Grande\nSerra Redonda\nSerraria\nSert\u00e3ozinho\nSoss\u00eago\nSum\u00e9\nTapero\u00e1\nTen\u00f3rio\nTeixeira\nUira\u00fana\nV\u00e1rzea\nVieir\u00f3polis\nVista Serrana\nZabel\u00ea\nV\u00eddeos mais assistidos do g1 Para\u00edba  ","protected":false},"excerpt":{"rendered":"<p>        Urna eletr\u00f4nica<br \/>\nDivulga\u00e7\u00e3o<br \/>\nCome\u00e7a nesta ter\u00e7a-feira (1\u00ba) o prazo para solicitar transporte especial para as elei\u00e7\u00f5es 2026 na Para\u00edba. O servi\u00e7o gratuito ser\u00e1 oferecido pelo Tribunal Regional Eleitoral da Para\u00edba (TRE-PB) a eleitoras e eleitores&#8230;<\/p>\n","protected":false},"author":2,"featured_media":0,"comment_status":"closed","ping_status":"closed","sticky":false,"template":"","format":"standard","meta":{"advgb_blocks_editor_width":"","advgb_blocks_columns_visual_guide":"","footnotes":""},"categories":[34],"tags":[35],"class_list":["post-72894","post","type-post","status-publish","format-standard","hentry","category-g1","tag-g1"],"author_meta":{"display_name":"g1 &gt; Para\u00edba","author_link":"https:\/\/sindaopcpb.org.br\/author\/g1-paraiba\/"},"featured_img":null,"coauthors":[],"tax_additional":{"categories":{"linked":["<a href=\"https:\/\/sindaopcpb.org.br\/g1\/\" class=\"advgb-post-tax-term\">G1<\/a>"],"unlinked":["<span class=\"advgb-post-tax-term\">G1<\/span>"]},"tags":{"linked":["<a href=\"https:\/\/sindaopcpb.org.br\/g1\/\" class=\"advgb-post-tax-term\">g1<\/a>"],"unlinked":["<span class=\"advgb-post-tax-term\">g1<\/span>"]}},"comment_count":"0","relative_dates":{"created":"Publicado 4 horas atr\u00e1s","modified":"Atualizado 4 horas atr\u00e1s"},"absolute_dates":{"created":"Publicado em 1 de setembro de 2026","modified":"Atualizado em 1 de setembro de 2026"},"absolute_dates_time":{"created":"Publicado em 1 de setembro de 2026 10:12","modified":"Atualizado em 1 de setembro de 2026 10:12"},"featured_img_caption":"","series_order":"","_links":{"self":[{"href":"https:\/\/sindaopcpb.org.br\/index.php\/wp-json\/wp\/v2\/posts\/72894","targetHints":{"allow":["GET"]}}],"collection":[{"href":"https:\/\/sindaopcpb.org.br\/index.php\/wp-json\/wp\/v2\/posts"}],"about":[{"href":"https:\/\/sindaopcpb.org.br\/index.php\/wp-json\/wp\/v2\/types\/post"}],"author":[{"embeddable":true,"href":"https:\/\/sindaopcpb.org.br\/index.php\/wp-json\/wp\/v2\/users\/2"}],"replies":[{"embeddable":true,"href":"https:\/\/sindaopcpb.org.br\/index.php\/wp-json\/wp\/v2\/comments?post=72894"}],"version-history":[{"count":1,"href":"https:\/\/sindaopcpb.org.br\/index.php\/wp-json\/wp\/v2\/posts\/72894\/revisions"}],"predecessor-version":[{"id":72895,"href":"https:\/\/sindaopcpb.org.br\/index.php\/wp-json\/wp\/v2\/posts\/72894\/revisions\/72895"}],"wp:attachment":[{"href":"https:\/\/sindaopcpb.org.br\/index.php\/wp-json\/wp\/v2\/media?parent=72894"}],"wp:term":[{"taxonomy":"category","embeddable":true,"href":"https:\/\/sindaopcpb.org.br\/index.php\/wp-json\/wp\/v2\/categories?post=72894"},{"taxonomy":"post_tag","embeddable":true,"href":"https:\/\/sindaopcpb.org.br\/index.php\/wp-json\/wp\/v2\/tags?post=72894"}],"curies":[{"name":"wp","href":"https:\/\/api.w.org\/{rel}","templated":true}]}}