{"id":72890,"date":"2026-09-01T09:34:35","date_gmt":"2026-09-01T12:34:35","guid":{"rendered":"https:\/\/www.pbagora.com.br\/?p=968512"},"modified":"2026-09-01T09:34:35","modified_gmt":"2026-09-01T12:34:35","slug":"rodovias-federais-na-paraiba-terao-fiscalizacao-intensificada-durante-o-feriado-de-7-de-setembro","status":"publish","type":"post","link":"https:\/\/sindaopcpb.org.br\/index.php\/2026\/09\/01\/rodovias-federais-na-paraiba-terao-fiscalizacao-intensificada-durante-o-feriado-de-7-de-setembro\/","title":{"rendered":"Rodovias federais na Para\u00edba ter\u00e3o fiscaliza\u00e7\u00e3o intensificada durante o feriado de 7 de Setembro"},"content":{"rendered":"<p><img width=\"687\" height=\"463\" src=\"https:\/\/www.pbagora.com.br\/storage\/2023\/11\/PRF.webp\" class=\"attachment-large size-large wp-post-image\" alt=\"\" style=\"margin-bottom: 20px;\" decoding=\"async\" loading=\"lazy\" srcset=\"https:\/\/www.pbagora.com.br\/storage\/2023\/11\/PRF.webp 687w, https:\/\/www.pbagora.com.br\/storage\/2023\/11\/PRF-300x202.webp 300w, https:\/\/www.pbagora.com.br\/storage\/2023\/11\/PRF-150x101.webp 150w, https:\/\/www.pbagora.com.br\/storage\/2023\/11\/PRF-380x256.webp 380w, https:\/\/www.pbagora.com.br\/storage\/2023\/11\/PRF-80x54.webp 80w, https:\/\/www.pbagora.com.br\/storage\/2023\/11\/PRF-600x404.webp 600w\" sizes=\"auto, (max-width: 687px) 100vw, 687px\" \/><\/p>\n<p class=\"wp-block-paragraph\"><strong><em>A\u00e7\u00e3o prev\u00ea restri\u00e7\u00f5es para ve\u00edculos de carga de grandes dimens\u00f5es em pistas simples, combate \u00e0s ultrapassagens proibidas, embriaguez ao volante e refor\u00e7o no controle de velocidade<\/em><\/strong><\/p>\n\n\n\n<p class=\"wp-block-paragraph\">Em virtude do feriado prolongado de 7 de Setembro, que neste ano cai em uma segunda-feira, a Pol\u00edcia Rodovi\u00e1ria Federal (PRF) realiza a Opera\u00e7\u00e3o Independ\u00eancia nas rodovias que cortam o estado. A a\u00e7\u00e3o se inicia \u00e0s 00h da sexta-feira (4) e termina \u00e0s 23h59 de segunda-feira (7). A iniciativa visa organizar o tr\u00e1fego e reduzir sinistros de tr\u00e2nsito em um per\u00edodo comumente marcado pelo aumento expressivo no fluxo de ve\u00edculos.<\/p>\n\n\n\n<p class=\"wp-block-paragraph\">O planejamento operacional foi elaborado com base no mapeamento dos hor\u00e1rios e trechos com maior hist\u00f3rico de acidentes graves em feriados anteriores. As equipes estar\u00e3o concentradas em pontos estrat\u00e9gicos para coibir infra\u00e7\u00f5es de elevado risco, como ultrapassagens indevidas em trechos de pista simples apontadas como a principal causa de colis\u00f5es frontais, excesso de velocidade e condu\u00e7\u00e3o sob o efeito de \u00e1lcool.<\/p>\n\n\n\n<p class=\"wp-block-paragraph\">Para otimizar a fluidez e reduzir o risco de colis\u00f5es em manobras de ultrapassagem, a PRF estabeleceu restri\u00e7\u00f5es para ve\u00edculos de carga com dimens\u00f5es ou pesos maiores, como bitrens e cegonhas, em rodovias de pista simples.<\/p>\n\n\n\n<p class=\"wp-block-paragraph\"><strong>Ficam impedidos de circular nesses trechos ve\u00edculos que excedam:<\/strong><\/p>\n\n\n\n<p class=\"wp-block-paragraph\">Largura: 2,60m | Altura: 4,40m | Comprimento: 19,80m | PBTC: 58,5 toneladas.<\/p>\n\n\n\n<p class=\"wp-block-paragraph\">04\/09\/2026 sexta-feira 16:00 \u00e0s 22:00<br>05\/09\/2026 s\u00e1bado 06:00 \u00e0s 12:00<br>07\/09\/2026 segunda-feira 16:00 \u00e0s 22:00<\/p>\n\n\n\n<p class=\"wp-block-paragraph\"><strong>Importante<\/strong>: <\/p>\n\n\n\n<p class=\"wp-block-paragraph\">Em trechos duplicados, como a BR-230 entre Jo\u00e3o Pessoa e Campina Grande, o tr\u00e1fego desses ve\u00edculos permanece permitido, respeitando as normas das Autoriza\u00e7\u00f5es Especiais de Tr\u00e2nsito (AET). O descumprimento resulta em multa e reten\u00e7\u00e3o do ve\u00edculo at\u00e9 o fim do hor\u00e1rio restritivo.<\/p>\n\n\n\n<p class=\"wp-block-paragraph\"><\/p>\n\n\n\n<p class=\"wp-block-paragraph\"><strong><em>Ascom \/ PRF<\/em><\/strong><\/p>\n","protected":false},"excerpt":{"rendered":"<p><img decoding=\"async\" width=\"687\" height=\"463\" src=\"https:\/\/www.pbagora.com.br\/storage\/2023\/11\/PRF.webp\" class=\"attachment-large size-large wp-post-image\" alt=\"\" loading=\"lazy\" srcset=\"https:\/\/www.pbagora.com.br\/storage\/2023\/11\/PRF.webp 687w, https:\/\/www.pbagora.com.br\/storage\/2023\/11\/PRF-300x202.webp 300w, https:\/\/www.pbagora.com.br\/storage\/2023\/11\/PRF-150x101.webp 150w, https:\/\/www.pbagora.com.br\/storage\/2023\/11\/PRF-380x256.webp 380w, https:\/\/www.pbagora.com.br\/storage\/2023\/11\/PRF-80x54.webp 80w, https:\/\/www.pbagora.com.br\/storage\/2023\/11\/PRF-600x404.webp 600w\" sizes=\"auto, (max-width: 687px) 100vw, 687px\"><\/p>\n<p>A\u00e7\u00e3o prev\u00ea restri\u00e7\u00f5es para ve\u00edculos de carga de grandes dimens\u00f5es em pistas simples, combate \u00e0s ultrapassagens proibidas, embriaguez\u2026<\/p>\n","protected":false},"author":123457,"featured_media":0,"comment_status":"closed","ping_status":"closed","sticky":false,"template":"","format":"standard","meta":{"advgb_blocks_editor_width":"","advgb_blocks_columns_visual_guide":"","footnotes":""},"categories":[34],"tags":[10840,35,10839],"class_list":["post-72890","post","type-post","status-publish","format-standard","hentry","category-g1","tag-destaque-centro-03","tag-g1","tag-policial"],"author_meta":{"display_name":"Reda\u00e7\u00e3o","author_link":"https:\/\/sindaopcpb.org.br\/author\/redacao\/"},"featured_img":null,"coauthors":[],"tax_additional":{"categories":{"linked":["<a href=\"https:\/\/sindaopcpb.org.br\/g1\/\" class=\"advgb-post-tax-term\">G1<\/a>"],"unlinked":["<span class=\"advgb-post-tax-term\">G1<\/span>"]},"tags":{"linked":["<a href=\"https:\/\/sindaopcpb.org.br\/g1\/\" class=\"advgb-post-tax-term\">Destaque Centro 03<\/a>","<a href=\"https:\/\/sindaopcpb.org.br\/g1\/\" class=\"advgb-post-tax-term\">g1<\/a>","<a href=\"https:\/\/sindaopcpb.org.br\/g1\/\" class=\"advgb-post-tax-term\">Policial<\/a>"],"unlinked":["<span class=\"advgb-post-tax-term\">Destaque Centro 03<\/span>","<span class=\"advgb-post-tax-term\">g1<\/span>","<span class=\"advgb-post-tax-term\">Policial<\/span>"]}},"comment_count":"0","relative_dates":{"created":"Publicado 5 horas atr\u00e1s","modified":"Atualizado 5 horas atr\u00e1s"},"absolute_dates":{"created":"Publicado em 1 de setembro de 2026","modified":"Atualizado em 1 de setembro de 2026"},"absolute_dates_time":{"created":"Publicado em 1 de setembro de 2026 09:34","modified":"Atualizado em 1 de setembro de 2026 09:34"},"featured_img_caption":"","series_order":"","_links":{"self":[{"href":"https:\/\/sindaopcpb.org.br\/index.php\/wp-json\/wp\/v2\/posts\/72890","targetHints":{"allow":["GET"]}}],"collection":[{"href":"https:\/\/sindaopcpb.org.br\/index.php\/wp-json\/wp\/v2\/posts"}],"about":[{"href":"https:\/\/sindaopcpb.org.br\/index.php\/wp-json\/wp\/v2\/types\/post"}],"author":[{"embeddable":true,"href":"https:\/\/sindaopcpb.org.br\/index.php\/wp-json\/wp\/v2\/users\/123457"}],"replies":[{"embeddable":true,"href":"https:\/\/sindaopcpb.org.br\/index.php\/wp-json\/wp\/v2\/comments?post=72890"}],"version-history":[{"count":1,"href":"https:\/\/sindaopcpb.org.br\/index.php\/wp-json\/wp\/v2\/posts\/72890\/revisions"}],"predecessor-version":[{"id":72891,"href":"https:\/\/sindaopcpb.org.br\/index.php\/wp-json\/wp\/v2\/posts\/72890\/revisions\/72891"}],"wp:attachment":[{"href":"https:\/\/sindaopcpb.org.br\/index.php\/wp-json\/wp\/v2\/media?parent=72890"}],"wp:term":[{"taxonomy":"category","embeddable":true,"href":"https:\/\/sindaopcpb.org.br\/index.php\/wp-json\/wp\/v2\/categories?post=72890"},{"taxonomy":"post_tag","embeddable":true,"href":"https:\/\/sindaopcpb.org.br\/index.php\/wp-json\/wp\/v2\/tags?post=72890"}],"curies":[{"name":"wp","href":"https:\/\/api.w.org\/{rel}","templated":true}]}}