{"id":72888,"date":"2026-09-01T09:44:47","date_gmt":"2026-09-01T12:44:47","guid":{"rendered":"https:\/\/www.pbagora.com.br\/?p=968590"},"modified":"2026-09-01T09:44:47","modified_gmt":"2026-09-01T12:44:47","slug":"operacao-perfidus-mppb-acusa-delegado-e-policiais-de-enriquecimento-ilicito-e-pede-afastamento","status":"publish","type":"post","link":"https:\/\/sindaopcpb.org.br\/index.php\/2026\/09\/01\/operacao-perfidus-mppb-acusa-delegado-e-policiais-de-enriquecimento-ilicito-e-pede-afastamento\/","title":{"rendered":"Opera\u00e7\u00e3o Perfidus: MPPB acusa delegado e policiais de enriquecimento il\u00edcito e pede afastamento"},"content":{"rendered":"<p><img width=\"335\" height=\"286\" src=\"https:\/\/www.pbagora.com.br\/storage\/2026\/08\/Captura-de-tela-2026-08-04-075127.png\" class=\"attachment-large size-large wp-post-image\" alt=\"\" style=\"margin-bottom: 20px;\" decoding=\"async\" loading=\"lazy\" srcset=\"https:\/\/www.pbagora.com.br\/storage\/2026\/08\/Captura-de-tela-2026-08-04-075127.png 335w, https:\/\/www.pbagora.com.br\/storage\/2026\/08\/Captura-de-tela-2026-08-04-075127-300x256.png 300w, https:\/\/www.pbagora.com.br\/storage\/2026\/08\/Captura-de-tela-2026-08-04-075127-150x128.png 150w, https:\/\/www.pbagora.com.br\/storage\/2026\/08\/Captura-de-tela-2026-08-04-075127-80x68.png 80w\" sizes=\"auto, (max-width: 335px) 100vw, 335px\" \/><\/p>\n<p class=\"wp-block-paragraph\">O Minist\u00e9rio P\u00fablico da Para\u00edba (MPPB) ajuizou a\u00e7\u00e3o de improbidade administrativa contra dois investigadores e um delegado da Pol\u00edcia Civil da Para\u00edba, acusados de enriquecimento il\u00edcito, conduta prevista no artigo 9\u00ba da Lei n\u00ba 8.429\/1992 (Lei de Improbidade Administrativa).<\/p>\n\n\n\n<p class=\"wp-block-paragraph\">A A\u00e7\u00e3o n\u00ba 0863793-86.2026.8.15.2001 busca responsabilizar os tr\u00eas servidores na esfera c\u00edvel e requer, em car\u00e1ter liminar, o afastamento imediato deles das fun\u00e7\u00f5es p\u00fablicas, al\u00e9m da decreta\u00e7\u00e3o da indisponibilidade de seus bens, para garantir a integral recomposi\u00e7\u00e3o do er\u00e1rio e o ressarcimento do acr\u00e9scimo patrimonial decorrente da pr\u00e1tica il\u00edcita.<\/p>\n\n\n\n<p class=\"wp-block-paragraph\">A a\u00e7\u00e3o \u00e9 um desdobramento do Inqu\u00e9rito Policial n\u00ba 0809787-63.2025.8.15.2022 e das investiga\u00e7\u00f5es conduzidas pelo Grupo de Atua\u00e7\u00e3o Especial contra o Crime Organizado (Gaeco\/MPPB) e pela Delegacia de Repress\u00e3o ao Crime Organizado da Pol\u00edcia Civil da Para\u00edba (Draco\/PCPB), iniciadas a partir de uma den\u00fancia an\u00f4nima.<\/p>\n\n\n\n<p class=\"wp-block-paragraph\">As investiga\u00e7\u00f5es apontaram o envolvimento dos investigadores Everton Rychelyson da Silva Aires e Eduardo Jorge Ferreira do Egito, al\u00e9m do delegado Braz Marroni de Paiva Junior, lotados na Delegacia de Crimes contra o Patrim\u00f4nio, em atividades il\u00edcitas com repercuss\u00f5es nas esferas criminal, c\u00edvel e administrativa.<\/p>\n\n\n\n<p class=\"wp-block-paragraph\">Segundo o MPPB, os tr\u00eas investigados teriam se valido da condi\u00e7\u00e3o de policiais civis para se apropriar de entorpecentes apreendidos pela corpora\u00e7\u00e3o e subtrair drogas pertencentes a terceiros, simulando a\u00e7\u00f5es policiais para, posteriormente, revend\u00ea-las de forma il\u00edcita. Com isso, teriam obtido vantagens econ\u00f4micas para si e para uma organiza\u00e7\u00e3o criminosa com a qual manteriam v\u00ednculo. De acordo com a a\u00e7\u00e3o, os fatos ocorreram entre os anos de 2024 e 2026.<\/p>\n\n\n\n<p class=\"wp-block-paragraph\">Para o Minist\u00e9rio P\u00fablico, o afastamento imediato dos servidores \u00e9 indispens\u00e1vel para assegurar a regular instru\u00e7\u00e3o processual e prevenir a pr\u00e1tica de novos il\u00edcitos.<\/p>\n\n\n\n<p class=\"wp-block-paragraph\"><strong><em>Outros pedidos<\/em><\/strong><\/p>\n\n\n\n<p class=\"wp-block-paragraph\">Ao final do processo, o MPPB pede a proced\u00eancia da a\u00e7\u00e3o e a condena\u00e7\u00e3o dos demandados pela pr\u00e1tica de atos de improbidade administrativa previstos no artigo 9\u00ba da Lei de Improbidade Administrativa, com a aplica\u00e7\u00e3o das san\u00e7\u00f5es previstas no artigo 12, inciso I, da mesma lei.<\/p>\n\n\n\n<p class=\"wp-block-paragraph\">Entre as penalidades requeridas est\u00e3o a perda dos bens ou valores acrescidos ilicitamente ao patrim\u00f4nio, a perda da fun\u00e7\u00e3o p\u00fablica, a suspens\u00e3o dos direitos pol\u00edticos por at\u00e9 14 anos, o pagamento de multa civil equivalente ao valor do acr\u00e9scimo patrimonial e a proibi\u00e7\u00e3o de contratar com o poder p\u00fablico ou de receber benef\u00edcios ou incentivos fiscais ou credit\u00edcios, direta ou indiretamente, pelo prazo de at\u00e9 14 anos.<\/p>\n\n\n\n<p class=\"wp-block-paragraph\">Al\u00e9m do pedido de condena\u00e7\u00e3o dos tr\u00eas policiais envolvidos, o Minist\u00e9rio P\u00fablico requereu, especificamente em rela\u00e7\u00e3o ao investigador Everton Rychelyson da Silva Aires, a condena\u00e7\u00e3o tamb\u00e9m pela pr\u00e1tica aut\u00f4noma de ato de improbidade administrativa tipificado no artigo 11, inciso III, da mesma lei.<\/p>\n\n\n\n<p class=\"wp-block-paragraph\"><strong><em>PB Agora com MPPB<\/em><\/strong><\/p>\n","protected":false},"excerpt":{"rendered":"<p><img decoding=\"async\" width=\"335\" height=\"286\" src=\"https:\/\/www.pbagora.com.br\/storage\/2026\/08\/Captura-de-tela-2026-08-04-075127.png\" class=\"attachment-large size-large wp-post-image\" alt=\"\" loading=\"lazy\" srcset=\"https:\/\/www.pbagora.com.br\/storage\/2026\/08\/Captura-de-tela-2026-08-04-075127.png 335w, https:\/\/www.pbagora.com.br\/storage\/2026\/08\/Captura-de-tela-2026-08-04-075127-300x256.png 300w, https:\/\/www.pbagora.com.br\/storage\/2026\/08\/Captura-de-tela-2026-08-04-075127-150x128.png 150w, https:\/\/www.pbagora.com.br\/storage\/2026\/08\/Captura-de-tela-2026-08-04-075127-80x68.png 80w\" sizes=\"auto, (max-width: 335px) 100vw, 335px\"><\/p>\n<p>O Minist\u00e9rio P\u00fablico da Para\u00edba (MPPB) ajuizou a\u00e7\u00e3o de improbidade administrativa contra dois investigadores e um delegado da\u2026<\/p>\n","protected":false},"author":123457,"featured_media":0,"comment_status":"closed","ping_status":"closed","sticky":false,"template":"","format":"standard","meta":{"advgb_blocks_editor_width":"","advgb_blocks_columns_visual_guide":"","footnotes":""},"categories":[34],"tags":[35,10839,10844],"class_list":["post-72888","post","type-post","status-publish","format-standard","hentry","category-g1","tag-g1","tag-policial","tag-principal2"],"author_meta":{"display_name":"Reda\u00e7\u00e3o","author_link":"https:\/\/sindaopcpb.org.br\/author\/redacao\/"},"featured_img":null,"coauthors":[],"tax_additional":{"categories":{"linked":["<a href=\"https:\/\/sindaopcpb.org.br\/g1\/\" class=\"advgb-post-tax-term\">G1<\/a>"],"unlinked":["<span class=\"advgb-post-tax-term\">G1<\/span>"]},"tags":{"linked":["<a href=\"https:\/\/sindaopcpb.org.br\/g1\/\" class=\"advgb-post-tax-term\">g1<\/a>","<a href=\"https:\/\/sindaopcpb.org.br\/g1\/\" class=\"advgb-post-tax-term\">Policial<\/a>","<a href=\"https:\/\/sindaopcpb.org.br\/g1\/\" class=\"advgb-post-tax-term\">Principal2<\/a>"],"unlinked":["<span class=\"advgb-post-tax-term\">g1<\/span>","<span class=\"advgb-post-tax-term\">Policial<\/span>","<span class=\"advgb-post-tax-term\">Principal2<\/span>"]}},"comment_count":"0","relative_dates":{"created":"Publicado 4 horas atr\u00e1s","modified":"Atualizado 4 horas atr\u00e1s"},"absolute_dates":{"created":"Publicado em 1 de setembro de 2026","modified":"Atualizado em 1 de setembro de 2026"},"absolute_dates_time":{"created":"Publicado em 1 de setembro de 2026 09:44","modified":"Atualizado em 1 de setembro de 2026 09:44"},"featured_img_caption":"","series_order":"","_links":{"self":[{"href":"https:\/\/sindaopcpb.org.br\/index.php\/wp-json\/wp\/v2\/posts\/72888","targetHints":{"allow":["GET"]}}],"collection":[{"href":"https:\/\/sindaopcpb.org.br\/index.php\/wp-json\/wp\/v2\/posts"}],"about":[{"href":"https:\/\/sindaopcpb.org.br\/index.php\/wp-json\/wp\/v2\/types\/post"}],"author":[{"embeddable":true,"href":"https:\/\/sindaopcpb.org.br\/index.php\/wp-json\/wp\/v2\/users\/123457"}],"replies":[{"embeddable":true,"href":"https:\/\/sindaopcpb.org.br\/index.php\/wp-json\/wp\/v2\/comments?post=72888"}],"version-history":[{"count":1,"href":"https:\/\/sindaopcpb.org.br\/index.php\/wp-json\/wp\/v2\/posts\/72888\/revisions"}],"predecessor-version":[{"id":72889,"href":"https:\/\/sindaopcpb.org.br\/index.php\/wp-json\/wp\/v2\/posts\/72888\/revisions\/72889"}],"wp:attachment":[{"href":"https:\/\/sindaopcpb.org.br\/index.php\/wp-json\/wp\/v2\/media?parent=72888"}],"wp:term":[{"taxonomy":"category","embeddable":true,"href":"https:\/\/sindaopcpb.org.br\/index.php\/wp-json\/wp\/v2\/categories?post=72888"},{"taxonomy":"post_tag","embeddable":true,"href":"https:\/\/sindaopcpb.org.br\/index.php\/wp-json\/wp\/v2\/tags?post=72888"}],"curies":[{"name":"wp","href":"https:\/\/api.w.org\/{rel}","templated":true}]}}