{"id":72884,"date":"2026-09-01T10:04:56","date_gmt":"2026-09-01T13:04:56","guid":{"rendered":"https:\/\/www.pbagora.com.br\/?p=968594"},"modified":"2026-09-01T10:04:56","modified_gmt":"2026-09-01T13:04:56","slug":"homem-e-encontrado-morto-a-tiros-com-maos-e-pes-amarrados-em-santa-rita","status":"publish","type":"post","link":"https:\/\/sindaopcpb.org.br\/index.php\/2026\/09\/01\/homem-e-encontrado-morto-a-tiros-com-maos-e-pes-amarrados-em-santa-rita\/","title":{"rendered":"Homem \u00e9 encontrado morto a tiros com m\u00e3os e p\u00e9s amarrados em Santa Rita"},"content":{"rendered":"<p><img width=\"678\" height=\"414\" src=\"https:\/\/www.pbagora.com.br\/storage\/2026\/09\/image-1.png\" class=\"attachment-large size-large wp-post-image\" alt=\"\" style=\"margin-bottom: 20px;\" decoding=\"async\" srcset=\"https:\/\/www.pbagora.com.br\/storage\/2026\/09\/image-1.png 678w, https:\/\/www.pbagora.com.br\/storage\/2026\/09\/image-1-150x92.png 150w, https:\/\/www.pbagora.com.br\/storage\/2026\/09\/image-1-300x183.png 300w, https:\/\/www.pbagora.com.br\/storage\/2026\/09\/image-1-380x232.png 380w, https:\/\/www.pbagora.com.br\/storage\/2026\/09\/image-1-80x50.png 80w\" sizes=\"(max-width: 678px) 100vw, 678px\" \/><\/p>\n<p class=\"wp-block-paragraph\">O corpo de um homem foi encontrado com diversas marcas de tiros, as m\u00e3os e os p\u00e9s amarrados e uma das orelhas arrancada, na manh\u00e3 desta ter\u00e7a-feira (1\u00ba), no bairro Heitel Santiago, em Santa Rita, na Regi\u00e3o Metropolitana de Jo\u00e3o Pessoa.<\/p>\n\n\n\n<p class=\"wp-block-paragraph\">De acordo com informa\u00e7\u00f5es do rep\u00f3rter David Martins, da TV Correio, moradores da regi\u00e3o relataram ter ouvido disparos durante a madrugada. O cad\u00e1ver foi localizado horas depois por pessoas que realizavam uma caminhada nas proximidades.<\/p>\n\n\n\n<p class=\"wp-block-paragraph\">A Pol\u00edcia Militar foi acionada e esteve no local. Parte da rua foi interditada para preservar a \u00e1rea e permitir a realiza\u00e7\u00e3o da per\u00edcia. As circunst\u00e2ncias e a motiva\u00e7\u00e3o do crime ainda n\u00e3o foram esclarecidas.<\/p>\n\n\n\n<p class=\"wp-block-paragraph\">Ap\u00f3s os trabalhos periciais, o corpo ser\u00e1 recolhido e encaminhado ao Instituto de Medicina Legal (IML), onde passar\u00e1 por necr\u00f3psia. O procedimento tamb\u00e9m dever\u00e1 auxiliar na identifica\u00e7\u00e3o da v\u00edtima.<\/p>\n\n\n\n<p class=\"wp-block-paragraph\">A Pol\u00edcia Civil deve investigar o caso e buscar informa\u00e7\u00f5es que possam esclarecer a autoria e a din\u00e2mica do homic\u00eddio.<\/p>\n\n\n\n<p class=\"wp-block-paragraph\"><strong><em>PB Agora<\/em><\/strong><\/p>\n","protected":false},"excerpt":{"rendered":"<p><img loading=\"lazy\" decoding=\"async\" width=\"678\" height=\"414\" src=\"https:\/\/www.pbagora.com.br\/storage\/2026\/09\/image-1.png\" class=\"attachment-large size-large wp-post-image\" alt=\"\" srcset=\"https:\/\/www.pbagora.com.br\/storage\/2026\/09\/image-1.png 678w, https:\/\/www.pbagora.com.br\/storage\/2026\/09\/image-1-150x92.png 150w, https:\/\/www.pbagora.com.br\/storage\/2026\/09\/image-1-300x183.png 300w, https:\/\/www.pbagora.com.br\/storage\/2026\/09\/image-1-380x232.png 380w, https:\/\/www.pbagora.com.br\/storage\/2026\/09\/image-1-80x50.png 80w\" sizes=\"auto, (max-width: 678px) 100vw, 678px\"><\/p>\n<p>O corpo de um homem foi encontrado com diversas marcas de tiros, as m\u00e3os e os p\u00e9s amarrados\u2026<\/p>\n","protected":false},"author":123457,"featured_media":0,"comment_status":"closed","ping_status":"closed","sticky":false,"template":"","format":"standard","meta":{"advgb_blocks_editor_width":"","advgb_blocks_columns_visual_guide":"","footnotes":""},"categories":[34],"tags":[35,10839,10842],"class_list":["post-72884","post","type-post","status-publish","format-standard","hentry","category-g1","tag-g1","tag-policial","tag-principal3"],"author_meta":{"display_name":"Reda\u00e7\u00e3o","author_link":"https:\/\/sindaopcpb.org.br\/author\/redacao\/"},"featured_img":null,"coauthors":[],"tax_additional":{"categories":{"linked":["<a href=\"https:\/\/sindaopcpb.org.br\/g1\/\" class=\"advgb-post-tax-term\">G1<\/a>"],"unlinked":["<span class=\"advgb-post-tax-term\">G1<\/span>"]},"tags":{"linked":["<a href=\"https:\/\/sindaopcpb.org.br\/g1\/\" class=\"advgb-post-tax-term\">g1<\/a>","<a href=\"https:\/\/sindaopcpb.org.br\/g1\/\" class=\"advgb-post-tax-term\">Policial<\/a>","<a href=\"https:\/\/sindaopcpb.org.br\/g1\/\" class=\"advgb-post-tax-term\">Principal3<\/a>"],"unlinked":["<span class=\"advgb-post-tax-term\">g1<\/span>","<span class=\"advgb-post-tax-term\">Policial<\/span>","<span class=\"advgb-post-tax-term\">Principal3<\/span>"]}},"comment_count":"0","relative_dates":{"created":"Publicado 4 horas atr\u00e1s","modified":"Atualizado 4 horas atr\u00e1s"},"absolute_dates":{"created":"Publicado em 1 de setembro de 2026","modified":"Atualizado em 1 de setembro de 2026"},"absolute_dates_time":{"created":"Publicado em 1 de setembro de 2026 10:04","modified":"Atualizado em 1 de setembro de 2026 10:04"},"featured_img_caption":"","series_order":"","_links":{"self":[{"href":"https:\/\/sindaopcpb.org.br\/index.php\/wp-json\/wp\/v2\/posts\/72884","targetHints":{"allow":["GET"]}}],"collection":[{"href":"https:\/\/sindaopcpb.org.br\/index.php\/wp-json\/wp\/v2\/posts"}],"about":[{"href":"https:\/\/sindaopcpb.org.br\/index.php\/wp-json\/wp\/v2\/types\/post"}],"author":[{"embeddable":true,"href":"https:\/\/sindaopcpb.org.br\/index.php\/wp-json\/wp\/v2\/users\/123457"}],"replies":[{"embeddable":true,"href":"https:\/\/sindaopcpb.org.br\/index.php\/wp-json\/wp\/v2\/comments?post=72884"}],"version-history":[{"count":1,"href":"https:\/\/sindaopcpb.org.br\/index.php\/wp-json\/wp\/v2\/posts\/72884\/revisions"}],"predecessor-version":[{"id":72885,"href":"https:\/\/sindaopcpb.org.br\/index.php\/wp-json\/wp\/v2\/posts\/72884\/revisions\/72885"}],"wp:attachment":[{"href":"https:\/\/sindaopcpb.org.br\/index.php\/wp-json\/wp\/v2\/media?parent=72884"}],"wp:term":[{"taxonomy":"category","embeddable":true,"href":"https:\/\/sindaopcpb.org.br\/index.php\/wp-json\/wp\/v2\/categories?post=72884"},{"taxonomy":"post_tag","embeddable":true,"href":"https:\/\/sindaopcpb.org.br\/index.php\/wp-json\/wp\/v2\/tags?post=72884"}],"curies":[{"name":"wp","href":"https:\/\/api.w.org\/{rel}","templated":true}]}}