{"id":72880,"date":"2026-09-01T06:56:16","date_gmt":"2026-09-01T09:56:16","guid":{"rendered":"https:\/\/g1.globo.com\/pb\/paraiba\/noticia\/2026\/09\/01\/camera-de-seguranca-flagra-momento-em-que-motorista-atropela-e-mata-ciclista-em-joao-pessoa-video.ghtml"},"modified":"2026-09-01T06:56:16","modified_gmt":"2026-09-01T09:56:16","slug":"camera-de-seguranca-flagra-momento-em-que-motorista-atropela-e-mata-ciclista-em-joao-pessoa-video","status":"publish","type":"post","link":"https:\/\/sindaopcpb.org.br\/index.php\/2026\/09\/01\/camera-de-seguranca-flagra-momento-em-que-motorista-atropela-e-mata-ciclista-em-joao-pessoa-video\/","title":{"rendered":"C\u00e2mera de seguran\u00e7a flagra momento em que motorista atropela e mata ciclista em Jo\u00e3o Pessoa; V\u00cdDEO"},"content":{"rendered":"   <img src=\"https:\/\/s2-g1.glbimg.com\/hRUY9e1PlB29BEx513AGUIzCOvk=\/i.s3.glbimg.com\/v1\/AUTH_59edd422c0c84a879bd37670ae4f538a\/internal_photos\/bs\/2026\/m\/n\/DmAiCyRFS2Y5AtY2G2yg\/ciclista-atropelado.png\" \/><br \/>     C\u00e2mera de seguran\u00e7a flagra momento que motorista atinge ciclista, em Jo\u00e3o Pessoa\nC\u00e2meras de seguran\u00e7a registraram o momento em que um motorista atropelou e matou o ciclista Jonas da Silva Oliveira, de 49 anos, ao lado do est\u00e1dio Almeid\u00e3o, no bairro do Cristo, em Jo\u00e3o Pessoa. As imagens foram divulgadas nesta ter\u00e7a-feira (1\u00ba) e mostram o carro atingindo o canteiro central antes de bater na v\u00edtima.\n\u2705 Clique aqui para seguir o canal do g1 PB no WhatsApp\nO acidente aconteceu na noite do s\u00e1bado (29), no bairro do Cristo. Nas imagens, Jonas seguia de bicicleta pelo canteiro central da Rua Jos\u00e9 Am\u00e9rico, no sentido Geisel-Cristo, quando foi atingido pelo carro.\nC\u00e2meras de seguran\u00e7a mostram momento em que motorista atropela e mata ciclista em Jo\u00e3o Pessoa\nReprodu\u00e7\u00e3o \/ TV Cabo Branco\nO ve\u00edculo aparece em alta velocidade, bate no canteiro central e atinge o ciclista. Com o impacto, Jonas \u00e9 arremessado e o carro o arrasta por cerca de 20 metros.\nAp\u00f3s a batida, ele foi arremessado para o lado oposto da via. Outro carro tamb\u00e9m atropelou Jonas e o arrastou at\u00e9 o ponto onde ele foi encontrado.\nSegundo informa\u00e7\u00f5es da Pol\u00edcia Civil divulgadas no local do acidente, Jonas tentava atravessar a via quando foi atingido.\nNa ocorr\u00eancia, o motorista foi preso e passou pelo teste do baf\u00f4metro, que deu positivo para ingest\u00e3o de \u00e1lcool.\nCiclista morreu ap\u00f3s ser atropelado no bairro Cristo Redentor, em Jo\u00e3o Pessoa\nFl\u00e1vio Fernandes\/TV Cabo Branco\nV\u00eddeos mais assistidos do g1 Para\u00edba  ","protected":false},"excerpt":{"rendered":"<p>        C\u00e2mera de seguran\u00e7a flagra momento que motorista atinge ciclista, em Jo\u00e3o Pessoa<br \/>\nC\u00e2meras de seguran\u00e7a registraram o momento em que um motorista atropelou e matou o ciclista Jonas da Silva Oliveira, de 49 anos, ao lado do est\u00e1dio Almeid\u00e3o, no ba&#8230;<\/p>\n","protected":false},"author":2,"featured_media":0,"comment_status":"closed","ping_status":"closed","sticky":false,"template":"","format":"standard","meta":{"advgb_blocks_editor_width":"","advgb_blocks_columns_visual_guide":"","footnotes":""},"categories":[34],"tags":[35],"class_list":["post-72880","post","type-post","status-publish","format-standard","hentry","category-g1","tag-g1"],"author_meta":{"display_name":"g1 &gt; Para\u00edba","author_link":"https:\/\/sindaopcpb.org.br\/author\/g1-paraiba\/"},"featured_img":null,"coauthors":[],"tax_additional":{"categories":{"linked":["<a href=\"https:\/\/sindaopcpb.org.br\/g1\/\" class=\"advgb-post-tax-term\">G1<\/a>"],"unlinked":["<span class=\"advgb-post-tax-term\">G1<\/span>"]},"tags":{"linked":["<a href=\"https:\/\/sindaopcpb.org.br\/g1\/\" class=\"advgb-post-tax-term\">g1<\/a>"],"unlinked":["<span class=\"advgb-post-tax-term\">g1<\/span>"]}},"comment_count":"0","relative_dates":{"created":"Publicado 7 horas atr\u00e1s","modified":"Atualizado 7 horas atr\u00e1s"},"absolute_dates":{"created":"Publicado em 1 de setembro de 2026","modified":"Atualizado em 1 de setembro de 2026"},"absolute_dates_time":{"created":"Publicado em 1 de setembro de 2026 06:56","modified":"Atualizado em 1 de setembro de 2026 06:56"},"featured_img_caption":"","series_order":"","_links":{"self":[{"href":"https:\/\/sindaopcpb.org.br\/index.php\/wp-json\/wp\/v2\/posts\/72880","targetHints":{"allow":["GET"]}}],"collection":[{"href":"https:\/\/sindaopcpb.org.br\/index.php\/wp-json\/wp\/v2\/posts"}],"about":[{"href":"https:\/\/sindaopcpb.org.br\/index.php\/wp-json\/wp\/v2\/types\/post"}],"author":[{"embeddable":true,"href":"https:\/\/sindaopcpb.org.br\/index.php\/wp-json\/wp\/v2\/users\/2"}],"replies":[{"embeddable":true,"href":"https:\/\/sindaopcpb.org.br\/index.php\/wp-json\/wp\/v2\/comments?post=72880"}],"version-history":[{"count":1,"href":"https:\/\/sindaopcpb.org.br\/index.php\/wp-json\/wp\/v2\/posts\/72880\/revisions"}],"predecessor-version":[{"id":72881,"href":"https:\/\/sindaopcpb.org.br\/index.php\/wp-json\/wp\/v2\/posts\/72880\/revisions\/72881"}],"wp:attachment":[{"href":"https:\/\/sindaopcpb.org.br\/index.php\/wp-json\/wp\/v2\/media?parent=72880"}],"wp:term":[{"taxonomy":"category","embeddable":true,"href":"https:\/\/sindaopcpb.org.br\/index.php\/wp-json\/wp\/v2\/categories?post=72880"},{"taxonomy":"post_tag","embeddable":true,"href":"https:\/\/sindaopcpb.org.br\/index.php\/wp-json\/wp\/v2\/tags?post=72880"}],"curies":[{"name":"wp","href":"https:\/\/api.w.org\/{rel}","templated":true}]}}