{"id":72870,"date":"2026-09-01T08:49:11","date_gmt":"2026-09-01T11:49:11","guid":{"rendered":"https:\/\/www.pbagora.com.br\/?p=968577"},"modified":"2026-09-01T08:49:11","modified_gmt":"2026-09-01T11:49:11","slug":"pc-deflagra-2a-fase-de-operacao-contra-organizacao-criminosa-responsavel-por-roubos-na-zona-sul-de-jp","status":"publish","type":"post","link":"https:\/\/sindaopcpb.org.br\/index.php\/2026\/09\/01\/pc-deflagra-2a-fase-de-operacao-contra-organizacao-criminosa-responsavel-por-roubos-na-zona-sul-de-jp\/","title":{"rendered":"PC deflagra 2\u00aa fase de opera\u00e7\u00e3o contra organiza\u00e7\u00e3o criminosa respons\u00e1vel por roubos na Zona Sul de JP"},"content":{"rendered":"<p><img width=\"770\" height=\"514\" src=\"https:\/\/www.pbagora.com.br\/storage\/2026\/08\/PC.webp\" class=\"attachment-large size-large wp-post-image\" alt=\"\" style=\"margin-bottom: 20px;\" decoding=\"async\" srcset=\"https:\/\/www.pbagora.com.br\/storage\/2026\/08\/PC.webp 770w, https:\/\/www.pbagora.com.br\/storage\/2026\/08\/PC-300x200.webp 300w, https:\/\/www.pbagora.com.br\/storage\/2026\/08\/PC-150x100.webp 150w, https:\/\/www.pbagora.com.br\/storage\/2026\/08\/PC-768x513.webp 768w, https:\/\/www.pbagora.com.br\/storage\/2026\/08\/PC-380x254.webp 380w, https:\/\/www.pbagora.com.br\/storage\/2026\/08\/PC-80x53.webp 80w\" sizes=\"(max-width: 770px) 100vw, 770px\" \/><\/p>\n<p class=\"wp-block-paragraph\">A Pol\u00edcia Civil da Para\u00edba, por meio da 9\u00aa Delegacia Distrital (9\u00aa DD), em a\u00e7\u00e3o conjunta com a Delegacia de Roubos e Furtos (DRF) e a For\u00e7a T\u00e1tica da Pol\u00edcia Militar, deflagrou, nesta ter\u00e7a-feira (1\u00ba), a segunda fase de uma opera\u00e7\u00e3o voltada \u00e0 repress\u00e3o de uma organiza\u00e7\u00e3o criminosa respons\u00e1vel por roubos a estabelecimentos comerciais e resid\u00eancias na Zona Sul de Jo\u00e3o Pessoa. A a\u00e7\u00e3o contou com a participa\u00e7\u00e3o de 28 policiais das for\u00e7as de seguran\u00e7a e quatro pessoas foram presas.<\/p>\n\n\n\n<p class=\"wp-block-paragraph\">As investiga\u00e7\u00f5es apontam, at\u00e9 o momento, a participa\u00e7\u00e3o do grupo criminoso em pelo menos seis roubos ocorridos na regi\u00e3o. Durante os trabalhos investigativos, foram identificadas duas lideran\u00e7as locais da organiza\u00e7\u00e3o, al\u00e9m de cinco integrantes apontados como respons\u00e1veis pela execu\u00e7\u00e3o dos assaltos. Tamb\u00e9m foram identificadas pessoas que atuavam como informantes do grupo criminoso e que teriam auxiliado na fuga de dois de seus integrantes.<\/p>\n\n\n\n<p class=\"wp-block-paragraph\">Nesta segunda fase da opera\u00e7\u00e3o, as equipes concentraram as dilig\u00eancias em um condom\u00ednio localizado no bairro do Gramame, onde foram identificados oito integrantes da organiza\u00e7\u00e3o criminosa. Como resultado da a\u00e7\u00e3o, quatro pessoas foram presas nesta ter\u00e7a-feira.<\/p>\n\n\n\n<figure class=\"wp-block-video\"><video height=\"576\" style=\"aspect-ratio: 1024 \/ 576;\" width=\"1024\" controls src=\"https:\/\/www.pbagora.com.br\/storage\/2026\/09\/81a2ba09-c43c-4f03-9f41-f839f24cd5c1.mov\"><\/video><\/figure>\n\n\n\n<p class=\"wp-block-paragraph\">As investiga\u00e7\u00f5es continuam com o objetivo de identificar outras poss\u00edveis v\u00edtimas do grupo, localizar e recuperar objetos subtra\u00eddos durante os roubos e responsabilizar os demais envolvidos nas a\u00e7\u00f5es criminosas. Os presos foram encaminhados \u00e0s unidades policiais, onde foram realizados os procedimentos legais cab\u00edveis, permanecendo \u00e0 disposi\u00e7\u00e3o da Justi\u00e7a.<\/p>\n\n\n\n<p class=\"wp-block-paragraph\">Reda\u00e7\u00e3o com PC<\/p>\n","protected":false},"excerpt":{"rendered":"<p><img loading=\"lazy\" decoding=\"async\" width=\"770\" height=\"514\" src=\"https:\/\/www.pbagora.com.br\/storage\/2026\/08\/PC.webp\" class=\"attachment-large size-large wp-post-image\" alt=\"\" srcset=\"https:\/\/www.pbagora.com.br\/storage\/2026\/08\/PC.webp 770w, https:\/\/www.pbagora.com.br\/storage\/2026\/08\/PC-300x200.webp 300w, https:\/\/www.pbagora.com.br\/storage\/2026\/08\/PC-150x100.webp 150w, https:\/\/www.pbagora.com.br\/storage\/2026\/08\/PC-768x513.webp 768w, https:\/\/www.pbagora.com.br\/storage\/2026\/08\/PC-380x254.webp 380w, https:\/\/www.pbagora.com.br\/storage\/2026\/08\/PC-80x53.webp 80w\" sizes=\"auto, (max-width: 770px) 100vw, 770px\"><\/p>\n<p>A Pol\u00edcia Civil da Para\u00edba, por meio da 9\u00aa Delegacia Distrital (9\u00aa DD), em a\u00e7\u00e3o conjunta com a\u2026<\/p>\n","protected":false},"author":123457,"featured_media":0,"comment_status":"closed","ping_status":"closed","sticky":false,"template":"","format":"standard","meta":{"advgb_blocks_editor_width":"","advgb_blocks_columns_visual_guide":"","footnotes":""},"categories":[34],"tags":[35,10839,10851],"class_list":["post-72870","post","type-post","status-publish","format-standard","hentry","category-g1","tag-g1","tag-policial","tag-urgente"],"author_meta":{"display_name":"Reda\u00e7\u00e3o","author_link":"https:\/\/sindaopcpb.org.br\/author\/redacao\/"},"featured_img":null,"coauthors":[],"tax_additional":{"categories":{"linked":["<a href=\"https:\/\/sindaopcpb.org.br\/g1\/\" class=\"advgb-post-tax-term\">G1<\/a>"],"unlinked":["<span class=\"advgb-post-tax-term\">G1<\/span>"]},"tags":{"linked":["<a href=\"https:\/\/sindaopcpb.org.br\/g1\/\" class=\"advgb-post-tax-term\">g1<\/a>","<a href=\"https:\/\/sindaopcpb.org.br\/g1\/\" class=\"advgb-post-tax-term\">Policial<\/a>","<a href=\"https:\/\/sindaopcpb.org.br\/g1\/\" class=\"advgb-post-tax-term\">URGENTE<\/a>"],"unlinked":["<span class=\"advgb-post-tax-term\">g1<\/span>","<span class=\"advgb-post-tax-term\">Policial<\/span>","<span class=\"advgb-post-tax-term\">URGENTE<\/span>"]}},"comment_count":"0","relative_dates":{"created":"Publicado 5 horas atr\u00e1s","modified":"Atualizado 5 horas atr\u00e1s"},"absolute_dates":{"created":"Publicado em 1 de setembro de 2026","modified":"Atualizado em 1 de setembro de 2026"},"absolute_dates_time":{"created":"Publicado em 1 de setembro de 2026 08:49","modified":"Atualizado em 1 de setembro de 2026 08:49"},"featured_img_caption":"","series_order":"","_links":{"self":[{"href":"https:\/\/sindaopcpb.org.br\/index.php\/wp-json\/wp\/v2\/posts\/72870","targetHints":{"allow":["GET"]}}],"collection":[{"href":"https:\/\/sindaopcpb.org.br\/index.php\/wp-json\/wp\/v2\/posts"}],"about":[{"href":"https:\/\/sindaopcpb.org.br\/index.php\/wp-json\/wp\/v2\/types\/post"}],"author":[{"embeddable":true,"href":"https:\/\/sindaopcpb.org.br\/index.php\/wp-json\/wp\/v2\/users\/123457"}],"replies":[{"embeddable":true,"href":"https:\/\/sindaopcpb.org.br\/index.php\/wp-json\/wp\/v2\/comments?post=72870"}],"version-history":[{"count":2,"href":"https:\/\/sindaopcpb.org.br\/index.php\/wp-json\/wp\/v2\/posts\/72870\/revisions"}],"predecessor-version":[{"id":72892,"href":"https:\/\/sindaopcpb.org.br\/index.php\/wp-json\/wp\/v2\/posts\/72870\/revisions\/72892"}],"wp:attachment":[{"href":"https:\/\/sindaopcpb.org.br\/index.php\/wp-json\/wp\/v2\/media?parent=72870"}],"wp:term":[{"taxonomy":"category","embeddable":true,"href":"https:\/\/sindaopcpb.org.br\/index.php\/wp-json\/wp\/v2\/categories?post=72870"},{"taxonomy":"post_tag","embeddable":true,"href":"https:\/\/sindaopcpb.org.br\/index.php\/wp-json\/wp\/v2\/tags?post=72870"}],"curies":[{"name":"wp","href":"https:\/\/api.w.org\/{rel}","templated":true}]}}