{"id":72866,"date":"2026-08-31T20:18:23","date_gmt":"2026-08-31T23:18:23","guid":{"rendered":"https:\/\/g1.globo.com\/pb\/paraiba\/eleicoes\/2026\/noticia\/2026\/08\/31\/visita-a-hospitais-reuniao-com-lojistas-e-caminhadas-veja-como-foi-o-dia-dos-candidatos-ao-governo-da-paraiba.ghtml"},"modified":"2026-08-31T20:18:23","modified_gmt":"2026-08-31T23:18:23","slug":"visita-a-hospitais-evento-com-lojistas-e-caminhadas-veja-como-foi-o-dia-dos-candidatos-ao-governo-da-paraiba","status":"publish","type":"post","link":"https:\/\/sindaopcpb.org.br\/index.php\/2026\/08\/31\/visita-a-hospitais-evento-com-lojistas-e-caminhadas-veja-como-foi-o-dia-dos-candidatos-ao-governo-da-paraiba\/","title":{"rendered":"Visita a hospitais, evento com lojistas e caminhadas: veja como foi o dia dos candidatos ao governo da Para\u00edba"},"content":{"rendered":"   <img src=\"https:\/\/s2-g1.glbimg.com\/nmZc45FXG3SwXWnNfMgX0o4ajRU=\/i.s3.glbimg.com\/v1\/AUTH_59edd422c0c84a879bd37670ae4f538a\/internal_photos\/bs\/2026\/g\/7\/SrQT3gRris64KDmMnxWA\/design-sem-nome-2-.png\" \/><br \/>     Veja agenda dos candidatos ao governo da Para\u00edba\nReprodu\u00e7\u00e3o\nOs candidatos ao governo da Para\u00edba realizaram mais um dia de campanha, nesta segunda-feira (31), em diferentes locais do estado. Entre os compromissos dos candidatos estiveram visitas a hospitais, reuni\u00e3o com lojistas, caminhadas e grava\u00e7\u00f5es para o guia eleitoral.\nO primeiro turno de vota\u00e7\u00e3o ser\u00e1 em 4 de outubro. O segundo est\u00e1 marcado para o dia 25 do mesmo m\u00eas.\n\u2705 Clique aqui para seguir o canal do g1 PB no WhatsApp \nC\u00edcero Lucena (PP) \nO candidato ao governo da Para\u00edba, C\u00edcero Lucena (MDB), cumpriu agenda de campanha em Jo\u00e3o Pessoa nesta segunda-feira (31). Durante o dia, ele gravou conte\u00fados para o guia eleitoral e participou de uma reuni\u00e3o na C\u00e2mara dos Dirigentes Lojistas (CDL).\nDurante o encontro, a CDL apresentou ao candidato um manifesto da Comiss\u00e3o Nacional e uma carta-compromisso voltada ao desenvolvimento econ\u00f4mico e ao empreendedorismo na Para\u00edba. C\u00edcero tamb\u00e9m apresentou uma carta-compromisso com propostas pr\u00f3prias para os empreendedores. \nAgora no g1\nEfraim Filho (PL) \nO candidato ao governo da Para\u00edba, Efraim Filho (PL), visitou o Hospital S\u00e3o Vicente de Paulo, em Jo\u00e3o Pessoa, nesta segunda-feira (31). Ele tamb\u00e9m conversou com eleitores e fez imagens na entrada da unidade. Na visita, Efraim disse que defende a telemedicina na sa\u00fade do estado como forma de melhorar o acesso.\nA agenda de Efraim Filho no dia seguiu com a grava\u00e7\u00e3o para o guia eleitoral e tamb\u00e9m uma reuni\u00e3o com a coordena\u00e7\u00e3o de campanha.\nLucas Ribeiro (PP) \nO candidato a governador da Para\u00edba Lucas Ribeiro (PP) cumpriu agenda em Campina Grande nesta segunda-feira (31). No turno da tarde, o candidato visitou o Hospital Materno Infantil Clipsi no Centro da cidade. \nAinda nesta segunda-feira (31), o candidato Lucas Ribeiro participou de caminhada no bairro do Catol\u00e9, em Campina Grande, e \u00e0 noite participa de mais uma caminhada, desta vez no bairro Castelo Branco, em Jo\u00e3o Pessoa.\nCamilo Duarte (PCO)\nPela manh\u00e3, Camilo Duarte (PCO) se reuniu com a equipe jur\u00eddica; \u00e0 tarde, esteve com filiados e simpatizantes do partido; e, \u00e0 noite, participou de uma reuni\u00e3o de campanha no Bairro das Ind\u00fastrias.  \nPedro Coutinho (DC) \nNesta segunda-feira (31), Pedro Coutinho (DC) cumpriu agenda em Jo\u00e3o Pessoa. Pela manh\u00e3, ele participou de uma caminhada com apoiadores na orla de Jo\u00e3o Pessoa e tomou caf\u00e9 no Mercado P\u00fablico de Tamba\u00fa. \n Em seguida, reuniu-se com apoiadores no Conde-PB e, \u00e0 noite, viajou para o Sert\u00e3o paraibano. \nYuri Ezequiel (UP) \nNesta segunda-feira (31), o candidato teve uma reuni\u00e3o com a equipe de campanha e gravou conte\u00fados. \nV\u00eddeos mais assistidos do g1 Para\u00edba  ","protected":false},"excerpt":{"rendered":"<p>        Veja agenda dos candidatos ao governo da Para\u00edba<br \/>\nReprodu\u00e7\u00e3o<br \/>\nOs candidatos ao governo da Para\u00edba realizaram mais um dia de campanha, nesta segunda-feira (31), em diferentes locais do estado. Entre os compromissos dos candidatos estiveram visitas&#8230;<\/p>\n","protected":false},"author":2,"featured_media":0,"comment_status":"closed","ping_status":"closed","sticky":false,"template":"","format":"standard","meta":{"advgb_blocks_editor_width":"","advgb_blocks_columns_visual_guide":"","footnotes":""},"categories":[34],"tags":[35],"class_list":["post-72866","post","type-post","status-publish","format-standard","hentry","category-g1","tag-g1"],"author_meta":{"display_name":"g1 &gt; Para\u00edba","author_link":"https:\/\/sindaopcpb.org.br\/author\/g1-paraiba\/"},"featured_img":null,"coauthors":[],"tax_additional":{"categories":{"linked":["<a href=\"https:\/\/sindaopcpb.org.br\/g1\/\" class=\"advgb-post-tax-term\">G1<\/a>"],"unlinked":["<span class=\"advgb-post-tax-term\">G1<\/span>"]},"tags":{"linked":["<a href=\"https:\/\/sindaopcpb.org.br\/g1\/\" class=\"advgb-post-tax-term\">g1<\/a>"],"unlinked":["<span class=\"advgb-post-tax-term\">g1<\/span>"]}},"comment_count":"0","relative_dates":{"created":"Publicado 5 horas atr\u00e1s","modified":"Atualizado 5 horas atr\u00e1s"},"absolute_dates":{"created":"Publicado em 31 de agosto de 2026","modified":"Atualizado em 31 de agosto de 2026"},"absolute_dates_time":{"created":"Publicado em 31 de agosto de 2026 20:18","modified":"Atualizado em 31 de agosto de 2026 20:18"},"featured_img_caption":"","series_order":"","_links":{"self":[{"href":"https:\/\/sindaopcpb.org.br\/index.php\/wp-json\/wp\/v2\/posts\/72866","targetHints":{"allow":["GET"]}}],"collection":[{"href":"https:\/\/sindaopcpb.org.br\/index.php\/wp-json\/wp\/v2\/posts"}],"about":[{"href":"https:\/\/sindaopcpb.org.br\/index.php\/wp-json\/wp\/v2\/types\/post"}],"author":[{"embeddable":true,"href":"https:\/\/sindaopcpb.org.br\/index.php\/wp-json\/wp\/v2\/users\/2"}],"replies":[{"embeddable":true,"href":"https:\/\/sindaopcpb.org.br\/index.php\/wp-json\/wp\/v2\/comments?post=72866"}],"version-history":[{"count":1,"href":"https:\/\/sindaopcpb.org.br\/index.php\/wp-json\/wp\/v2\/posts\/72866\/revisions"}],"predecessor-version":[{"id":72867,"href":"https:\/\/sindaopcpb.org.br\/index.php\/wp-json\/wp\/v2\/posts\/72866\/revisions\/72867"}],"wp:attachment":[{"href":"https:\/\/sindaopcpb.org.br\/index.php\/wp-json\/wp\/v2\/media?parent=72866"}],"wp:term":[{"taxonomy":"category","embeddable":true,"href":"https:\/\/sindaopcpb.org.br\/index.php\/wp-json\/wp\/v2\/categories?post=72866"},{"taxonomy":"post_tag","embeddable":true,"href":"https:\/\/sindaopcpb.org.br\/index.php\/wp-json\/wp\/v2\/tags?post=72866"}],"curies":[{"name":"wp","href":"https:\/\/api.w.org\/{rel}","templated":true}]}}