{"id":72859,"date":"2026-08-31T19:35:54","date_gmt":"2026-08-31T22:35:54","guid":{"rendered":"https:\/\/www.pbagora.com.br\/?p=968521"},"modified":"2026-08-31T19:35:54","modified_gmt":"2026-08-31T22:35:54","slug":"mppb-autua-mais-de-230-hectares-de-desmatamento-ilegal-na-pb-multas-passam-de-r-2-milhoes","status":"publish","type":"post","link":"https:\/\/sindaopcpb.org.br\/index.php\/2026\/08\/31\/mppb-autua-mais-de-230-hectares-de-desmatamento-ilegal-na-pb-multas-passam-de-r-2-milhoes\/","title":{"rendered":"MPPB autua mais de 230 hectares de desmatamento ilegal na PB; multas passam de R$ 2 milh\u00f5es"},"content":{"rendered":"<p><img width=\"735\" height=\"400\" src=\"https:\/\/www.pbagora.com.br\/storage\/2021\/05\/mppb-7.jpg\" class=\"attachment-large size-large wp-post-image\" alt=\"\" style=\"margin-bottom: 20px;\" decoding=\"async\" srcset=\"https:\/\/www.pbagora.com.br\/storage\/2021\/05\/mppb-7.jpg 735w, https:\/\/www.pbagora.com.br\/storage\/2021\/05\/mppb-7-300x163.jpg 300w, https:\/\/www.pbagora.com.br\/storage\/2021\/05\/mppb-7-150x82.jpg 150w, https:\/\/www.pbagora.com.br\/storage\/2021\/05\/mppb-7-380x207.jpg 380w, https:\/\/www.pbagora.com.br\/storage\/2021\/05\/mppb-7-80x44.jpg 80w, https:\/\/www.pbagora.com.br\/storage\/2021\/05\/mppb-7-600x327.jpg 600w\" sizes=\"(max-width: 735px) 100vw, 735px\" \/><\/p>\n<p class=\"wp-block-paragraph\">Em dez dias, mais de 230 hectares de desmatamento ilegal foram autuados em quatro munic\u00edpios da Para\u00edba. O balan\u00e7o faz parte da Opera\u00e7\u00e3o Mata Atl\u00e2ntica em P\u00e9 2026, realizada simultaneamente nos 17 estados abrangidos pelo bioma entre 17 e 27 de agosto. A a\u00e7\u00e3o mobilizou o Minist\u00e9rio P\u00fablico da Para\u00edba (MPPB), \u00f3rg\u00e3os de fiscaliza\u00e7\u00e3o ambiental, como a Superintend\u00eancia de Administra\u00e7\u00e3o do Meio Ambiente (Sudema), e for\u00e7as policiais em uma atua\u00e7\u00e3o integrada, baseada em intelig\u00eancia geoespacial, que resultou em 15 autos de infra\u00e7\u00e3o e R$ 2.026.828,80 em multas, al\u00e9m de outras medidas administrativas.<\/p>\n\n\n\n<p class=\"wp-block-paragraph\">Os il\u00edcitos ambientais foram identificados a partir da fiscaliza\u00e7\u00e3o remota e presencial de sete alertas de desmatamento obtidos por sistemas de monitoramento remoto, como o MapBiomas Alerta, nos munic\u00edpios de S\u00e3o Miguel de Taipu, Massaranduba, Alagoa Grande e Alagoinha.<\/p>\n\n\n\n<p class=\"wp-block-paragraph\">A coordenadora do Centro de Apoio Operacional do Meio Ambiente do MPPB, promotora de Justi\u00e7a Cl\u00e1udia Cabral, que coordenou a opera\u00e7\u00e3o no estado, destaca que a atua\u00e7\u00e3o integrada fortalece o combate ao desmatamento ilegal no estado. &#8220;Essa opera\u00e7\u00e3o evidencia o compromisso constante do Minist\u00e9rio P\u00fablico da Para\u00edba na preserva\u00e7\u00e3o da Mata Atl\u00e2ntica. A recupera\u00e7\u00e3o de cada hectare vai al\u00e9m de resguardar a biodiversidade, assegurando tamb\u00e9m bem-estar e estabilidade clim\u00e1tica para o povo paraibano&#8221;, disse.<\/p>\n\n\n\n<p class=\"wp-block-paragraph\">A coordena\u00e7\u00e3o nacional da Opera\u00e7\u00e3o Mata Atl\u00e2ntica em P\u00e9 \u00e9 realizada pela Associa\u00e7\u00e3o Brasileira dos Membros do Minist\u00e9rio P\u00fablico de Meio Ambiente (Abrampa) e pelo Minist\u00e9rio P\u00fablico de Minas Gerais (MPMG), com o apoio da Funda\u00e7\u00e3o SOS Mata Atl\u00e2ntica. Como nas edi\u00e7\u00f5es anteriores, neste ano participaram da opera\u00e7\u00e3o todos os estados abrangidos pelo bioma: Alagoas, Bahia, Cear\u00e1, Para\u00edba, Pernambuco, Piau\u00ed, Rio Grande do Norte, Sergipe, Esp\u00edrito Santo, Minas Gerais, Paran\u00e1, Rio de Janeiro, S\u00e3o Paulo, Rio Grande do Sul, Santa Catarina, Goi\u00e1s e Mato Grosso do Sul.<\/p>\n\n\n\n<p class=\"wp-block-paragraph\"><strong>Integra\u00e7\u00e3o e tecnologia<\/strong><\/p>\n\n\n\n<p class=\"wp-block-paragraph\">Nos 17 estados participantes, foram mais de 8 mil hectares autuados e as multas ultrapassaram os R$ 100 milh\u00f5es. Para o promotor do MPPR e diretor da Abrampa, Alexandre Gaio, a Opera\u00e7\u00e3o Mata Atl\u00e2ntica em P\u00e9 consolida um modelo bem-sucedido de trabalho planejado e articulado entre diversas institui\u00e7\u00f5es, com uso de tecnologia para viabilizar efetivas respostas aos il\u00edcitos praticados em preju\u00edzo do bioma mata atl\u00e2ntica.<\/p>\n\n\n\n<p class=\"wp-block-paragraph\">&#8220;O monitoramento cont\u00ednuo, aliado \u00e0 fiscaliza\u00e7\u00e3o h\u00edbrida, presencial e remota, efetica responsabiliza\u00e7\u00e3o dos infratores, tem fortalecido a prote\u00e7\u00e3o da Mata Atl\u00e2ntica e contribu\u00eddo para ampliar o controle sobre o desmatamento ilegal. Esse trabalho vem sendo reconhecido como um dos fatores que tem contribu\u00eddo decisivamente para a redu\u00e7\u00e3o das taxas de desmatamento do bioma nos \u00faltimos anos\u201d, afirma Gaio.<\/p>\n\n\n\n<p class=\"wp-block-paragraph\">A Opera\u00e7\u00e3o Mata Atl\u00e2ntica em P\u00e9 utiliza informa\u00e7\u00f5es produzidas por diversos sistemas de monitoramento remoto, entre eles o MapBiomas Alerta, para identificar \u00e1reas com ind\u00edcios de desmatamento ilegal. Com base nesses alertas, equipes de fiscaliza\u00e7\u00e3o realizam verifica\u00e7\u00f5es remotas e presenciais para confirmar a ocorr\u00eancia das infra\u00e7\u00f5es ambientais e emitir os devidos autos de infra\u00e7\u00e3o e termos de embargo.<\/p>\n\n\n\n<p class=\"wp-block-paragraph\">Em diversos estados, o emprego de drones e outras tecnologias de georreferenciamento complementa as inspe\u00e7\u00f5es de campo, aumentando a precis\u00e3o das fiscaliza\u00e7\u00f5es e reduzindo o tempo de resposta das equipes.<\/p>\n\n\n\n<p class=\"wp-block-paragraph\">Confirmadas as irregularidades, os respons\u00e1veis ficam sujeitos \u00e0 aplica\u00e7\u00e3o de multas e demais san\u00e7\u00f5es administrativas e a repara\u00e7\u00e3o integral dos danos ambientais e clim\u00e1ticos, sem preju\u00edzo na apura\u00e7\u00e3o da responsabilidade nas esferas c\u00edvel e criminal. As \u00e1reas desmatadas ilegalmente tamb\u00e9m podem sofrer restri\u00e7\u00f5es relacionadas ao Cadastro Ambiental Rural (CAR), ao acesso ao cr\u00e9dito rural e a outros instrumentos previstos na legisla\u00e7\u00e3o ambiental.<\/p>\n\n\n\n<p class=\"wp-block-paragraph\"><\/p>\n\n\n\n<p class=\"wp-block-paragraph\"><strong><em>Ascom \/ MPPB<\/em><\/strong><\/p>\n","protected":false},"excerpt":{"rendered":"<p><img loading=\"lazy\" decoding=\"async\" width=\"735\" height=\"400\" src=\"https:\/\/www.pbagora.com.br\/storage\/2021\/05\/mppb-7.jpg\" class=\"attachment-large size-large wp-post-image\" alt=\"\" srcset=\"https:\/\/www.pbagora.com.br\/storage\/2021\/05\/mppb-7.jpg 735w, https:\/\/www.pbagora.com.br\/storage\/2021\/05\/mppb-7-300x163.jpg 300w, https:\/\/www.pbagora.com.br\/storage\/2021\/05\/mppb-7-150x82.jpg 150w, https:\/\/www.pbagora.com.br\/storage\/2021\/05\/mppb-7-380x207.jpg 380w, https:\/\/www.pbagora.com.br\/storage\/2021\/05\/mppb-7-80x44.jpg 80w, https:\/\/www.pbagora.com.br\/storage\/2021\/05\/mppb-7-600x327.jpg 600w\" sizes=\"auto, (max-width: 735px) 100vw, 735px\"><\/p>\n<p>Em dez dias, mais de 230 hectares de desmatamento ilegal foram autuados em quatro munic\u00edpios da Para\u00edba. O\u2026<\/p>\n","protected":false},"author":123457,"featured_media":0,"comment_status":"closed","ping_status":"closed","sticky":false,"template":"","format":"standard","meta":{"advgb_blocks_editor_width":"","advgb_blocks_columns_visual_guide":"","footnotes":""},"categories":[34],"tags":[10841,35,10839],"class_list":["post-72859","post","type-post","status-publish","format-standard","hentry","category-g1","tag-destaque-centro-02","tag-g1","tag-policial"],"author_meta":{"display_name":"Reda\u00e7\u00e3o","author_link":"https:\/\/sindaopcpb.org.br\/author\/redacao\/"},"featured_img":null,"coauthors":[],"tax_additional":{"categories":{"linked":["<a href=\"https:\/\/sindaopcpb.org.br\/g1\/\" class=\"advgb-post-tax-term\">G1<\/a>"],"unlinked":["<span class=\"advgb-post-tax-term\">G1<\/span>"]},"tags":{"linked":["<a href=\"https:\/\/sindaopcpb.org.br\/g1\/\" class=\"advgb-post-tax-term\">Destaque Centro 02<\/a>","<a href=\"https:\/\/sindaopcpb.org.br\/g1\/\" class=\"advgb-post-tax-term\">g1<\/a>","<a href=\"https:\/\/sindaopcpb.org.br\/g1\/\" class=\"advgb-post-tax-term\">Policial<\/a>"],"unlinked":["<span class=\"advgb-post-tax-term\">Destaque Centro 02<\/span>","<span class=\"advgb-post-tax-term\">g1<\/span>","<span class=\"advgb-post-tax-term\">Policial<\/span>"]}},"comment_count":"0","relative_dates":{"created":"Publicado 4 horas atr\u00e1s","modified":"Atualizado 4 horas atr\u00e1s"},"absolute_dates":{"created":"Publicado em 31 de agosto de 2026","modified":"Atualizado em 31 de agosto de 2026"},"absolute_dates_time":{"created":"Publicado em 31 de agosto de 2026 19:35","modified":"Atualizado em 31 de agosto de 2026 19:35"},"featured_img_caption":"","series_order":"","_links":{"self":[{"href":"https:\/\/sindaopcpb.org.br\/index.php\/wp-json\/wp\/v2\/posts\/72859","targetHints":{"allow":["GET"]}}],"collection":[{"href":"https:\/\/sindaopcpb.org.br\/index.php\/wp-json\/wp\/v2\/posts"}],"about":[{"href":"https:\/\/sindaopcpb.org.br\/index.php\/wp-json\/wp\/v2\/types\/post"}],"author":[{"embeddable":true,"href":"https:\/\/sindaopcpb.org.br\/index.php\/wp-json\/wp\/v2\/users\/123457"}],"replies":[{"embeddable":true,"href":"https:\/\/sindaopcpb.org.br\/index.php\/wp-json\/wp\/v2\/comments?post=72859"}],"version-history":[{"count":1,"href":"https:\/\/sindaopcpb.org.br\/index.php\/wp-json\/wp\/v2\/posts\/72859\/revisions"}],"predecessor-version":[{"id":72860,"href":"https:\/\/sindaopcpb.org.br\/index.php\/wp-json\/wp\/v2\/posts\/72859\/revisions\/72860"}],"wp:attachment":[{"href":"https:\/\/sindaopcpb.org.br\/index.php\/wp-json\/wp\/v2\/media?parent=72859"}],"wp:term":[{"taxonomy":"category","embeddable":true,"href":"https:\/\/sindaopcpb.org.br\/index.php\/wp-json\/wp\/v2\/categories?post=72859"},{"taxonomy":"post_tag","embeddable":true,"href":"https:\/\/sindaopcpb.org.br\/index.php\/wp-json\/wp\/v2\/tags?post=72859"}],"curies":[{"name":"wp","href":"https:\/\/api.w.org\/{rel}","templated":true}]}}