{"id":72857,"date":"2026-08-31T18:52:49","date_gmt":"2026-08-31T21:52:49","guid":{"rendered":"https:\/\/g1.globo.com\/pb\/paraiba\/noticia\/2026\/08\/31\/homem-e-preso-suspeito-de-abusar-sexualmente-de-enteada-de-12-anos-no-sertao.ghtml"},"modified":"2026-08-31T18:52:49","modified_gmt":"2026-08-31T21:52:49","slug":"homem-e-preso-suspeito-de-abusar-sexualmente-de-enteada-de-12-anos-no-sertao","status":"publish","type":"post","link":"https:\/\/sindaopcpb.org.br\/index.php\/2026\/08\/31\/homem-e-preso-suspeito-de-abusar-sexualmente-de-enteada-de-12-anos-no-sertao\/","title":{"rendered":"Homem \u00e9 preso suspeito de abusar sexualmente de enteada de 12 anos, no Sert\u00e3o"},"content":{"rendered":"   <img src=\"https:\/\/s2-g1.glbimg.com\/DlFnSBjdvS4SJFddFfutjXc5qtI=\/i.s3.glbimg.com\/v1\/AUTH_59edd422c0c84a879bd37670ae4f538a\/internal_photos\/bs\/2026\/6\/L\/l2h4NdRSSV16TAPvACuw\/civil-coremas-redimensiona.jpg\" \/><br \/>     Delegacia de Coremas, na Para\u00edba\nReprodu\u00e7\u00e3o\/TV Para\u00edba\nUm homem foi preso nesta segunda-feira (31) em Coremas, no Sert\u00e3o da Para\u00edba, suspeito de viol\u00eancia sexual contra a enteada, uma menina de 12 anos.\n\u2705 Clique aqui para seguir o canal do g1 PB no WhatsApp\nSegundo a Pol\u00edcia Civil, o caso foi denunciado na \u00faltima ter\u00e7a-feira (25), quando o Conselho Tutelar compareceu a uma delegacia. A partir da den\u00fancia, um mandado de pris\u00e3o foi expedido pela Justi\u00e7a, e o homem passou a ser procurado.\nO suspeito foi localizado nesta segunda-feira e encaminhado \u00e0 audi\u00eancia de cust\u00f3dia.\nAt\u00e9 a \u00faltima atualiza\u00e7\u00e3o desta reportagem, a Pol\u00edcia Civil n\u00e3o havia informado onde o homem foi localizado nem repassado detalhes sobre quando o crime teria ocorrido.\nAgora no g1\nV\u00eddeos mais assistidos do g1 Para\u00edba  ","protected":false},"excerpt":{"rendered":"<p>        Delegacia de Coremas, na Para\u00edba<br \/>\nReprodu\u00e7\u00e3o\/TV Para\u00edba<br \/>\nUm homem foi preso nesta segunda-feira (31) em Coremas, no Sert\u00e3o da Para\u00edba, suspeito de viol\u00eancia sexual contra a enteada, uma menina de 12 anos.<br \/>\n\u2705 Clique aqui para seguir o canal do g1 P&#8230;<\/p>\n","protected":false},"author":2,"featured_media":0,"comment_status":"closed","ping_status":"closed","sticky":false,"template":"","format":"standard","meta":{"advgb_blocks_editor_width":"","advgb_blocks_columns_visual_guide":"","footnotes":""},"categories":[34],"tags":[35],"class_list":["post-72857","post","type-post","status-publish","format-standard","hentry","category-g1","tag-g1"],"author_meta":{"display_name":"g1 &gt; Para\u00edba","author_link":"https:\/\/sindaopcpb.org.br\/author\/g1-paraiba\/"},"featured_img":null,"coauthors":[],"tax_additional":{"categories":{"linked":["<a href=\"https:\/\/sindaopcpb.org.br\/g1\/\" class=\"advgb-post-tax-term\">G1<\/a>"],"unlinked":["<span class=\"advgb-post-tax-term\">G1<\/span>"]},"tags":{"linked":["<a href=\"https:\/\/sindaopcpb.org.br\/g1\/\" class=\"advgb-post-tax-term\">g1<\/a>"],"unlinked":["<span class=\"advgb-post-tax-term\">g1<\/span>"]}},"comment_count":"0","relative_dates":{"created":"Publicado 5 horas atr\u00e1s","modified":"Atualizado 5 horas atr\u00e1s"},"absolute_dates":{"created":"Publicado em 31 de agosto de 2026","modified":"Atualizado em 31 de agosto de 2026"},"absolute_dates_time":{"created":"Publicado em 31 de agosto de 2026 18:52","modified":"Atualizado em 31 de agosto de 2026 18:52"},"featured_img_caption":"","series_order":"","_links":{"self":[{"href":"https:\/\/sindaopcpb.org.br\/index.php\/wp-json\/wp\/v2\/posts\/72857","targetHints":{"allow":["GET"]}}],"collection":[{"href":"https:\/\/sindaopcpb.org.br\/index.php\/wp-json\/wp\/v2\/posts"}],"about":[{"href":"https:\/\/sindaopcpb.org.br\/index.php\/wp-json\/wp\/v2\/types\/post"}],"author":[{"embeddable":true,"href":"https:\/\/sindaopcpb.org.br\/index.php\/wp-json\/wp\/v2\/users\/2"}],"replies":[{"embeddable":true,"href":"https:\/\/sindaopcpb.org.br\/index.php\/wp-json\/wp\/v2\/comments?post=72857"}],"version-history":[{"count":2,"href":"https:\/\/sindaopcpb.org.br\/index.php\/wp-json\/wp\/v2\/posts\/72857\/revisions"}],"predecessor-version":[{"id":72865,"href":"https:\/\/sindaopcpb.org.br\/index.php\/wp-json\/wp\/v2\/posts\/72857\/revisions\/72865"}],"wp:attachment":[{"href":"https:\/\/sindaopcpb.org.br\/index.php\/wp-json\/wp\/v2\/media?parent=72857"}],"wp:term":[{"taxonomy":"category","embeddable":true,"href":"https:\/\/sindaopcpb.org.br\/index.php\/wp-json\/wp\/v2\/categories?post=72857"},{"taxonomy":"post_tag","embeddable":true,"href":"https:\/\/sindaopcpb.org.br\/index.php\/wp-json\/wp\/v2\/tags?post=72857"}],"curies":[{"name":"wp","href":"https:\/\/api.w.org\/{rel}","templated":true}]}}