{"id":72853,"date":"2026-08-31T18:35:30","date_gmt":"2026-08-31T21:35:30","guid":{"rendered":"https:\/\/g1.globo.com\/pb\/paraiba\/eleicoes\/2026\/noticia\/2026\/08\/31\/cicero-lucena-defende-investimentos-em-infraestrutura-e-apoio-a-empreendedores-na-paraiba.ghtml"},"modified":"2026-08-31T18:35:30","modified_gmt":"2026-08-31T21:35:30","slug":"cicero-lucena-defende-investimentos-em-infraestrutura-e-apoio-a-empreendedores-na-paraiba","status":"publish","type":"post","link":"https:\/\/sindaopcpb.org.br\/index.php\/2026\/08\/31\/cicero-lucena-defende-investimentos-em-infraestrutura-e-apoio-a-empreendedores-na-paraiba\/","title":{"rendered":"C\u00edcero Lucena defende investimentos em infraestrutura e apoio a empreendedores na Para\u00edba"},"content":{"rendered":"   <img src=\"https:\/\/s2-g1.glbimg.com\/PlTslEiqSJvINXuje-j8u_3BPAs=\/i.s3.glbimg.com\/v1\/AUTH_59edd422c0c84a879bd37670ae4f538a\/internal_photos\/bs\/2026\/O\/w\/DmntyBTIOzglJiILJWig\/whatsapp-image-2026-08-31-at-18.13.42.jpeg\" \/><br \/>     C\u00edcero Lucena em agenda nesta segunda-feira (31), na C\u00e2mara de Dirigentes Lojistas (CDL) de Jo\u00e3o Pessoa.\nReprodu\u00e7\u00e3o\/TV Cabo Branco\nO candidato ao governo da Para\u00edba, C\u00edcero Lucena (MDB), cumpriu agenda de campanha em Jo\u00e3o Pessoa nesta segunda-feira (31). Durante o dia, ele gravou conte\u00fados para o guia eleitoral e participou de uma reuni\u00e3o na C\u00e2mara dos Dirigentes Lojistas (CDL).\n\u2705 Clique aqui para seguir o canal do g1 PB no WhatsApp\nNa reuni\u00e3o, C\u00edcero se encontrou com integrantes da diretoria da entidade. Durante o encontro, a CDL apresentou ao candidato um manifesto da Comiss\u00e3o Nacional e uma carta-compromisso voltada ao desenvolvimento econ\u00f4mico e ao empreendedorismo na Para\u00edba.\nC\u00edcero tamb\u00e9m apresentou uma carta-compromisso com propostas pr\u00f3prias. O candidato afirmou que considera o empreendedor um parceiro do desenvolvimento e defendeu a\u00e7\u00f5es para atrair empresas e ampliar investimentos em infraestrutura e assist\u00eancia t\u00e9cnica.\n\"\u00c9 importante que a gente chegue junto e cumpra o que for necess\u00e1rio para atrair novas empresas, investir em infraestrutura que possa facilitar o escoamento da produ\u00e7\u00e3o. Em alguns \u00e1reas, chegar com assist\u00eancia t\u00e9cnica, com apoio t\u00e9cnico e tamb\u00e9m financeiro quando necess\u00e1rio\", falou\nAinda nesta segunda-feira (31), C\u00edcero Lucena deve participar de uma entrevista em uma emissora de televis\u00e3o e de quatro plen\u00e1rias em diferentes \u00e1reas da cidade.\nAgora no g1\nV\u00eddeos mais assistidos do g1 Para\u00edba  ","protected":false},"excerpt":{"rendered":"<p>        C\u00edcero Lucena em agenda nesta segunda-feira (31), na C\u00e2mara de Dirigentes Lojistas (CDL) de Jo\u00e3o Pessoa.<br \/>\nReprodu\u00e7\u00e3o\/TV Cabo Branco<br \/>\nO candidato ao governo da Para\u00edba, C\u00edcero Lucena (MDB), cumpriu agenda de campanha em Jo\u00e3o Pessoa nesta segunda-f&#8230;<\/p>\n","protected":false},"author":2,"featured_media":0,"comment_status":"closed","ping_status":"closed","sticky":false,"template":"","format":"standard","meta":{"advgb_blocks_editor_width":"","advgb_blocks_columns_visual_guide":"","footnotes":""},"categories":[34],"tags":[35],"class_list":["post-72853","post","type-post","status-publish","format-standard","hentry","category-g1","tag-g1"],"author_meta":{"display_name":"g1 &gt; Para\u00edba","author_link":"https:\/\/sindaopcpb.org.br\/author\/g1-paraiba\/"},"featured_img":null,"coauthors":[],"tax_additional":{"categories":{"linked":["<a href=\"https:\/\/sindaopcpb.org.br\/g1\/\" class=\"advgb-post-tax-term\">G1<\/a>"],"unlinked":["<span class=\"advgb-post-tax-term\">G1<\/span>"]},"tags":{"linked":["<a href=\"https:\/\/sindaopcpb.org.br\/g1\/\" class=\"advgb-post-tax-term\">g1<\/a>"],"unlinked":["<span class=\"advgb-post-tax-term\">g1<\/span>"]}},"comment_count":"0","relative_dates":{"created":"Publicado 5 horas atr\u00e1s","modified":"Atualizado 5 horas atr\u00e1s"},"absolute_dates":{"created":"Publicado em 31 de agosto de 2026","modified":"Atualizado em 31 de agosto de 2026"},"absolute_dates_time":{"created":"Publicado em 31 de agosto de 2026 18:35","modified":"Atualizado em 31 de agosto de 2026 18:35"},"featured_img_caption":"","series_order":"","_links":{"self":[{"href":"https:\/\/sindaopcpb.org.br\/index.php\/wp-json\/wp\/v2\/posts\/72853","targetHints":{"allow":["GET"]}}],"collection":[{"href":"https:\/\/sindaopcpb.org.br\/index.php\/wp-json\/wp\/v2\/posts"}],"about":[{"href":"https:\/\/sindaopcpb.org.br\/index.php\/wp-json\/wp\/v2\/types\/post"}],"author":[{"embeddable":true,"href":"https:\/\/sindaopcpb.org.br\/index.php\/wp-json\/wp\/v2\/users\/2"}],"replies":[{"embeddable":true,"href":"https:\/\/sindaopcpb.org.br\/index.php\/wp-json\/wp\/v2\/comments?post=72853"}],"version-history":[{"count":1,"href":"https:\/\/sindaopcpb.org.br\/index.php\/wp-json\/wp\/v2\/posts\/72853\/revisions"}],"predecessor-version":[{"id":72854,"href":"https:\/\/sindaopcpb.org.br\/index.php\/wp-json\/wp\/v2\/posts\/72853\/revisions\/72854"}],"wp:attachment":[{"href":"https:\/\/sindaopcpb.org.br\/index.php\/wp-json\/wp\/v2\/media?parent=72853"}],"wp:term":[{"taxonomy":"category","embeddable":true,"href":"https:\/\/sindaopcpb.org.br\/index.php\/wp-json\/wp\/v2\/categories?post=72853"},{"taxonomy":"post_tag","embeddable":true,"href":"https:\/\/sindaopcpb.org.br\/index.php\/wp-json\/wp\/v2\/tags?post=72853"}],"curies":[{"name":"wp","href":"https:\/\/api.w.org\/{rel}","templated":true}]}}