{"id":72851,"date":"2026-08-31T18:43:30","date_gmt":"2026-08-31T21:43:30","guid":{"rendered":"https:\/\/g1.globo.com\/pb\/paraiba\/noticia\/2026\/08\/31\/programacao-da-rota-cultural-raizes-do-brejo-2026-na-pb-e-divulgada.ghtml"},"modified":"2026-08-31T18:43:30","modified_gmt":"2026-08-31T21:43:30","slug":"programacao-da-rota-cultural-raizes-do-brejo-2026-na-pb-e-divulgada","status":"publish","type":"post","link":"https:\/\/sindaopcpb.org.br\/index.php\/2026\/08\/31\/programacao-da-rota-cultural-raizes-do-brejo-2026-na-pb-e-divulgada\/","title":{"rendered":"Programa\u00e7\u00e3o da Rota Cultural Ra\u00edzes do Brejo 2026, na PB, \u00e9 divulgada"},"content":{"rendered":"   <img src=\"https:\/\/s2-g1.glbimg.com\/77ruGrIc7NNxmK9Cr4KiPDnU3pA=\/i.s3.glbimg.com\/v1\/AUTH_59edd422c0c84a879bd37670ae4f538a\/internal_photos\/bs\/2019\/M\/K\/6G6Ch7Qj6SleoC42KZZw\/serra-da-raiz.jpg\" \/><br \/>     Rota Cultural Ra\u00edzes do Brejo 2019 chega em Serra da Raiz, PB, nesta sexta-feira\nPrefeitura Municipal Serra da Ra\u00edz\/Reprodu\u00e7\u00e3o\/Facebook\nFoi divulgada a programa\u00e7\u00e3o oficial da Rota Cultural Ra\u00edzes do Brejo 2026 nesta segunda-feira (31), que deve passar por dez cidades da Para\u00edba. O evento que \u00e9 gratuito ter\u00e1 atividades culturais at\u00e9 dezembro deste ano. A primeira cidade a receber a programa\u00e7\u00e3o ser\u00e1 Serra da Raiz, a partir de 8 de outubro.\n\u2705 Clique aqui para seguir o canal do g1 PB no WhatsApp\nO Ra\u00edzes do Brejo 2026 vai passar por cidades como Serra da Raiz, Lagoa de Dentro, Alagoinha, Juarez T\u00e1vora, Dona In\u00eas, Guarabira, Pirpirituba, Bel\u00e9m, Pil\u00f5ezinhos e Duas Estradas. Esta ser\u00e1 a 8\u00aa edi\u00e7\u00e3o do evento, que tem como objetivo valorizar a cultura local e impulsionar o turismo na regi\u00e3o.\nA programa\u00e7\u00e3o do evento inclui apresenta\u00e7\u00f5es musicais, al\u00e9m de exposi\u00e7\u00f5es de artesanato, gastronomia, teatro e dan\u00e7a. \nAs atra\u00e7\u00f5es de cada cidade ainda ser\u00e3o divulgadas. At\u00e9 o momento, foram divulgadas somente as datas em que a rota cultural deve passar por cada munic\u00edpio.\nAgora no g1\nRota Ra\u00edzes do Brejo 2026\nSerra da Raiz: 8 a 11 de outubro\nLagoa de Dentro: 15 a 18 de outubro\nAlagoinha: 29 de outubro a 1 de novembro\nJuarez T\u00e1vora: 5 a 8 de novembro\nDona In\u00eas: 12 a 15 de novembro\nGuarabira: 19 a 22 de novembro\nPirpirituba: 26 a 29 de novembro\nBel\u00e9m: 3 a 6 de dezembro\nPil\u00f5ezinhos: 10 a 13 de dezembro\nDuas Estradas: 17 a 20 de dezembro \nV\u00eddeos mais assistidos do g1 Para\u00edba  ","protected":false},"excerpt":{"rendered":"<p>        Rota Cultural Ra\u00edzes do Brejo 2019 chega em Serra da Raiz, PB, nesta sexta-feira<br \/>\nPrefeitura Municipal Serra da Ra\u00edz\/Reprodu\u00e7\u00e3o\/Facebook<br \/>\nFoi divulgada a programa\u00e7\u00e3o oficial da Rota Cultural Ra\u00edzes do Brejo 2026 nesta segunda-feira (31), que deve&#8230;<\/p>\n","protected":false},"author":2,"featured_media":0,"comment_status":"closed","ping_status":"closed","sticky":false,"template":"","format":"standard","meta":{"advgb_blocks_editor_width":"","advgb_blocks_columns_visual_guide":"","footnotes":""},"categories":[34],"tags":[35],"class_list":["post-72851","post","type-post","status-publish","format-standard","hentry","category-g1","tag-g1"],"author_meta":{"display_name":"g1 &gt; Para\u00edba","author_link":"https:\/\/sindaopcpb.org.br\/author\/g1-paraiba\/"},"featured_img":null,"coauthors":[],"tax_additional":{"categories":{"linked":["<a href=\"https:\/\/sindaopcpb.org.br\/g1\/\" class=\"advgb-post-tax-term\">G1<\/a>"],"unlinked":["<span class=\"advgb-post-tax-term\">G1<\/span>"]},"tags":{"linked":["<a href=\"https:\/\/sindaopcpb.org.br\/g1\/\" class=\"advgb-post-tax-term\">g1<\/a>"],"unlinked":["<span class=\"advgb-post-tax-term\">g1<\/span>"]}},"comment_count":"0","relative_dates":{"created":"Publicado 5 horas atr\u00e1s","modified":"Atualizado 5 horas atr\u00e1s"},"absolute_dates":{"created":"Publicado em 31 de agosto de 2026","modified":"Atualizado em 31 de agosto de 2026"},"absolute_dates_time":{"created":"Publicado em 31 de agosto de 2026 18:43","modified":"Atualizado em 31 de agosto de 2026 18:43"},"featured_img_caption":"","series_order":"","_links":{"self":[{"href":"https:\/\/sindaopcpb.org.br\/index.php\/wp-json\/wp\/v2\/posts\/72851","targetHints":{"allow":["GET"]}}],"collection":[{"href":"https:\/\/sindaopcpb.org.br\/index.php\/wp-json\/wp\/v2\/posts"}],"about":[{"href":"https:\/\/sindaopcpb.org.br\/index.php\/wp-json\/wp\/v2\/types\/post"}],"author":[{"embeddable":true,"href":"https:\/\/sindaopcpb.org.br\/index.php\/wp-json\/wp\/v2\/users\/2"}],"replies":[{"embeddable":true,"href":"https:\/\/sindaopcpb.org.br\/index.php\/wp-json\/wp\/v2\/comments?post=72851"}],"version-history":[{"count":1,"href":"https:\/\/sindaopcpb.org.br\/index.php\/wp-json\/wp\/v2\/posts\/72851\/revisions"}],"predecessor-version":[{"id":72852,"href":"https:\/\/sindaopcpb.org.br\/index.php\/wp-json\/wp\/v2\/posts\/72851\/revisions\/72852"}],"wp:attachment":[{"href":"https:\/\/sindaopcpb.org.br\/index.php\/wp-json\/wp\/v2\/media?parent=72851"}],"wp:term":[{"taxonomy":"category","embeddable":true,"href":"https:\/\/sindaopcpb.org.br\/index.php\/wp-json\/wp\/v2\/categories?post=72851"},{"taxonomy":"post_tag","embeddable":true,"href":"https:\/\/sindaopcpb.org.br\/index.php\/wp-json\/wp\/v2\/tags?post=72851"}],"curies":[{"name":"wp","href":"https:\/\/api.w.org\/{rel}","templated":true}]}}